{"id":284217,"date":"2025-07-30T11:47:15","date_gmt":"2025-07-30T11:47:15","guid":{"rendered":"https:\/\/www.europesays.com\/fr\/284217\/"},"modified":"2025-07-30T11:47:15","modified_gmt":"2025-07-30T11:47:15","slug":"comme-une-bouffee-dadrenaline-les-nuits-electriques-du-photographe-chasseur-dorages","status":"publish","type":"post","link":"https:\/\/www.europesays.com\/fr\/284217\/","title":{"rendered":"\u00ab\u00a0Comme une bouff\u00e9e d\u2019adr\u00e9naline\u00a0\u00bb\u00a0: les nuits \u00e9lectriques du photographe chasseur d\u2019orages"},"content":{"rendered":"<p>        <img decoding=\"async\" id=\"25097009\" src=\"https:\/\/www.europesays.com\/fr\/wp-content\/uploads\/2025\/07\/20230810064357-lc09.jpg\" alt=\"Voil\u00e0 la photo qu\u2019il a choisie pour illustrer son travail.\" itemprop=\"contentURL\"\/><\/p>\n<p>    Voil\u00e0 la photo qu\u2019il a choisie pour illustrer son travail.<\/p>\n<p>Nicolas M\u00e9rignac<\/p>\n<p>Sa fascination remonte \u00e0 l\u2019enfance. \u00ab\u00a0Je devais avoir cinq ou six ans. J\u2019ai \u00e9t\u00e9 t\u00e9moin d\u2019un \u201cdust devil\u201d, un tourbillon de poussi\u00e8re. J\u2019ai \u00e9t\u00e9 irr\u00e9sistiblement attir\u00e9 par le ph\u00e9nom\u00e8ne.\u00a0\u00bb Quelques nuits en campings  ont renforc\u00e9 cette passion naissante. \u00ab\u00a0J\u2019avais toujours tr\u00e8s envie de sortir quand le ciel grondait\u00a0\u00bb.<\/p>\n<p>    La r\u00e9daction vous conseille<\/p>\n<p>Au fil des ann\u00e9es et des exp\u00e9ditions, l\u2019attrait pour le ciel en furie ne l\u2019a jamais quitt\u00e9. Toujours \u00e0 l\u2019aff\u00fbt, arm\u00e9 d\u2019abord d\u2019un bridge puis d\u2019un reflex canon. \u00ab\u00a0Je reste captiv\u00e9 par la puissance que d\u00e9gagent les orages.\u00a0\u00bb \u00c9bahi aussi par l\u2019esth\u00e9tique de ces instants, \u00ab\u00a0les couleurs changeantes\u00a0\u00bb.<\/p>\n<blockquote><p>\u00ab\u00a0Des impacts sont tomb\u00e9s \u00e0 moins de 100 m\u00e8tres de moi. J\u2019ai remball\u00e9 vite fait.\u00a0\u00bb<\/p><\/blockquote>\n<p>A la premi\u00e8re menace du ciel, il s\u2019installe sur les hauteurs de Douzat. Vision \u00e0 360 degr\u00e9s. \u00ab\u00a0Je me d\u00e9place aussi pour \u00eatre au bon endroit, au bon moment. Je sais o\u00f9 aller gr\u00e2ce \u00e0 des applis qui r\u00e9pertorient les ph\u00e9nom\u00e8nes en temps r\u00e9\u00e9l\u00a0\u00bb.<\/p>\n<p>        <img decoding=\"async\" id=\"25363102\" src=\"https:\/\/www.europesays.com\/fr\/wp-content\/uploads\/2025\/07\/rouillllllllac.jpg\" alt=\"Une supercellule. Un jour, sur la route de Roullac.\" itemprop=\"contentURL\"\/><\/p>\n<p>    Une supercellule. Un jour, sur la route de Roullac.<\/p>\n<p>Nicolas M\u00e9rignac<\/p>\n<p>    Il carbure \u00e0 l\u2019adr\u00e9naline<\/p>\n<p>Ce qui le fait courir, \u00ab\u00a0c\u2019est l\u2019adr\u00e9naline\u00a0\u00bb. Mais hors de question de jouer les casse-cou, assure-t-il. \u00ab\u00a0Je ne prends jamais de risques pour ma vie.\u00a0\u00bb En 2014, il conna\u00eet l\u2019un de ses plus grands frissons\u00a0: \u00ab\u00a0Une supercellule arrivait sur la route de Rouillac. Le vent s\u2019est mis \u00e0 souffler tr\u00e8s fort, des rafales \u00e0 160\u00a0km\/h. Comme au milieu d\u2019une temp\u00eate.\u00a0\u00bb<\/p>\n<p>    La r\u00e9daction vous conseille<\/p>\n<p>\u00ab\u00a0Une ou deux fois\u00a0\u00bb, se souvient-il, il a vraiment eu peur. \u00ab\u00a0C\u2019\u00e9tait en 2017 ou 2018, des impacts sont tomb\u00e9s \u00e0 moins de 100 m\u00e8tres de moi\u00a0\u00bb. Pour limiter les dangers, Nicolas M\u00e9rignac choisit ses spots avec m\u00e9thode. <\/p>\n<p>    La r\u00e9daction vous conseille<\/p>\n<p>\u00ab\u00a0Je me mets dans un endroit d\u00e9gag\u00e9, sans arbre ni poteau \u00e9lectrique\u00a0\u00bb. Son r\u00eave\u00a0? \u00ab\u00a0Aller un jour au Texas ou en Oklahoma.\u00a0\u00bb Le chasseur d\u2019orages pourrait bien y devenir traqueur de tornades.<\/p>\n<p>        <img decoding=\"async\" id=\"25363691\" src=\"https:\/\/www.europesays.com\/fr\/wp-content\/uploads\/2025\/07\/1753876035_465_clic-clac.jpg\" itemprop=\"contentURL\"\/><\/p>\n<p>\n        C\u2019est sa photo pr\u00e9f\u00e9r\u00e9e. Parmi les milliers de clich\u00e9s r\u00e9alis\u00e9s par Nicolas M\u00e9rignac les jours et les nuits d\u2019orage, il a choisi ce paysage dramatique, presque irr\u00e9el, transperc\u00e9 par un \u00e9clair de foudre d\u2019une puissance hypnotique. En bas de l\u2019image, la ligne sombre des arbres et des buissons d\u00e9coupe l\u2019horizon, discr\u00e8te mais essentielle. Au-dessus, le ciel se d\u00e9cha\u00eene, \u00e9pais, tourment\u00e9, charg\u00e9 de nuages violac\u00e9s et gris. Juste au niveau de l\u2019horizon, l\u2019\u00e9clair embrase l\u2019atmosph\u00e8re d\u2019une lumi\u00e8re blanche \u00e9clatante. Autour, les teintes orang\u00e9es et ros\u00e9es du soleil couchant se m\u00ealent aux \u00e9clats \u00e9lectriques. Un contraste violent. L\u2019orage dans toute sa majest\u00e9, captur\u00e9 au moment parfait.<\/p>\n","protected":false},"excerpt":{"rendered":"Voil\u00e0 la photo qu\u2019il a choisie pour illustrer son travail. Nicolas M\u00e9rignac Sa fascination remonte \u00e0 l\u2019enfance. \u00ab\u00a0Je&hellip;\n","protected":false},"author":2,"featured_media":284218,"comment_status":"","ping_status":"","sticky":false,"template":"","format":"standard","meta":{"footnotes":""},"categories":[1358],"tags":[1348,1384,1385,1386,58,59,1011,27],"class_list":{"0":"post-284217","1":"post","2":"type-post","3":"status-publish","4":"format-standard","5":"has-post-thumbnail","7":"category-arts-et-design","8":"tag-arts","9":"tag-arts-and-design","10":"tag-arts-et-design","11":"tag-design","12":"tag-divertissement","13":"tag-entertainment","14":"tag-fr","15":"tag-france"},"share_on_mastodon":{"url":"https:\/\/pubeurope.com\/@fr\/114942027183029246","error":""},"_links":{"self":[{"href":"https:\/\/www.europesays.com\/fr\/wp-json\/wp\/v2\/posts\/284217","targetHints":{"allow":["GET"]}}],"collection":[{"href":"https:\/\/www.europesays.com\/fr\/wp-json\/wp\/v2\/posts"}],"about":[{"href":"https:\/\/www.europesays.com\/fr\/wp-json\/wp\/v2\/types\/post"}],"author":[{"embeddable":true,"href":"https:\/\/www.europesays.com\/fr\/wp-json\/wp\/v2\/users\/2"}],"replies":[{"embeddable":true,"href":"https:\/\/www.europesays.com\/fr\/wp-json\/wp\/v2\/comments?post=284217"}],"version-history":[{"count":0,"href":"https:\/\/www.europesays.com\/fr\/wp-json\/wp\/v2\/posts\/284217\/revisions"}],"wp:featuredmedia":[{"embeddable":true,"href":"https:\/\/www.europesays.com\/fr\/wp-json\/wp\/v2\/media\/284218"}],"wp:attachment":[{"href":"https:\/\/www.europesays.com\/fr\/wp-json\/wp\/v2\/media?parent=284217"}],"wp:term":[{"taxonomy":"category","embeddable":true,"href":"https:\/\/www.europesays.com\/fr\/wp-json\/wp\/v2\/categories?post=284217"},{"taxonomy":"post_tag","embeddable":true,"href":"https:\/\/www.europesays.com\/fr\/wp-json\/wp\/v2\/tags?post=284217"}],"curies":[{"name":"wp","href":"https:\/\/api.w.org\/{rel}","templated":true}]}}