{"id":284221,"date":"2025-07-30T11:49:11","date_gmt":"2025-07-30T11:49:11","guid":{"rendered":"https:\/\/www.europesays.com\/fr\/284221\/"},"modified":"2025-07-30T11:49:11","modified_gmt":"2025-07-30T11:49:11","slug":"mort-de-stephane-bertheau-candidat-de-la-premiere-saison","status":"publish","type":"post","link":"https:\/\/www.europesays.com\/fr\/284221\/","title":{"rendered":"mort de St\u00e9phane Bertheau, candidat de la premi\u00e8re saison"},"content":{"rendered":"<p>La grande famille de \u00ab\u00a0Koh-Lanta\u00a0\u00bb est en deuil. Lundi soir, Amel Fatnassi, gagnante de la saison 2, a annonc\u00e9 sur son compte Instagram le d\u00e9c\u00e8s de St\u00e9phane Bertheau \u00e0 l&rsquo;\u00e2ge de 48 ans, rapporte<a href=\"https:\/\/tvmag.lefigaro.fr\/programme-tv\/tele-realite\/mort-de-stephane-bertheau-un-ancien-candidat-de-koh-lanta-a-l-age-de-48-ans-20250730\" target=\"_blank\" rel=\"noopener\"> Le Figaro. <\/a>L&rsquo;ancien candidat de <a href=\"https:\/\/www.laprovence.com\/article\/culture-loisirs\/9068025305905\/koh-lanta-3-provencaux-le-plus-gros-bluff-de-lhistoire-du-jeu-ce-quil-faut-savoir-sur-la-nouvelle-saison\" target=\"_blank\" rel=\"noopener\">Koh-Lanta <\/a>est mort \u00e0 l&rsquo;\u00e2ge de 48 ans, il\u00a0avait particip\u00e9 en 2001 \u00e0 la toute premi\u00e8re saison de l&rsquo;\u00e9mission sur l&rsquo;\u00eele de Ko Lanta en Tha\u00eflande.<\/p>\n<p>\u00c9limin\u00e9 apr\u00e8s 25 jours d&rsquo;aventure, il avait poursuivi une carri\u00e8re dans l&rsquo;audiovisuel, indique Adventure Line Productions, qui produit le programme de TF1 et qui a publi\u00e9 un communiqu\u00e9 pour annoncer la mort de St\u00e9phane Bertheau.\u00a0<\/p>\n<p>Selon\u00a0TV Magazine, l&rsquo;ancien candidat avait travaill\u00e9 pour divers programmes de divertissement sur les cha\u00eenes C8, TPS Star ou encore France 3. Il avait aussi lanc\u00e9 sa propre agence de marketing.<\/p>\n<p>Hommage sur les r\u00e9seaux sociaux<\/p>\n<p>\u00ab\u00a0Mon cher St\u00e9phane, je n&rsquo;arrive toujours pas \u00e0 r\u00e9aliser. Et pourtant, \u00e7a fait plusieurs jours que tu n&rsquo;es plus parmi nous\u00a0\u00ab\u00a0, \u00e9crit Amel Fatnassi. \u00ab\u00a0Ce n&rsquo;est pas juste, ce d\u00e9part pr\u00e9matur\u00e9\u2026 Repose en paix. \u00c9clate-toi bien l\u00e0-haut. Tu vas me\/nous manquer.\u00a0\u00bb<\/p>\n<p>Les circonstances de sa disparition ne sont pas pr\u00e9cis\u00e9es.<\/p>\n","protected":false},"excerpt":{"rendered":"La grande famille de \u00ab\u00a0Koh-Lanta\u00a0\u00bb est en deuil. Lundi soir, Amel Fatnassi, gagnante de la saison 2, a&hellip;\n","protected":false},"author":2,"featured_media":284222,"comment_status":"","ping_status":"","sticky":false,"template":"","format":"standard","meta":{"footnotes":""},"categories":[1356],"tags":[17,42334,426,58,59,274,1011,27,680,18,3051,3242,32006,252,1364],"class_list":{"0":"post-284221","1":"post","2":"type-post","3":"status-publish","4":"format-standard","5":"has-post-thumbnail","7":"category-television","8":"tag-17","9":"tag-bertheau","10":"tag-candidat","11":"tag-divertissement","12":"tag-entertainment","13":"tag-faits-divers-justice","14":"tag-fr","15":"tag-france","16":"tag-koh-lanta","17":"tag-mort","18":"tag-premiere","19":"tag-saison","20":"tag-stephane","21":"tag-television","22":"tag-tv"},"share_on_mastodon":{"url":"https:\/\/pubeurope.com\/@fr\/114942035219013266","error":""},"_links":{"self":[{"href":"https:\/\/www.europesays.com\/fr\/wp-json\/wp\/v2\/posts\/284221","targetHints":{"allow":["GET"]}}],"collection":[{"href":"https:\/\/www.europesays.com\/fr\/wp-json\/wp\/v2\/posts"}],"about":[{"href":"https:\/\/www.europesays.com\/fr\/wp-json\/wp\/v2\/types\/post"}],"author":[{"embeddable":true,"href":"https:\/\/www.europesays.com\/fr\/wp-json\/wp\/v2\/users\/2"}],"replies":[{"embeddable":true,"href":"https:\/\/www.europesays.com\/fr\/wp-json\/wp\/v2\/comments?post=284221"}],"version-history":[{"count":0,"href":"https:\/\/www.europesays.com\/fr\/wp-json\/wp\/v2\/posts\/284221\/revisions"}],"wp:featuredmedia":[{"embeddable":true,"href":"https:\/\/www.europesays.com\/fr\/wp-json\/wp\/v2\/media\/284222"}],"wp:attachment":[{"href":"https:\/\/www.europesays.com\/fr\/wp-json\/wp\/v2\/media?parent=284221"}],"wp:term":[{"taxonomy":"category","embeddable":true,"href":"https:\/\/www.europesays.com\/fr\/wp-json\/wp\/v2\/categories?post=284221"},{"taxonomy":"post_tag","embeddable":true,"href":"https:\/\/www.europesays.com\/fr\/wp-json\/wp\/v2\/tags?post=284221"}],"curies":[{"name":"wp","href":"https:\/\/api.w.org\/{rel}","templated":true}]}}