{"id":284223,"date":"2025-07-30T11:50:14","date_gmt":"2025-07-30T11:50:14","guid":{"rendered":"https:\/\/www.europesays.com\/fr\/284223\/"},"modified":"2025-07-30T11:50:14","modified_gmt":"2025-07-30T11:50:14","slug":"vianney-dans-les-flammes-le-chanteur-poste-une-photo-impressionnante","status":"publish","type":"post","link":"https:\/\/www.europesays.com\/fr\/284223\/","title":{"rendered":"Vianney dans les flammes\u00a0: le chanteur poste une photo impressionnante"},"content":{"rendered":"<p>      R\u00e9sum\u00e9<\/p>\n<p>Il y a un mois, Vianney s\u2019est isol\u00e9 en pleine nature pour construire une cabane et travailler sur son prochain album. Ce 30 juillet, \u00e0 17 heures, le chanteur d\u00e9voilera sur Youtube une vid\u00e9o montrant l&rsquo;avanc\u00e9e des travaux. <\/p>\n<p>        Sommaire<\/p>\n<p>En octobre\u00a02021, Vianney a annonc\u00e9 <strong>l&rsquo;heureuse nouvelle \u00e0 ses abonn\u00e9s<\/strong> sur Instagram. <a href=\"https:\/\/www.public.fr\/vianney-apres-avoir-arrete-la-musique-il-sisole-dans-une-cabane-dans-les-bois-que-se-passe-t-il\" target=\"_blank\" rel=\"noopener\">Le chanteur de 34 ans<\/a> est devenu p\u00e8re de famille pour la premi\u00e8re fois. Un petit gar\u00e7on pr\u00e9nomm\u00e9 <strong>Edgar <\/strong>qui, depuis, cette date le comble de bonheur. Bien que <strong>passionn\u00e9 par son m\u00e9tier<\/strong> et ravi d&rsquo;arpenter les routes de France depuis des ann\u00e9es afin de se produire devant ses fans, <strong><a href=\"https:\/\/www.public.fr\/vianney-sa-nouvelle-vie-de-charpentier-nest-pas-sans-danger\" target=\"_blank\" rel=\"noopener\">l&rsquo;artiste<\/a> a d\u00e9cid\u00e9 de lever le pied <\/strong>afin de profiter au maximum des siens et voir son b\u00e9b\u00e9 grandir.<\/p>\n<p>Ainsi, pendant un temps, <a href=\"https:\/\/www.public.fr\/the-voice-vianney-claque-la-porte-pour-de-bon\" target=\"_blank\" rel=\"noopener\">le natif de Pau<\/a> a choisi de ne plus partir en tourn\u00e9e. Toutefois, cela ne signifie pas qu&rsquo;il a disparu des \u00e9crans radars. Preuve en est, en d\u00e9cembre\u00a02024,<a href=\"https:\/\/www.public.fr\/a-bientot-vianney-annonce-quil-va-senfermer-un-moment-dans-une-cabane-sans-sa-femme-et-son-fils\" target=\"_blank\" rel=\"noopener\"> l&rsquo;ex-scout<\/a> interpr\u00e9tait un sublime Hallelujah \u00e0 l&rsquo;occasion de la <strong>r\u00e9ouverture de Notre-Dame<\/strong> \u00e0 Paris. Coach lors de la derni\u00e8re saison de \u00ab\u00a0The Voice\u00a0\u00bb sur TF1, Vianney a inaugur\u00e9 <a href=\"https:\/\/www.public.fr\/vianney-pas-super-a-laise-au-musee-grevin-ce-quil-pense-vraiment-de-sa-statue-de-cire\" target=\"_blank\" rel=\"noopener\">sa statue de cire au mus\u00e9e Gr\u00e9vin<\/a> et a m\u00eame \u00e9crit une chanson pour Florent Pagny intitul\u00e9e T&rsquo;aimer encore.<\/p>\n<p>Toutefois, <strong>depuis le 23\u00a0juin<\/strong>, un autre projet anime <a href=\"https:\/\/www.public.fr\/vianney-delaisse-femme-et-enfants-pour-un-diner-en-tres-tres-bonne-compagnie\" target=\"_blank\" rel=\"noopener\">l&rsquo;interpr\u00e8te de Pas l\u00e0<\/a>. Justement, si vous le cherchez, sachez qu&rsquo;il se trouve actuellement en pleine nature. En effet, ce jour-l\u00e0, sur Instagram, il annon\u00e7ait se retirer de toute forme de civilisation \u00ab\u00a0<strong>pour faire une cabane, seul et en silence<\/strong>\u00ab\u00a0. L&rsquo;objectif\u00a0? S&rsquo;y \u00ab\u00a0enfermer\u00a0\u00bb cet hiver \u00ab\u00a0pour fabriquer de nouvelles chansons\u00a0\u00bb.<\/p>\n<p>Vianney\u00a0: sa cabane prend forme apr\u00e8s plusieurs semaines de travaux<\/p>\n<p><strong>Plut\u00f4t actif sur Instagram<\/strong>, le compagnon de la violoncelliste Catherine Robert l&rsquo;est beaucoup moins sur son propre canal. La derni\u00e8re fois qu&rsquo;il y a \u00e9crit quelques mots <strong>c&rsquo;\u00e9tait le 1er\u00a0mai dernier<\/strong> lors de la sortie du single \u00e9crit pour Florent Pagny. Inutile de dire qu&rsquo;en relan\u00e7ant la discussion ce 29\u00a0juillet, ses fans \u00e9taient \u00e0 l&rsquo;aff\u00fbt. Ainsi, <a href=\"https:\/\/www.google.com\/url?sa=t&amp;source=web&amp;rct=j&amp;opi=89978449&amp;url=https:\/\/vsd.fr\/83098-vianney-la-verite-sur-the-voice-emission-dont-il-prefere-tourner-la-page\/&amp;ved=2ahUKEwj6ipPDsuSOAxWeVKQEHUHpN-MQFnoECBYQAQ&amp;usg=AOvVaw3ogLUbSEAlNpnP1Il9FLWZ\" target=\"_blank\" rel=\"noopener\">l&rsquo;ami de Kendji Girac <\/a>a \u00e9voqu\u00e9 <strong>l&rsquo;avancement des travaux<\/strong>. D&rsquo;ailleurs, bonne nouvelle\u2026 \u00c0 cette occasion, il l&rsquo;a assur\u00e9\u00a0: \u00ab\u00a0Il est temps. Demain \u00e0 17\u00a0heures, je vous partage sur YouTube le <strong>premier \u00e9pisode de ma construction de cabane<\/strong>\u00ab\u00a0. <\/p>\n<p>Un message accompagn\u00e9 d&rsquo;une photo qui prouve que <a href=\"https:\/\/www.google.com\/url?sa=t&amp;source=web&amp;rct=j&amp;opi=89978449&amp;url=https:\/\/vsd.fr\/58572-jen-parle-souvent-a-ma-femme-vianney-fait-de-rares-confidences-sur-son-fils-de-deux-ans-et-sa-difference\/&amp;ved=2ahUKEwj6ipPDsuSOAxWeVKQEHUHpN-MQFnoECBcQAQ&amp;usg=AOvVaw09_Xw5cxjddusZxTa2MhJd\" target=\"_blank\" rel=\"noopener\">le membre des Enfoir\u00e9s<\/a> n&rsquo;a pas froid aux yeux. En effet, sur cette photo, on peut l&rsquo;imaginer <strong>de dos derri\u00e8re un \u00e9norme brasier<\/strong>. Sans aucun doute, la vid\u00e9o qui sera d\u00e9voil\u00e9e ce jour promet d&rsquo;\u00eatre impressionnante. <\/p>\n<p><img loading=\"lazy\" decoding=\"async\" width=\"529\" height=\"1024\" src=\"https:\/\/www.europesays.com\/fr\/wp-content\/uploads\/2025\/07\/WhatsApp-Image-2025-07-30-at-10.16.33-529x1024.jpg\" alt=\"Vianney dans les flammes : le chanteur poste une photo impressionnante\"  \/><\/p>\n<p>Capture Instagram Vianney<\/p>\n<p>Demeure une question\u00a0: mais au fait, pourquoi Vianney a-t-il d\u00e9cid\u00e9 de construire une cabane\u00a0? Pourquoi s&rsquo;est-il lanc\u00e9 dans <strong>ce projet fou<\/strong>\u00a0? Est-ce <strong>uniquement pour prendre du recul\u00a0? Par amour pour la nature\u00a0? <\/strong>Selon nos confr\u00e8res de Voici dans leur \u00e9dition du 25\u00a0juillet, <a href=\"https:\/\/www.public.fr\/vianney-apres-avoir-arrete-la-musique-il-sisole-dans-une-cabane-dans-les-bois-que-se-passe-t-il\" target=\"_blank\" rel=\"noopener\">le compositeur<\/a> serait en r\u00e9alit\u00e9 <strong>entour\u00e9 de cam\u00e9ras. <\/strong>Selon le magazine, il \u00ab\u00a0<strong>pr\u00e9pare un documentaire pour Prime Vid\u00e9o<\/strong> qui le suivra dans l\u2019\u00e9criture de son nouvel album dans la nature\u00a0\u00bb. Affaire \u00e0 suivre donc\u2026<\/p>\n<p>      Mentionn\u00e9s dans cet article<\/p>\n<p>\u00c0 lire aussi<\/p>\n","protected":false},"excerpt":{"rendered":"R\u00e9sum\u00e9 Il y a un mois, Vianney s\u2019est isol\u00e9 en pleine nature pour construire une cabane et travailler&hellip;\n","protected":false},"author":2,"featured_media":284224,"comment_status":"","ping_status":"","sticky":false,"template":"","format":"standard","meta":{"footnotes":""},"categories":[1355],"tags":[1695,5551,1696,58,59,1312,1011,27,1361,873,8475],"class_list":{"0":"post-284223","1":"post","2":"type-post","3":"status-publish","4":"format-standard","5":"has-post-thumbnail","7":"category-musique","8":"tag-chanson","9":"tag-chanson-francaise","10":"tag-chanteur","11":"tag-divertissement","12":"tag-entertainment","13":"tag-feu","14":"tag-fr","15":"tag-france","16":"tag-music","17":"tag-musique","18":"tag-vianney"},"share_on_mastodon":{"url":"https:\/\/pubeurope.com\/@fr\/114942038898830270","error":""},"_links":{"self":[{"href":"https:\/\/www.europesays.com\/fr\/wp-json\/wp\/v2\/posts\/284223","targetHints":{"allow":["GET"]}}],"collection":[{"href":"https:\/\/www.europesays.com\/fr\/wp-json\/wp\/v2\/posts"}],"about":[{"href":"https:\/\/www.europesays.com\/fr\/wp-json\/wp\/v2\/types\/post"}],"author":[{"embeddable":true,"href":"https:\/\/www.europesays.com\/fr\/wp-json\/wp\/v2\/users\/2"}],"replies":[{"embeddable":true,"href":"https:\/\/www.europesays.com\/fr\/wp-json\/wp\/v2\/comments?post=284223"}],"version-history":[{"count":0,"href":"https:\/\/www.europesays.com\/fr\/wp-json\/wp\/v2\/posts\/284223\/revisions"}],"wp:featuredmedia":[{"embeddable":true,"href":"https:\/\/www.europesays.com\/fr\/wp-json\/wp\/v2\/media\/284224"}],"wp:attachment":[{"href":"https:\/\/www.europesays.com\/fr\/wp-json\/wp\/v2\/media?parent=284223"}],"wp:term":[{"taxonomy":"category","embeddable":true,"href":"https:\/\/www.europesays.com\/fr\/wp-json\/wp\/v2\/categories?post=284223"},{"taxonomy":"post_tag","embeddable":true,"href":"https:\/\/www.europesays.com\/fr\/wp-json\/wp\/v2\/tags?post=284223"}],"curies":[{"name":"wp","href":"https:\/\/api.w.org\/{rel}","templated":true}]}}