{"id":284230,"date":"2025-07-30T11:54:15","date_gmt":"2025-07-30T11:54:15","guid":{"rendered":"https:\/\/www.europesays.com\/fr\/284230\/"},"modified":"2025-07-30T11:54:15","modified_gmt":"2025-07-30T11:54:15","slug":"patrick-sebastien-accuse-dacte-sexuel-sur-scene-au-cap-dagde-lartiste-dement-et-evoque-une-fellation-mimee","status":"publish","type":"post","link":"https:\/\/www.europesays.com\/fr\/284230\/","title":{"rendered":"Patrick S\u00e9bastien accus\u00e9 d\u2019acte sexuel sur sc\u00e8ne au Cap d\u2019Agde\u00a0: l\u2019artiste d\u00e9ment et \u00e9voque une fellation \u00ab\u00a0mim\u00e9e\u00a0\u00bb"},"content":{"rendered":"<p class=\"paragraph text_align_left lp-f-body-02\">Ce mardi 22 juillet, plus de 2 000 personnes, dont des mineurs, \u00e9taient venues assister au show de <a href=\"https:\/\/www.leparisien.fr\/culture-loisirs\/tu-las-vu-mon-cul-cest-un-acte-de-resistance-patrick-sebastien-depasse-par-le-succes-de-sa-nouvelle-chanson-18-04-2025-2LLJSZRUNVF2NONQET4ZXFLU74.php\" target=\"_self\" rel=\"nofollow noopener\">Patrick S\u00e9bastien<\/a>, qui se produisait sur la sc\u00e8ne d\u2019un camping du Cap d\u2019Agde (H\u00e9rault), esp\u00e9rant passer un moment festif. Mais, selon <a href=\"https:\/\/www.mediapart.fr\/journal\/france\/290725\/au-cap-d-agde-devant-des-familles-patrick-sebastien-offre-une-fellation-en-guise-de?utm_source=article_offert&amp;utm_medium=email&amp;utm_campaign=TRANSAC&amp;utm_content=&amp;utm_term=&amp;xtor=EPR-1013-%5Barticle-offert%5D&amp;M_BT=1815004976199\" target=\"_self\" rel=\"nofollow noopener\">Mediapart<\/a>, qui s\u2019appuie sur des vid\u00e9os et des t\u00e9moignages de personnes issues du public, le chanteur aurait fait monter des jeunes femmes sur sc\u00e8ne au beau milieu de son spectacle et, apr\u00e8s que l\u2019une d\u2019entre elles a touch\u00e9 ostensiblement son sexe, il a sembl\u00e9 d\u00e9faire son pantalon et baisser un sous-v\u00eatement pour que la jeune femme en question s\u2019agenouille et \u00ab exerce <a href=\"https:\/\/www.leparisien.fr\/societe\/shows-obscenes-accusation-de-viol-comment-le-controverse-adrien-laurent-est-devenu-la-star-des-jeunes-22-03-2025-GJSFNBFXRVDXZGRPVQ72KLZJ4A.php\" target=\"_self\" rel=\"nofollow noopener\">un geste de succion<\/a> \u00bb, comme le d\u00e9crit Mediapart, pendant quelques secondes.<\/p>\n<p class=\"paragraph text_align_left lp-f-body-02\">Plusieurs messages de m\u00e9contentement auraient \u00e9t\u00e9 publi\u00e9s sur un groupe Facebook non public le lendemain du concert, r\u00e9unissant des centaines de r\u00e9sidents du village <a href=\"https:\/\/www.leparisien.fr\/societe\/la-nudite-ma-donne-confiance-en-ile-de-france-les-jeunes-culs-nus-reinventent-le-naturisme-24-08-2021-IWY5YCQC6VAAHBX7YBRRV3QQYE.php\" target=\"_self\" rel=\"nofollow noopener\">naturiste<\/a>, selon des captures d\u2019\u00e9cran consult\u00e9es par Mediapart. Des clients auraient \u00e9galement rapport\u00e9 \u00e0 la direction du camping avoir assist\u00e9 \u00e0 \u00ab un acte sexuel \u00bb.<\/p>\n<p>Le chanteur conteste \u00ab tout comportement d\u2019ordre sexuel \u00bb<\/p>\n<p class=\"paragraph text_align_left lp-f-body-02\">Contact\u00e9, Patrick S\u00e9bastien a renvoy\u00e9 le m\u00e9dia vers son avocat, Me Robin Binsard. L\u2019artiste affirme qu\u2019aucun acte sexuel n\u2019a eu lieu, qu\u2019il s\u2019agissait d\u2019une sc\u00e8ne \u00ab mim\u00e9e \u00bb et \u00ab conteste tout comportement d\u2019ordre sexuel \u00bb. L\u2019avocat assure que selon son client, l\u2019intervention de la spectatrice n\u2019\u00e9tait \u00ab ni pr\u00e9vue ni souhait\u00e9e \u00bb : \u00ab M. Patrick S\u00e9bastien a \u00e9t\u00e9 vivement surpris par le comportement de cette femme et n\u2019a pas manqu\u00e9 de mettre fin \u00e0 cette mise en sc\u00e8ne. \u00bb<\/p>\n<p class=\"paragraph text_align_left lp-f-body-02\">Robin Binsard maintient qu\u2019\u00ab aucune infraction n\u2019a \u00e9t\u00e9 commise \u00bb, \u00ab la seule faute \u00e9ventuelle \u00e9tant celle r\u00e9alis\u00e9e par cette femme du public \u00bb. L\u2019avocat a \u00e9galement indiqu\u00e9 que l\u2019ancien animateur \u00ab ignorait \u00bb que des mineurs \u00e9taient pr\u00e9sents.<\/p>\n<p>La direction du camping se r\u00e9serve \u00ab la possibilit\u00e9 de donner suite \u00e0 cet incident \u00bb<\/p>\n<p class=\"paragraph text_align_left lp-f-body-02\">La direction du camping \u00e0 quant \u00e0 elle pr\u00e9sent\u00e9 ses excuses \u00ab aux vacanciers qui ont \u00e9t\u00e9 t\u00e9moins de cet \u00e9pisode choquant \u00bb, reconnaissant qu\u2019\u00ab un comportement d\u2019ordre sexuel s\u2019\u00e9tait bri\u00e8vement produit, de mani\u00e8re totalement impr\u00e9visible \u00bb.<\/p>\n<p class=\"paragraph text_align_left lp-f-body-02\">\u00ab Ce d\u00e9rapage, auquel nos \u00e9quipes encadrantes n\u2019ont pas assist\u00e9 directement en raison de sa bri\u00e8vet\u00e9 et de l\u2019agitation sur sc\u00e8ne, a \u00e9t\u00e9 port\u00e9 \u00e0 notre connaissance le lendemain matin par certains vacanciers aupr\u00e8s des membres du personnel \u00bb, a-t-elle pr\u00e9cis\u00e9. Elle ajoute se \u00ab r\u00e9server la possibilit\u00e9 de donner toute suite \u00e0 cet incident qui lui para\u00eetrait requise \u00bb.<\/p>\n","protected":false},"excerpt":{"rendered":"Ce mardi 22 juillet, plus de 2 000 personnes, dont des mineurs, \u00e9taient venues assister au show de&hellip;\n","protected":false},"author":2,"featured_media":284231,"comment_status":"","ping_status":"","sticky":false,"template":"","format":"standard","meta":{"footnotes":""},"categories":[8],"tags":[872,58,59,118,1011,27],"class_list":{"0":"post-284230","1":"post","2":"type-post","3":"status-publish","4":"format-standard","5":"has-post-thumbnail","7":"category-divertissement","8":"tag-culture-et-loisirs","9":"tag-divertissement","10":"tag-entertainment","11":"tag-faits-divers","12":"tag-fr","13":"tag-france"},"share_on_mastodon":{"url":"https:\/\/pubeurope.com\/@fr\/114942054603448267","error":""},"_links":{"self":[{"href":"https:\/\/www.europesays.com\/fr\/wp-json\/wp\/v2\/posts\/284230","targetHints":{"allow":["GET"]}}],"collection":[{"href":"https:\/\/www.europesays.com\/fr\/wp-json\/wp\/v2\/posts"}],"about":[{"href":"https:\/\/www.europesays.com\/fr\/wp-json\/wp\/v2\/types\/post"}],"author":[{"embeddable":true,"href":"https:\/\/www.europesays.com\/fr\/wp-json\/wp\/v2\/users\/2"}],"replies":[{"embeddable":true,"href":"https:\/\/www.europesays.com\/fr\/wp-json\/wp\/v2\/comments?post=284230"}],"version-history":[{"count":0,"href":"https:\/\/www.europesays.com\/fr\/wp-json\/wp\/v2\/posts\/284230\/revisions"}],"wp:featuredmedia":[{"embeddable":true,"href":"https:\/\/www.europesays.com\/fr\/wp-json\/wp\/v2\/media\/284231"}],"wp:attachment":[{"href":"https:\/\/www.europesays.com\/fr\/wp-json\/wp\/v2\/media?parent=284230"}],"wp:term":[{"taxonomy":"category","embeddable":true,"href":"https:\/\/www.europesays.com\/fr\/wp-json\/wp\/v2\/categories?post=284230"},{"taxonomy":"post_tag","embeddable":true,"href":"https:\/\/www.europesays.com\/fr\/wp-json\/wp\/v2\/tags?post=284230"}],"curies":[{"name":"wp","href":"https:\/\/api.w.org\/{rel}","templated":true}]}}