{"id":284234,"date":"2025-07-30T11:56:14","date_gmt":"2025-07-30T11:56:14","guid":{"rendered":"https:\/\/www.europesays.com\/fr\/284234\/"},"modified":"2025-07-30T11:56:14","modified_gmt":"2025-07-30T11:56:14","slug":"explosion-des-factures-delectricite-compteurs-linky-livret-a-tout-ce-qui-change-au-1er-aout-2025","status":"publish","type":"post","link":"https:\/\/www.europesays.com\/fr\/284234\/","title":{"rendered":"Explosion des factures d&rsquo;\u00e9lectricit\u00e9, compteurs Linky, livret A\u2026 Tout ce qui change au 1er ao\u00fbt 2025"},"content":{"rendered":"<p>            Par<br \/>\n        <strong><br \/>\n            <a href=\"https:\/\/actu.fr\/auteur\/alexandra-segond\" title=\"Consulter tous les articles de Alexandra Segond\" target=\"_blank\" rel=\"noopener\">Alexandra Segond<\/a><br \/>\n        <\/strong><\/p>\n<p>        Publi\u00e9 le<\/p>\n<p>            30 juil. 2025 \u00e0 11h01        <\/p>\n<p>Apr\u00e8s l\u2019entr\u00e9e en vigueur de <a href=\"https:\/\/actu.fr\/societe\/plages-parcs-pres-des-ecoles-la-cigarette-sera-tres-bientot-interdite-dans-de-nombreux-lieux-publics_62705444.html\" target=\"_blank\" rel=\"noopener\">nouveaux espaces sans tabac<\/a> (tels que les plages, parcs et abribus), <a href=\"https:\/\/actu.fr\/planete\/habitat\/suspension-de-maprimerenov-vous-n-y-comprenez-plus-rien-date-dossiers-concernes-on-vous-explique-tout_62788789.html\" target=\"_blank\" rel=\"noopener\">la suspension du dispositif MaPrimeR\u00e9nov<\/a> ou encore <a href=\"https:\/\/actu.fr\/economie\/les-allocations-chomage-vont-etre-revalorisees-pour-des-millions-de-francais-voici-de-combien_62828161.html\" target=\"_blank\" rel=\"noopener\">la revalorisation des allocations ch\u00f4mage<\/a> en juillet, que <strong>nous r\u00e9serve le mois d\u2019ao\u00fbt\u00a02025<\/strong>\u2009?<\/p>\n<p class=\" wall-content\">Plusieurs changements sont effectivement attendus \u00e0 compter du 1er\u00a0ao\u00fbt, avec <strong>des cons\u00e9quences directes sur la vie quotidienne<\/strong> des Fran\u00e7ais. Tour d\u2019horizon.<\/p>\n<p>Baisse du taux du livret A<\/p>\n<p class=\" wall-content\">C\u2019est act\u00e9 <a href=\"https:\/\/actu.fr\/economie\/le-taux-du-livret-a-va-degringoler-au-1er-aout-voici-combien-vous-allez-perdre-en-2025-et-2026_62915975.html\" target=\"_blank\" rel=\"noopener\">depuis la mi-juillet<\/a>\u2009: <strong>le taux du livret A baisse<\/strong> bel et bien \u00e0 partir du 1er\u00a0ao\u00fbt 2025, passant de 2,4\u2009% \u00e0 1,7\u2009% en raison du niveau <a href=\"https:\/\/actu.fr\/tag\/inflation\" target=\"_blank\" rel=\"noopener\">d\u2019inflation<\/a> contenu au premier semestre.<\/p>\n<p class=\" wall-content\">Ce repli, <strong>in\u00e9dit par son ampleur depuis 2009<\/strong>, est le deuxi\u00e8me de l\u2019ann\u00e9e apr\u00e8s une premi\u00e8re diminution de 3\u2009% \u00e0 2,4\u2009% <a href=\"https:\/\/actu.fr\/economie\/epargne-le-taux-du-livret-a-devrait-etre-abaisse-a-2-4-a-partir-du-1er-fevrier_62118781.html\" target=\"_blank\" rel=\"noopener\">le 1er\u00a0f\u00e9vrier dernier<\/a>.<\/p>\n<p class=\" wall-content\">\n<p>Si notre infographie ne s\u2019affiche pas correctement, vous pouvez la consulter directement en ligne, <a href=\"https:\/\/public.flourish.studio\/visualisation\/24260548\/\" target=\"_blank\" rel=\"noopener\">en cliquant ici<\/a>.Baisse du taux du LEP<\/p>\n<p class=\" wall-content\">Comme le <a href=\"https:\/\/actu.fr\/societe\/livret-a-votre-compte-va-t-il-vraiment-etre-gele-et-vos-retraits-limites-attention-a-ces-rumeurs_62552996.html\" target=\"_blank\" rel=\"noopener\">livret A<\/a>, le taux d\u2019int\u00e9r\u00eat annuel du <strong>livret d\u2019\u00e9pargne populaire<\/strong> (LEP) est abaiss\u00e9 \u00e0 partir du 1er\u00a0ao\u00fbt 2025. De 3,5\u2009% entre le 1er\u00a0f\u00e9vrier et le 31\u00a0juillet 2025, il descend ensuite \u00e0 <strong>2,7\u2009%<\/strong>, <a href=\"https:\/\/www.service-public.fr\/particuliers\/actualites\/A18000\" target=\"_blank\" rel=\"noopener\">rapporte le site de l\u2019administration publique<\/a>.<\/p>\n<blockquote class=\"ac-article-quote wall-content\">\n<p>Concernant le LEP, son calcul d\u00e9rogera \u00e0 la formule r\u00e9glementaire afin de limiter la baisse de ce produit d\u2019\u00e9pargne r\u00e9serv\u00e9 aux m\u00e9nages les plus modestes. Il b\u00e9n\u00e9ficie d\u2019un \u00ab\u00a0coup de pouce\u00a0\u00bb alors que la formule pr\u00e9voyait une baisse \u00e0 2,2%.<\/p>\n<p>    <strong>Service-public.fr<\/strong>\n            <\/p><\/blockquote>\n<p>Versement de l\u2019ARS<\/p>\n<p class=\" wall-content\">Bonne nouvelle pour le porte-monnaie de pr\u00e8s de trois millions de <a href=\"https:\/\/actu.fr\/tag\/famille\" target=\"_blank\" rel=\"noopener\">familles<\/a> en France\u2009: comme de coutume, <strong>l\u2019allocation de rentr\u00e9e scolaire<\/strong> (ARS) est vers\u00e9e en ao\u00fbt, afin de soutenir les d\u00e9penses des parents \u00e0 l\u2019approche du retour \u00e0 <a href=\"https:\/\/actu.fr\/tag\/ecoles\" target=\"_blank\" rel=\"noopener\">l\u2019\u00e9cole<\/a>.<\/p>\n<p>    <img   decoding=\"async\" loading=\"lazy\" src=\"https:\/\/www.europesays.com\/fr\/wp-content\/uploads\/2025\/07\/dd977b240a78612a77b240a7846a77v-960x640.jpg\" alt=\"Les courses de fournitures scolaires pour la rentr\u00e9e ont d\u00e9j\u00e0 bien commenc\u00e9.\" width=\"960\" height=\"640\"\/><br \/>\n    Chaque ann\u00e9e, l\u2019allocation de rentr\u00e9e scolaire vient soutenir les d\u00e9penses des parents au moment du retour \u00e0 l\u2019\u00e9cole. (\u00a9Alban Leduc \/ Le Journal d\u2019Abbeville)<\/p>\n<p class=\" wall-content\">Cette ann\u00e9e, <a href=\"https:\/\/www.info.gouv.fr\/actualite\/allocation-de-rentree-scolaire-2025-les-dates-a-connaitre\" target=\"_blank\" rel=\"noopener\">le site du gouvernement r\u00e9v\u00e8le<\/a> que les foyers \u00e9ligibles la toucheront le <strong>mardi 5\u00a0ao\u00fbt 2025<\/strong> (pour Mayotte et la R\u00e9union) ou le <strong>mardi 19\u00a0ao\u00fbt 2025<\/strong> (pour les d\u00e9partements m\u00e9tropolitains, la Guadeloupe, la Guyane et la Martinique).<\/p>\n<p class=\" wall-content\">Le <strong>montant<\/strong> de cette aide <a href=\"https:\/\/actu.fr\/economie\/allocation-de-rentree-scolaire-2025-quel-est-le-montant-de-cette-aide-que-les-familles-vont-recevoir-cet-ete_62835055.html\" target=\"_blank\" rel=\"noopener\">varie d\u2019une famille \u00e0 l\u2019autre<\/a>, en fonction de la composition du foyer et de l\u2019\u00e2ge des <a href=\"https:\/\/actu.fr\/tag\/enfants\" target=\"_blank\" rel=\"noopener\">enfants<\/a>.<\/p>\n<p>Explosion\u2009des prix des abonnements d\u2019\u00e9lectricit\u00e9 et de gaz<\/p>\n<p class=\" wall-content\">C\u2019est l\u2019une des cons\u00e9quences (pass\u00e9e assez inaper\u00e7ue) de <a href=\"https:\/\/www.legifrance.gouv.fr\/jorf\/id\/JORFTEXT000051168007\" target=\"_blank\" rel=\"noopener\">la loi du 14\u00a0f\u00e9vrier sur les finances pour 2025<\/a>. \u00c0 compter du 1er\u00a0ao\u00fbt 2025, l\u2019application du taux r\u00e9duit de taxe \u00e0 valeur ajout\u00e9e (TVA) est supprim\u00e9e pour les abonnements relatifs aux livraisons <a href=\"https:\/\/actu.fr\/tag\/electricite\" target=\"_blank\" rel=\"noopener\">d\u2019\u00e9lectricit\u00e9<\/a> et de <a href=\"https:\/\/actu.fr\/tag\/gaz\" target=\"_blank\" rel=\"noopener\">gaz<\/a> naturel.<\/p>\n<p class=\" wall-content\">Autrement dit, les abonnements commenc\u00e9s ou renouvel\u00e9s en ao\u00fbt 2025 sont soumis \u00e0 la TVA de <strong>20\u2009%<\/strong>, et non plus \u00e0 celle de 5,5\u2009%. <strong>Le prix de l\u2019abonnement va donc flamber<\/strong> \u2013 jusqu\u2019\u00e0 quatre fois plus cher, comme nous l\u2019expliquions <a href=\"https:\/\/actu.fr\/economie\/quatre-fois-plus-cher-pourquoi-le-prix-des-abonnements-a-l-electricite-et-au-gaz-va-flamber-en-2025_62419908.html\" target=\"_blank\" rel=\"noopener\">dans ce pr\u00e9c\u00e9dent article<\/a>.<\/p>\n<p>Fin du remboursement des imp\u00f4ts<\/p>\n<p class=\" wall-content\">Depuis fin juillet, certains contribuables re\u00e7oivent <a href=\"https:\/\/actu.fr\/economie\/remboursement-des-impots-2025-un-virement-du-fisc-tombe-ce-vendredi-etes-vous-concerne_62939029.html\" target=\"_blank\" rel=\"noopener\">un virement sur leur compte bancaire de la part de l\u2019administration fiscale<\/a>. Il s\u2019agit du <strong>remboursement des trop vers\u00e9s ou des r\u00e9ductions et cr\u00e9dits d\u2019imp\u00f4t<\/strong>.<\/p>\n<p class=\" wall-content\">Le fisc effectue les versements en deux temps\u2009: \u00ab\u2009Soit le 25 juillet, soit le 1er ao\u00fbt 2025\u2009\u00bb. Surveillez donc votre relev\u00e9 bancaire au d\u00e9but du mois, une bonne nouvelle pourrait s\u2019y cacher.<\/p>\n<p>Des frais suppl\u00e9mentaires pour ceux qui n\u2019ont pas de compteur Linky<\/p>\n<p class=\" wall-content\">D\u00e9sormais, ne pas avoir de <strong>compteur Linky<\/strong> <a href=\"https:\/\/actu.fr\/economie\/vous-refusez-d-avoir-un-compteur-linky-voici-l-amende-que-vous-allez-devoir-payer-en-2025_62261029.html\" target=\"_blank\" rel=\"noopener\">expose \u00e0 des frais suppl\u00e9mentaires<\/a>, \u00e0 hauteur de 10,62\u00a0euros de plus tous les deux mois (donc 63,72\u00a0euros par an).<\/p>\n<p>    <img   decoding=\"async\" loading=\"lazy\" src=\"https:\/\/www.europesays.com\/fr\/wp-content\/uploads\/2025\/07\/b49a291eef226199a291eef223d9a2v-960x640.jpg\" alt=\"Apr\u00e8s plusieurs ann\u00e9es de hausse, la Ville va faire baisser sa facture en rechangeant de groupement d'achat.\" width=\"960\" height=\"640\"\/><br \/>\n    Ne pas avoir de compteur Linky expose \u00e0 des frais suppl\u00e9mentaires. (\u00a9Illustration\/La Chronique r\u00e9publicaine)<\/p>\n<p class=\" wall-content\">\u00c0 compter du 1er\u00a0ao\u00fbt 2025, la Commission de r\u00e9gulation de l\u2019\u00e9nergie (CRE) va faire augmenter la note dans deux cas de figure, qu\u2019actu.fr avait d\u00e9taill\u00e9 dans <a href=\"https:\/\/actu.fr\/societe\/compteur-linky-il-est-desormais-impossible-de-refuser-son-installation_62612623.html\" target=\"_blank\" rel=\"noopener\">ce pr\u00e9c\u00e9dent article en mai dernier<\/a>.<\/p>\n<p>Entr\u00e9e en vigueur des droits de douane am\u00e9ricains<\/p>\n<p class=\" wall-content\">Comme convenu par <a href=\"https:\/\/actu.fr\/tag\/donald-trump\" target=\"_blank\" rel=\"noopener\">Donald Trump<\/a> et la pr\u00e9sidente de la Commission europ\u00e9enne Ursula von der Leyen <a href=\"https:\/\/actu.fr\/monde\/15-de-droits-de-douane-que-change-l-accord-conclu-entre-donald-trump-et-l-union-europeenne_62963713.html\" target=\"_blank\" rel=\"noopener\">le 27 juillet 2025 \u00e0 Turnberry (\u00c9cosse)<\/a>, au 1er ao\u00fbt 2025, des <strong>droits de douane de 15%<\/strong> vont s\u2019appliquer sur \u00a0les produits europ\u00e9ens export\u00e9s aux <a href=\"https:\/\/actu.fr\/tag\/etats-unis\" target=\"_blank\" rel=\"noopener\">\u00c9tats-Unis<\/a>.<\/p>\n<p class=\" wall-content\">En \u00e9change de droits de douane limit\u00e9s \u00e0 15\u2009% (<strong>contre les 30\u2009%<\/strong> <a href=\"https:\/\/actu.fr\/monde\/eliminer-les-obstacles-aux-echanges-pourquoi-donald-trump-annonce-30-de-droits-de-douane-pour-l-ue_62906065.html\" target=\"_blank\" rel=\"noopener\">dont Donald Trump mena\u00e7ait l\u2019Union europ\u00e9enne<\/a>), celle-ci s\u2019engage \u00e0 750 milliards de dollars d\u2019achats d\u2019\u00e9nergie \u2013 visant notamment \u00e0 <a href=\"https:\/\/actu.fr\/pays-de-la-loire\/montoir-de-bretagne_44103\/guerre-en-ukraine-le-gaz-russe-continue-daccoster-au-port-de-nantes-saint-nazaire_49324778.html\" target=\"_blank\" rel=\"noopener\">remplacer le gaz russe<\/a>. L\u2019UE a aussi promis 600 milliards d\u2019investissements suppl\u00e9mentaires aux \u00c9tats-Unis.<\/p>\n<p class=\" wall-content\">Les d\u00e9tails de l\u2019accord doivent encore \u00eatre r\u00e9gl\u00e9s \u00ab\u00a0dans les prochaines semaines\u00a0\u00bb, selon Ursula von der Leyen.<\/p>\n<p class=\" wall-content\">Suivez toute l\u2019actualit\u00e9 de vos villes et m\u00e9dias favoris en vous inscrivant \u00e0 <a href=\"https:\/\/moncompte.actu.fr\" title=\"D\u00e9couvez Mon Actu\" rel=\"nofollow noopener\" data-trk=\"{&quot;cta&quot;:{&quot;action&quot;:&quot;https:\\\/\\\/moncompte.actu.fr&quot;,&quot;category&quot;:&quot;mon compte&quot;,&quot;from&quot;:&quot;article footer&quot;,&quot;name&quot;:&quot;Mon actu&quot;,&quot;type&quot;:&quot;cta&quot;}}\" target=\"_blank\">Mon Actu<\/a>.<\/p>\n","protected":false},"excerpt":{"rendered":"Par Alexandra Segond Publi\u00e9 le 30 juil. 2025 \u00e0 11h01 Apr\u00e8s l\u2019entr\u00e9e en vigueur de nouveaux espaces sans&hellip;\n","protected":false},"author":2,"featured_media":284235,"comment_status":"","ping_status":"","sticky":false,"template":"","format":"standard","meta":{"footnotes":""},"categories":[6],"tags":[18489,1261,35,33,34,579,1011,27],"class_list":{"0":"post-284234","1":"post","2":"type-post","3":"status-publish","4":"format-standard","5":"has-post-thumbnail","7":"category-economie","8":"tag-aides-sociales","9":"tag-argent","10":"tag-business","11":"tag-economie","12":"tag-economy","13":"tag-electricite","14":"tag-fr","15":"tag-france"},"share_on_mastodon":{"url":"https:\/\/pubeurope.com\/@fr\/114942062553955332","error":""},"_links":{"self":[{"href":"https:\/\/www.europesays.com\/fr\/wp-json\/wp\/v2\/posts\/284234","targetHints":{"allow":["GET"]}}],"collection":[{"href":"https:\/\/www.europesays.com\/fr\/wp-json\/wp\/v2\/posts"}],"about":[{"href":"https:\/\/www.europesays.com\/fr\/wp-json\/wp\/v2\/types\/post"}],"author":[{"embeddable":true,"href":"https:\/\/www.europesays.com\/fr\/wp-json\/wp\/v2\/users\/2"}],"replies":[{"embeddable":true,"href":"https:\/\/www.europesays.com\/fr\/wp-json\/wp\/v2\/comments?post=284234"}],"version-history":[{"count":0,"href":"https:\/\/www.europesays.com\/fr\/wp-json\/wp\/v2\/posts\/284234\/revisions"}],"wp:featuredmedia":[{"embeddable":true,"href":"https:\/\/www.europesays.com\/fr\/wp-json\/wp\/v2\/media\/284235"}],"wp:attachment":[{"href":"https:\/\/www.europesays.com\/fr\/wp-json\/wp\/v2\/media?parent=284234"}],"wp:term":[{"taxonomy":"category","embeddable":true,"href":"https:\/\/www.europesays.com\/fr\/wp-json\/wp\/v2\/categories?post=284234"},{"taxonomy":"post_tag","embeddable":true,"href":"https:\/\/www.europesays.com\/fr\/wp-json\/wp\/v2\/tags?post=284234"}],"curies":[{"name":"wp","href":"https:\/\/api.w.org\/{rel}","templated":true}]}}