{"id":284236,"date":"2025-07-30T11:57:12","date_gmt":"2025-07-30T11:57:12","guid":{"rendered":"https:\/\/www.europesays.com\/fr\/284236\/"},"modified":"2025-07-30T11:57:12","modified_gmt":"2025-07-30T11:57:12","slug":"inefficace-et-dangereux-effet-de-communication-le-largage-daide-humanitaire-a-gaza-par-la-france-decrie-par-les-ong","status":"publish","type":"post","link":"https:\/\/www.europesays.com\/fr\/284236\/","title":{"rendered":"\u00abInefficace et dangereux\u00bb, \u00abeffet de communication\u00bb&#8230; Le largage d\u2019aide humanitaire \u00e0 Gaza par la France d\u00e9cri\u00e9 par les ONG"},"content":{"rendered":"<p>Le minist\u00e8re des Affaires \u00e9trang\u00e8res fran\u00e7ais a annonc\u00e9 le parachutage de 40 tonnes de vivres sur Gaza ce vendredi. Les associations humanitaires pointent une m\u00e9thode co\u00fbteuse, peu cibl\u00e9e et susceptible de cr\u00e9er des \u00e9meutes.<\/p>\n<p class=\"fig-paragraph\">Alors que la malnutrition atteint des niveaux alarmants dans la bande de Gaza, que les images insoutenables d\u2019enfants gazaouis fam\u00e9liques suscitent l\u2019\u00e9moi dans le monde entier, France a annonc\u00e9 le largage \u00e0 partir de ce vendredi de<a href=\"http:\/\/www.lefigaro.fr\/international\/gaza-le-pire-scenario-de-famine-est-en-cours-selon-l-ipc-20250729\" data-fig-type=\"NewsFlash\" data-gtm-custom-categorie=\"navigation\" data-gtm-custom-action=\"crossclick\" data-gtm-custom-label=\"Contextuel\" data-gtm-event=\"customEventSPE\" data-fig-domain=\"LEFIGARO\" rel=\"nofollow noopener\" target=\"_blank\">\u00a040 tonnes de vivres dans l\u2019enclave<\/a>. Quatre avions devraient parachuter ces denr\u00e9es alimentaires et fournitures m\u00e9dicales depuis la Jordanie. Un choix logistique qui cristallise les critiques de plusieurs associations humanitaires\u00a0: elles jugent cette m\u00e9thode en partie inefficace.<\/p>\n<p class=\"fig-paragraph\">D\u2019une part, ce proc\u00e9d\u00e9 d\u2019acheminement par voie a\u00e9rienne &#8211; en plus d\u2019\u00eatre tr\u00e8s co\u00fbteux &#8211; ne permettrait pas d\u2019envoyer tous les biens n\u00e9cessaires. Selon un responsable d\u2019Action contre la faim (ACF), \u00abla nourriture th\u00e9rapeutique pour les enfants, l\u2019essence ou l\u2019eau, des biens qui sont extr\u00eamement importants \u00e0 Gaza ne peuvent pas \u00eatre transmis par les airs\u00bb. Par ailleurs, les quantit\u00e9s exp\u00e9di\u00e9es restent tr\u00e8s limit\u00e9es comparativement \u00e0 la capacit\u00e9 des\u00a0<a href=\"http:\/\/www.lefigaro.fr\/international\/gaza-l-onu-autorisee-a-faire-entrer-environ-100-camions-d-aide-humanitaire-20250520\" data-fig-type=\"NewsFlash\" data-gtm-custom-categorie=\"navigation\" data-gtm-custom-action=\"crossclick\" data-gtm-custom-label=\"Contextuel\" data-gtm-event=\"customEventSPE\" data-fig-domain=\"LEFIGARO\" rel=\"nofollow noopener\" target=\"_blank\">camions<\/a>, d\u00e9plore Amande Bazerolle\u2026<\/p>\n<p class=\"fig-premium-paywall__infos\">\n        Cet article est r\u00e9serv\u00e9 aux abonn\u00e9s.        Il vous reste 82% \u00e0 d\u00e9couvrir.\n    <\/p>\n<p>                <img  data- alt=\"Le Figaro\" class=\"fig-img--complete fig-img\"\/><\/p>\n<p class=\"fig-premium-paywall__title\">Vous avez envie de lire la suite ?<\/p>\n<p class=\"fig-premium-paywall__subtitle\">D\u00e9bloquez tous les articles imm\u00e9diatement.<\/p>\n<p class=\"fig-premium-paywall__connect\">\n                D\u00e9j\u00e0 abonn\u00e9\u00a0?                <a class=\"fig-premium-paywall__connect-link\" href=\"https:\/\/connect.lefigaro.fr\/login?client=horizon_web&amp;type=main&amp;redirect_uri=https%3A%2F%2Fwww.lefigaro.fr%2Finternational%2Finefficace-et-dangereux-effet-de-communication-le-largage-d-aide-humanitaire-a-gaza-par-la-france-decrie-par-les-ong-20250730\" data-js-gtm=\"{&quot;customCategorie&quot;: &quot;conversion&quot;, &quot;customAction&quot;: &quot;before_Landing_Connexion_paywall_auto&quot;, &quot;customLabel&quot;: &quot;bGVmaWdhcm8uZnJfXzFmMDZkMWI2LWY5YmYtNjljNi05MTZiLWFiNjlmNjg2NTNmYV9fQXJ0aWNsZQ==_\u00abInefficace et dangereux\u00bb, \u00abeffet de communication\u00bb... Le largage d\u2019aide humanitaire \u00e0 Gaza par la France d\u00e9cri\u00e9 par les ONG_483&quot;, &quot;customIDSPE&quot;: &quot;bGVmaWdhcm8uZnJfXzFmMDZkMWI2LWY5YmYtNjljNi05MTZiLWFiNjlmNjg2NTNmYV9fQXJ0aWNsZQ==&quot;, &quot;event&quot;: &quot;customEventSPE&quot;}\" rel=\"nofollow noopener\" target=\"_blank\"><br \/>\n                    Connectez-vous<br \/>\n                <\/a>\n            <\/p>\n","protected":false},"excerpt":{"rendered":"Le minist\u00e8re des Affaires \u00e9trang\u00e8res fran\u00e7ais a annonc\u00e9 le parachutage de 40 tonnes de vivres sur Gaza ce&hellip;\n","protected":false},"author":2,"featured_media":284237,"comment_status":"","ping_status":"","sticky":false,"template":"","format":"standard","meta":{"footnotes":""},"categories":[5],"tags":[11,16176,1011,27,665,14,12,28],"class_list":{"0":"post-284236","1":"post","2":"type-post","3":"status-publish","4":"format-standard","5":"has-post-thumbnail","7":"category-international","8":"tag-actualites","9":"tag-aide-humanitaire","10":"tag-fr","11":"tag-france","12":"tag-gaza","13":"tag-international","14":"tag-news","15":"tag-world"},"share_on_mastodon":{"url":"https:\/\/pubeurope.com\/@fr\/114942066466890219","error":""},"_links":{"self":[{"href":"https:\/\/www.europesays.com\/fr\/wp-json\/wp\/v2\/posts\/284236","targetHints":{"allow":["GET"]}}],"collection":[{"href":"https:\/\/www.europesays.com\/fr\/wp-json\/wp\/v2\/posts"}],"about":[{"href":"https:\/\/www.europesays.com\/fr\/wp-json\/wp\/v2\/types\/post"}],"author":[{"embeddable":true,"href":"https:\/\/www.europesays.com\/fr\/wp-json\/wp\/v2\/users\/2"}],"replies":[{"embeddable":true,"href":"https:\/\/www.europesays.com\/fr\/wp-json\/wp\/v2\/comments?post=284236"}],"version-history":[{"count":0,"href":"https:\/\/www.europesays.com\/fr\/wp-json\/wp\/v2\/posts\/284236\/revisions"}],"wp:featuredmedia":[{"embeddable":true,"href":"https:\/\/www.europesays.com\/fr\/wp-json\/wp\/v2\/media\/284237"}],"wp:attachment":[{"href":"https:\/\/www.europesays.com\/fr\/wp-json\/wp\/v2\/media?parent=284236"}],"wp:term":[{"taxonomy":"category","embeddable":true,"href":"https:\/\/www.europesays.com\/fr\/wp-json\/wp\/v2\/categories?post=284236"},{"taxonomy":"post_tag","embeddable":true,"href":"https:\/\/www.europesays.com\/fr\/wp-json\/wp\/v2\/tags?post=284236"}],"curies":[{"name":"wp","href":"https:\/\/api.w.org\/{rel}","templated":true}]}}