{"id":284238,"date":"2025-07-30T11:58:12","date_gmt":"2025-07-30T11:58:12","guid":{"rendered":"https:\/\/www.europesays.com\/fr\/284238\/"},"modified":"2025-07-30T11:58:12","modified_gmt":"2025-07-30T11:58:12","slug":"la-proprietaire-est-morte-en-heroine-en-tentant-de-sauver-les-residents","status":"publish","type":"post","link":"https:\/\/www.europesays.com\/fr\/284238\/","title":{"rendered":"La propri\u00e9taire est morte en h\u00e9ro\u00efne, en tentant de sauver les r\u00e9sidents"},"content":{"rendered":"<p>Danielle Pothuaud, la propri\u00e9taire du g\u00eete situ\u00e9 \u00e0 Montmoreau (Charente), ravag\u00e9 dans la nuit de dimanche \u00e0 lundi par un incendie, a fonc\u00e9 dans la b\u00e2tisse en feu pour sauver les r\u00e9sidents de sa structure, des adultes <a href=\"https:\/\/www.20minutes.fr\/societe\/4157176-20250610-habitat-inclusif-personnes-sourdes-hulya-fait-tout-toute-seule-chat\" class=\"color-ultramarine c-link\" rel=\"nofollow noopener\" target=\"_blank\">porteurs de handicap.<\/a><\/p>\n<p>La femme de 69 ans n\u2019est pas ressortie des flammes, et fait partie des <a href=\"https:\/\/www.20minutes.fr\/faits_divers\/4165849-20250729-charente-cinquieme-corps-decouvert-apres-incendie-gite\" class=\"color-ultramarine c-link\" rel=\"nofollow noopener\" target=\"_blank\">victimes, les quatre autres<\/a> \u00e9tant des vacanciers.<\/p>\n<\/p>\n<p>\u00ab\u00a0Elle a fonc\u00e9 dans le brasier\u00a0\u00bb, a t\u00e9moign\u00e9 l\u2019amie et voisine de la propri\u00e9taire, Annie Blandineau, aupr\u00e8s de France 2. \u00ab\u00a0Des petits jeunes qui y \u00e9taient, ils l\u2019ont retenue parce qu\u2019ils essayaient un petit peu de l\u2019arr\u00eater. Et d\u00e8s qu\u2019ils ont tourn\u00e9 le dos, elle a fonc\u00e9 pour aller en sauver parce qu\u2019elle voulait en sauver le plus possible. Elle n\u2019a m\u00eame pas pens\u00e9 \u00e0 elle\u00a0\u00bb, a ajout\u00e9 Annie Blandineau.<\/p>\n<p>\u00ab\u00a0Elle aurait donn\u00e9 sa vie pour les autres\u00a0\u00bb<\/p>\n<p>Ce geste h\u00e9ro\u00efque \u00ab\u00a0n\u2019\u00e9tonne pas\u00a0\u00bb Catherine Follet, pr\u00e9sidente de l\u2019association Corps et \u00c2nes qui collaborait depuis des ann\u00e9es avec Danielle Pothuaud et ses r\u00e9sidents handicap\u00e9s. \u00ab\u00a0Elle aurait donn\u00e9 sa vie pour les autres, c\u2019est ce qu\u2019elle a fait\u00a0\u00bb, a-t-elle expliqu\u00e9 \u00e0 <a href=\"https:\/\/www.bfmtv.com\/police-justice\/elle-aurait-donne-sa-vie-pour-les-autres-une-proche-rend-hommage-a-la-proprietaire-tuee-dans-l-incendie-de-son-gite-en-charente_AV-202507300099.html\" rel=\"nofollow noopener\" target=\"_blank\" class=\"color-ultramarine c-link\">BFMTV<\/a>.<\/p>\n<p>Ce g\u00eete charentais a pris feu pour une raison encore ind\u00e9termin\u00e9e, alors qu\u2019il accueillait huit adultes <a href=\"https:\/\/www.20minutes.fr\/dossier\/handicapes\" class=\"color-ultramarine c-link\" rel=\"nofollow noopener\" target=\"_blank\">handicap\u00e9s <\/a>en vacances. Le parquet a ouvert \u00ab\u00a0une enqu\u00eate de flagrance du chef d\u2019homicide involontaire ou blessure involontaire contre X\u00a0\u00bb. Ce sinistre r\u00e9veille le souvenir de la <a href=\"https:\/\/www.20minutes.fr\/faits_divers\/faits-divers-strasbourg\/4048557-20230809-victimes-recherches-enquete-point-incendie-gite-alsace\" class=\"color-ultramarine c-link\" rel=\"nofollow noopener\" target=\"_blank\">trag\u00e9die de Wintzenheim<\/a> (Haut-Rhin) en\u00a02023, o\u00f9 onze personnes avaient perdu la vie.<\/p>\n","protected":false},"excerpt":{"rendered":"Danielle Pothuaud, la propri\u00e9taire du g\u00eete situ\u00e9 \u00e0 Montmoreau (Charente), ravag\u00e9 dans la nuit de dimanche \u00e0 lundi&hellip;\n","protected":false},"author":2,"featured_media":284239,"comment_status":"","ping_status":"","sticky":false,"template":"","format":"standard","meta":{"footnotes":""},"categories":[4],"tags":[47,11,7478,118,1011,27,38901,1310,12,2219,2220,25,104,240],"class_list":{"0":"post-284238","1":"post","2":"type-post","3":"status-publish","4":"format-standard","5":"has-post-thumbnail","7":"category-france","8":"tag-actualite","9":"tag-actualites","10":"tag-charente","11":"tag-faits-divers","12":"tag-fr","13":"tag-france","14":"tag-handicapes","15":"tag-incendie","16":"tag-news","17":"tag-nouvelle-aquitaine","18":"tag-poitou-charentes","19":"tag-republique-francaise","20":"tag-societe","21":"tag-temoignage"},"share_on_mastodon":{"url":"https:\/\/pubeurope.com\/@fr\/114942070333825182","error":""},"_links":{"self":[{"href":"https:\/\/www.europesays.com\/fr\/wp-json\/wp\/v2\/posts\/284238","targetHints":{"allow":["GET"]}}],"collection":[{"href":"https:\/\/www.europesays.com\/fr\/wp-json\/wp\/v2\/posts"}],"about":[{"href":"https:\/\/www.europesays.com\/fr\/wp-json\/wp\/v2\/types\/post"}],"author":[{"embeddable":true,"href":"https:\/\/www.europesays.com\/fr\/wp-json\/wp\/v2\/users\/2"}],"replies":[{"embeddable":true,"href":"https:\/\/www.europesays.com\/fr\/wp-json\/wp\/v2\/comments?post=284238"}],"version-history":[{"count":0,"href":"https:\/\/www.europesays.com\/fr\/wp-json\/wp\/v2\/posts\/284238\/revisions"}],"wp:featuredmedia":[{"embeddable":true,"href":"https:\/\/www.europesays.com\/fr\/wp-json\/wp\/v2\/media\/284239"}],"wp:attachment":[{"href":"https:\/\/www.europesays.com\/fr\/wp-json\/wp\/v2\/media?parent=284238"}],"wp:term":[{"taxonomy":"category","embeddable":true,"href":"https:\/\/www.europesays.com\/fr\/wp-json\/wp\/v2\/categories?post=284238"},{"taxonomy":"post_tag","embeddable":true,"href":"https:\/\/www.europesays.com\/fr\/wp-json\/wp\/v2\/tags?post=284238"}],"curies":[{"name":"wp","href":"https:\/\/api.w.org\/{rel}","templated":true}]}}