{"id":284240,"date":"2025-07-30T11:59:11","date_gmt":"2025-07-30T11:59:11","guid":{"rendered":"https:\/\/www.europesays.com\/fr\/284240\/"},"modified":"2025-07-30T11:59:11","modified_gmt":"2025-07-30T11:59:11","slug":"patrick-sebastien-accuse-davoir-recu-une-fellation-sur-scene-dans-un-camping-naturiste-ce-quil-risque","status":"publish","type":"post","link":"https:\/\/www.europesays.com\/fr\/284240\/","title":{"rendered":"Patrick S\u00e9bastien accus\u00e9 d&rsquo;avoir re\u00e7u une fellation sur sc\u00e8ne dans un camping naturiste : ce qu&rsquo;il risque"},"content":{"rendered":"<p>            Par<br \/>\n        <strong><br \/>\n            <a href=\"https:\/\/actu.fr\/auteur\/martin-leduc\" title=\"Consulter tous les articles de Martin Leduc\" rel=\"nofollow noopener\" target=\"_blank\">Martin Leduc<\/a><br \/>\n        <\/strong><\/p>\n<p>        Publi\u00e9 le<\/p>\n<p>            30 juil. 2025 \u00e0 12h25<br \/>\n        ; mis \u00e0 jour le 30 juil. 2025 \u00e0 12h29    <\/p>\n<p>Le mardi 22 juillet 2025, Patrick S\u00e9bastien donnait un concert dans un camping du Cap d\u2019Agde, comme le rapporte <a href=\"https:\/\/www.mediapart.fr\/journal\/france\/290725\/au-cap-d-agde-devant-des-familles-patrick-sebastien-offre-une-fellation-en-guise-de\" rel=\"nofollow noopener\" target=\"_blank\">Mediapart<\/a>. Le spectacle est signal\u00e9 \u00ab\u00a0ouvert \u00e0 tous\u00a0\u00bb par l\u2019organisation du camping, naturiste par ailleurs.<\/p>\n<p class=\" wall-content\">Et devant des enfants, pr\u00e9sents dans le public (habill\u00e9) de 2000 personnes, le chanteur a re\u00e7u une (fausse ?) fellation de la part d\u2019une spectatrice mont\u00e9e sur sc\u00e8ne.\u00a0<\/p>\n<p class=\" wall-content\">Un comportement r\u00e9pr\u00e9hensible aux yeux de la loi, et qui fait risquer gros \u00e0 Patrick S\u00e9bastien ainsi qu\u2019\u00e0 la spectatrice en question.<\/p>\n<p>Que l\u2019acte soit r\u00e9el ou pas, l\u2019infraction peut \u00eatre caract\u00e9ris\u00e9e<\/p>\n<p class=\" wall-content\">\u00ab\u00a0Putain y a de la mati\u00e8re ce soir ! Pas trop, je voudrais pas que la sc\u00e8ne p\u00e8te ! Y a des canons ce soir !\u00a0\u00bb, lance le chanteur \u00e0 l\u2019arriv\u00e9e de ses \u00ab\u00a0sardines\u00a0\u00bb, comme il les appelle, sur la sc\u00e8ne.\u00a0<\/p>\n<p class=\" wall-content\">Pendant la chanson, l\u2019une des femmes mont\u00e9es sur sc\u00e8ne, dans une tenue tr\u00e8s l\u00e9g\u00e8re, s\u2019agenouille devant lui et fait le geste d\u2019une fellation, une main sur les fesses de l\u2019interpr\u00e8te de Tourner les serviettes. Parmi les spectateurs interrog\u00e9s par Mediapart, les avis sont partag\u00e9s : certains disent que c\u2019\u00e9tait un simple mime, d\u2019autres disent que l\u2019acte sexuel \u00e9tait bien r\u00e9el.\u00a0<\/p>\n<p class=\" wall-content\">L\u2019int\u00e9ress\u00e9, de son c\u00f4t\u00e9, a fermement d\u00e9menti la v\u00e9racit\u00e9 de l\u2019action, assurant que c\u2019\u00e9tait un simple mime.<\/p>\n<p class=\" wall-content\">Une vid\u00e9o est disponible sur Twitter. La vid\u00e9o ne permet pas d\u2019affirmer avec certitude qu\u2019il s\u2019agit d\u2019un mime, mais la sc\u00e8ne simul\u00e9e, d\u2019une dizaine de secondes, est clairement visible.<\/p>\n<p class=\" wall-content\">\n<p class=\" wall-content\">\u00c0 l\u2019issue de celle-ci, le chanteur remet son pantalon, et reprend la chanson, hilare, \u00ab\u00a0allez en rythme\u00a0\u00bb.\u00a0<\/p>\n<p class=\" wall-content\">Que la sc\u00e8ne soit r\u00e9elle ou pas ne change rien, et Patrick S\u00e9bastien pourrait \u00eatre poursuivi pour exhibition sexuelle, \u00ab\u00a0une situation d\u2019ailleurs envisag\u00e9e lors de l\u2019\u00e9criture de la loi\u00a0\u00bb, fait savoir Arnaud Le Bourdais, avocat p\u00e9naliste \u00e0 Rennes, aupr\u00e8s d\u2019actu.fr.\u00a0<\/p>\n<p class=\" wall-content\">\u00ab\u00a0La question n\u2019est pas tant de savoir si la dame a r\u00e9ellement fait \u00e7a ou pas\u00a0\u00bb, confirme Alexandra Hawrylyszyn, avocate p\u00e9naliste \u00e0 Paris, \u00e9galement jointe par actu.fr.\u00a0<\/p>\n<blockquote class=\"ac-article-quote wall-content\">\n<p>Que l&rsquo;acte soit mim\u00e9 ou pas mim\u00e9, l&rsquo;infraction peut \u00eatre caract\u00e9ris\u00e9e, et Patrick S\u00e9bastien pourrait avoir des probl\u00e8mes devant la justice. Si la sc\u00e8ne est bien r\u00e9elle, le tribunal serait plus s\u00e9v\u00e8re.<\/p>\n<p>    <strong>Arnaud Le Bourdais<\/strong><br \/>\n        Avocat p\u00e9naliste \u00e0 Rennes    <\/p><\/blockquote>\n<p class=\" wall-content\">En l\u2019occurrence, la peine pr\u00e9vue est de 15 000 euros d\u2019amende et d\u2019un an de prison. Mais, de nombreux t\u00e9moins ont confirm\u00e9 \u00e0 Mediapart que des mineurs \u00e9taient l\u00e0 lors du spectacle.\u00a0<\/p>\n<p class=\" wall-content\">Et la pr\u00e9sence de mineurs de moins de 15 ans est une circonstance aggravante. Patrick S\u00e9bastien risque donc 30 000 euros d\u2019amende et deux ans de prison.\u00a0<\/p>\n<p class=\" wall-content\">Un risque encouru si une plainte est d\u00e9pos\u00e9e par un spectateur ou une spectatrice, \u00ab\u00a0ou si le parquet s\u2019autosaisit\u00a0\u00bb, pr\u00e9cise l\u2019avocat.\u00a0<\/p>\n<p>Et la dame qui s\u2019est agenouill\u00e9e devant Patrick Sebastien ?\u00a0<\/p>\n<p class=\" wall-content\">De son c\u00f4t\u00e9, le camping a peu de chances d\u2019\u00eatre inqui\u00e9t\u00e9. \u00ab\u00a0La sc\u00e8ne n\u2019a pas l\u2019air chor\u00e9graphi\u00e9e, donc n\u2019\u00e9tait certainement pas pr\u00e9vue. On ne peut pas estimer qu\u2019il y ait eu l\u2019aval de l\u2019organisation\u00a0\u00bb, insiste Arnaud Le Bourdais. Organisation qui a d\u2019ailleurs condamn\u00e9 la sc\u00e8ne.<\/p>\n<p class=\" wall-content\">Pour la spectatrice impliqu\u00e9e, en revanche, l\u00e0, il y a un risque : \u00ab M. Patrick S\u00e9bastien a \u00e9t\u00e9 vivement surpris par le comportement de cette femme\u00a0\u00bb, argue l\u2019avocat du chanteur aupr\u00e8s de M\u00e9diapart.<\/p>\n<blockquote class=\"ac-article-quote wall-content\">\n<p>A priori, il ne s\u2019en est pas plaint, mais vu qu\u2019apparemment, on ne lui a pas demand\u00e9 son consentement, \u00e7a peut devenir une agression sexuelle.<\/p>\n<p>    <strong>Alexandra Hawrylyszyn<\/strong><br \/>\n        Avocate p\u00e9naliste \u00e0 Paris    <\/p><\/blockquote>\n<p class=\" wall-content\">Cela ouvre la voie \u00e0 une double qualification d\u2019exhibition et d\u2019agression sexuelle. Le tribunal pourrait prononcer une peine globale allant jusqu\u2019\u00e0 5 ans de prison et 75 000 euros d\u2019amende. \u00ab\u00a0Mais encore faut-il qu\u2019une plainte soit d\u00e9pos\u00e9e \u00e0 ce sujet, ou que le tribunal s\u2019autosaisisse\u00a0\u00bb, insiste l\u2019avocate.\u00a0<\/p>\n<p class=\" wall-content\">\u00ab\u00a0Le contexte, tr\u00e8s sexualis\u00e9 du Cap d\u2019Agde, o\u00f9 le naturisme est courant, p\u00e8serait dans la d\u00e9cision, si jamais un proc\u00e8s devait avoir lieu\u00a0\u00bb, conclut l\u2019avocate.\u00a0<\/p>\n<p class=\" wall-content\">\u00c0 l\u2019heure o\u00f9 ces lignes sont \u00e9crites, aucune plainte ni saisine n\u2019a \u00e9t\u00e9 officiellement confirm\u00e9e.\u00a0<\/p>\n<p class=\" wall-content\">Suivez toute l\u2019actualit\u00e9 de vos villes et m\u00e9dias favoris en vous inscrivant \u00e0 <a href=\"https:\/\/moncompte.actu.fr\" title=\"D\u00e9couvez Mon Actu\" rel=\"nofollow noopener\" data-trk=\"{&quot;cta&quot;:{&quot;action&quot;:&quot;https:\\\/\\\/moncompte.actu.fr&quot;,&quot;category&quot;:&quot;mon compte&quot;,&quot;from&quot;:&quot;article footer&quot;,&quot;name&quot;:&quot;Mon actu&quot;,&quot;type&quot;:&quot;cta&quot;}}\" target=\"_blank\">Mon Actu<\/a>.<\/p>\n<ul class=\"ac-article-tag wall-content\">\n<li><a href=\"https:\/\/actu.fr\/tag\/justice\" data-trk=\"{&quot;cta&quot;:{&quot;action&quot;:&quot;Justice&quot;,&quot;category&quot;:&quot;tag&quot;,&quot;from&quot;:&quot;article footer&quot;,&quot;name&quot;:&quot;Justice&quot;,&quot;type&quot;:&quot;cta&quot;}}\" rel=\"nofollow noopener\" target=\"_blank\">#Justice<\/a><\/li>\n<li><a href=\"https:\/\/actu.fr\/tag\/violences-sexuelles\" data-trk=\"{&quot;cta&quot;:{&quot;action&quot;:&quot;Violences sexuelles&quot;,&quot;category&quot;:&quot;tag&quot;,&quot;from&quot;:&quot;article footer&quot;,&quot;name&quot;:&quot;Violences sexuelles&quot;,&quot;type&quot;:&quot;cta&quot;}}\" rel=\"nofollow noopener\" target=\"_blank\">#Violences sexuelles<\/a><\/li>\n<\/ul>\n","protected":false},"excerpt":{"rendered":"Par Martin Leduc Publi\u00e9 le 30 juil. 2025 \u00e0 12h25 ; mis \u00e0 jour le 30 juil. 2025&hellip;\n","protected":false},"author":2,"featured_media":284241,"comment_status":"","ping_status":"","sticky":false,"template":"","format":"standard","meta":{"footnotes":""},"categories":[2],"tags":[11,1011,27,303,12,104,799],"class_list":{"0":"post-284240","1":"post","2":"type-post","3":"status-publish","4":"format-standard","5":"has-post-thumbnail","7":"category-actualites","8":"tag-actualites","9":"tag-fr","10":"tag-france","11":"tag-justice","12":"tag-news","13":"tag-societe","14":"tag-violences-sexuelles"},"share_on_mastodon":{"url":"https:\/\/pubeurope.com\/@fr\/114942074168647791","error":""},"_links":{"self":[{"href":"https:\/\/www.europesays.com\/fr\/wp-json\/wp\/v2\/posts\/284240","targetHints":{"allow":["GET"]}}],"collection":[{"href":"https:\/\/www.europesays.com\/fr\/wp-json\/wp\/v2\/posts"}],"about":[{"href":"https:\/\/www.europesays.com\/fr\/wp-json\/wp\/v2\/types\/post"}],"author":[{"embeddable":true,"href":"https:\/\/www.europesays.com\/fr\/wp-json\/wp\/v2\/users\/2"}],"replies":[{"embeddable":true,"href":"https:\/\/www.europesays.com\/fr\/wp-json\/wp\/v2\/comments?post=284240"}],"version-history":[{"count":0,"href":"https:\/\/www.europesays.com\/fr\/wp-json\/wp\/v2\/posts\/284240\/revisions"}],"wp:featuredmedia":[{"embeddable":true,"href":"https:\/\/www.europesays.com\/fr\/wp-json\/wp\/v2\/media\/284241"}],"wp:attachment":[{"href":"https:\/\/www.europesays.com\/fr\/wp-json\/wp\/v2\/media?parent=284240"}],"wp:term":[{"taxonomy":"category","embeddable":true,"href":"https:\/\/www.europesays.com\/fr\/wp-json\/wp\/v2\/categories?post=284240"},{"taxonomy":"post_tag","embeddable":true,"href":"https:\/\/www.europesays.com\/fr\/wp-json\/wp\/v2\/tags?post=284240"}],"curies":[{"name":"wp","href":"https:\/\/api.w.org\/{rel}","templated":true}]}}