{"id":284242,"date":"2025-07-30T12:00:55","date_gmt":"2025-07-30T12:00:55","guid":{"rendered":"https:\/\/www.europesays.com\/fr\/284242\/"},"modified":"2025-07-30T12:00:55","modified_gmt":"2025-07-30T12:00:55","slug":"les-conseils-pour-soccuper-correctement-de-son-chien-cet-ete","status":"publish","type":"post","link":"https:\/\/www.europesays.com\/fr\/284242\/","title":{"rendered":"les conseils pour s\u2019occuper correctement de son chien cet \u00e9t\u00e9"},"content":{"rendered":"<p>Aujourd\u2019hui, c\u2019est Trapito, adorable cocker, qui est venu se faire une beaut\u00e9 avant les vacances. Avec Camille, les s\u00e9ances se font en douceur et toujours dans le respect de l\u2019animal. Tout d\u2019abord, il faut savoir que tous les chiens ne peuvent pas \u00eatre tondus. Ceci peut alt\u00e9rer la nature des poils et provoquer des maladies de peau. Il faut donc toujours demander conseil aupr\u00e8s d\u2019un professionnel.<\/p>\n<p>Attention \u00e0 l\u2019eau et la nature<\/p>\n<p>L\u2019eau a pour effet de resserrer les n\u0153uds pr\u00e9sents dans les poils ce qui peut causer&#8230;<\/p>\n","protected":false},"excerpt":{"rendered":"Aujourd\u2019hui, c\u2019est Trapito, adorable cocker, qui est venu se faire une beaut\u00e9 avant les vacances. Avec Camille, les&hellip;\n","protected":false},"author":2,"featured_media":284243,"comment_status":"","ping_status":"","sticky":false,"template":"","format":"standard","meta":{"footnotes":""},"categories":[9653],"tags":[1111,11,1867,2430,7539,1777,674,1011,27,12,25,9669,9670,4001,104],"class_list":{"0":"post-284242","1":"post","2":"type-post","3":"status-publish","4":"format-standard","5":"has-post-thumbnail","7":"category-saint-etienne","8":"tag-actu","9":"tag-actualites","10":"tag-animaux","11":"tag-auvergne-rhone-alpes","12":"tag-edition-loire-sud","13":"tag-eu","14":"tag-europe","15":"tag-fr","16":"tag-france","17":"tag-news","18":"tag-republique-francaise","19":"tag-saint-chamond","20":"tag-saint-chamond-ville","21":"tag-saint-etienne","22":"tag-societe"},"share_on_mastodon":{"url":"https:\/\/pubeurope.com\/@fr\/114942081930563861","error":""},"_links":{"self":[{"href":"https:\/\/www.europesays.com\/fr\/wp-json\/wp\/v2\/posts\/284242","targetHints":{"allow":["GET"]}}],"collection":[{"href":"https:\/\/www.europesays.com\/fr\/wp-json\/wp\/v2\/posts"}],"about":[{"href":"https:\/\/www.europesays.com\/fr\/wp-json\/wp\/v2\/types\/post"}],"author":[{"embeddable":true,"href":"https:\/\/www.europesays.com\/fr\/wp-json\/wp\/v2\/users\/2"}],"replies":[{"embeddable":true,"href":"https:\/\/www.europesays.com\/fr\/wp-json\/wp\/v2\/comments?post=284242"}],"version-history":[{"count":0,"href":"https:\/\/www.europesays.com\/fr\/wp-json\/wp\/v2\/posts\/284242\/revisions"}],"wp:featuredmedia":[{"embeddable":true,"href":"https:\/\/www.europesays.com\/fr\/wp-json\/wp\/v2\/media\/284243"}],"wp:attachment":[{"href":"https:\/\/www.europesays.com\/fr\/wp-json\/wp\/v2\/media?parent=284242"}],"wp:term":[{"taxonomy":"category","embeddable":true,"href":"https:\/\/www.europesays.com\/fr\/wp-json\/wp\/v2\/categories?post=284242"},{"taxonomy":"post_tag","embeddable":true,"href":"https:\/\/www.europesays.com\/fr\/wp-json\/wp\/v2\/tags?post=284242"}],"curies":[{"name":"wp","href":"https:\/\/api.w.org\/{rel}","templated":true}]}}