{"id":284255,"date":"2025-07-30T12:10:13","date_gmt":"2025-07-30T12:10:13","guid":{"rendered":"https:\/\/www.europesays.com\/fr\/284255\/"},"modified":"2025-07-30T12:10:13","modified_gmt":"2025-07-30T12:10:13","slug":"en-pleine-rue-ou-dans-le-bus-une-bande-dados-violents-seme-la-peur-a-rouen","status":"publish","type":"post","link":"https:\/\/www.europesays.com\/fr\/284255\/","title":{"rendered":"En pleine rue ou dans le bus, une bande d&rsquo;ados violents s\u00e8me la peur \u00e0 Rouen"},"content":{"rendered":"<p>            Par<br \/>\n        <strong><br \/>\n            <a href=\"https:\/\/actu.fr\/auteur\/julien-bouteiller\" title=\"Consulter tous les articles de Julien Bouteiller\" rel=\"nofollow noopener\" target=\"_blank\">Julien Bouteiller<\/a><br \/>\n        <\/strong><\/p>\n<p>        Publi\u00e9 le<\/p>\n<p>            30 juil. 2025 \u00e0 11h49        <\/p>\n<p><strong>Ils ont fait plusieurs victimes en quelques jours<\/strong>. Mardi 29 juillet 2025, cinq adolescents soup\u00e7onn\u00e9s d\u2019appartenir \u00e0 <strong>une bande de voleurs violents<\/strong> ont \u00e9t\u00e9 interpell\u00e9s \u00e0 <a href=\"https:\/\/actu.fr\/normandie\/rouen_76540\" rel=\"nofollow noopener\" target=\"_blank\">Rouen<\/a>, apprend-on de source polici\u00e8re.<\/p>\n<p>Une violente agression en bande \u00e0 Saint-Sever<\/p>\n<p class=\" wall-content\">Un premier signalement est fait lundi, pour une agression survenue la veille autour de 16h30. Un jeune de 19 ans explique qu\u2019alors qu\u2019il se rendait <strong>\u00e0 l\u2019arr\u00eat de tramway Saint-Sever<\/strong>, \u00ab\u00a0il \u00e9tait suivi par une bande de sept individus qui l\u2019ont encercl\u00e9 pour le bloquer\u00a0\u00bb. L\u2019un d\u2019eux sortant une gazeuse, \u00ab\u00a0ils l\u2019ont menac\u00e9 pour qu\u2019il donne sa sacoche et ses AirPods\u00a0\u00bb.\u00a0<\/p>\n<p class=\" wall-content\">Il a accept\u00e9 de donner les \u00e9couteurs, mais pas la sacoche. Le jeune arm\u00e9 de la gazeuse l\u2019a donc asperg\u00e9 de lacrymog\u00e8ne.\u00a0<\/p>\n<p>Des ados violents dans les rues de Rouen<\/p>\n<p class=\" wall-content\">Mardi, vers 18h30, une nouvelle agression est signal\u00e9e <strong>dans le secteur du Th\u00e9\u00e2tre des Arts<\/strong>. \u00ab\u00a0Un homme de 18 ans explique qu\u2019un groupe l\u2019a entour\u00e9 puis gaz\u00e9 avec de la lacrymog\u00e8ne. Les individus <strong>l\u2019ont attrap\u00e9, secou\u00e9, fait chuter au sol avec une balayette<\/strong> puis lui ont vol\u00e9 son casque audio\u00a0\u00bb, d\u00e9taille notre source. Une version corrobor\u00e9e par la vid\u00e9osurveillance, qui permet d\u2019avoir un signalement des suspects.<\/p>\n<p class=\" wall-content\">Des recherches sont lanc\u00e9es sur la rive droite, quand un nouveau message parvient aux agents de la Bac (brigade anticriminalit\u00e9). Cette fois, il signale<strong> une nouvelle agression au gaz lacrymo dans un bus<\/strong>, au niveau du Mont Riboudet.<\/p>\n<p class=\" wall-content\">Vers 19h20, un groupe de cinq adolescents correspondants au signalement est rep\u00e9r\u00e9. <strong>Ils ont entre 13 et 16 ans<\/strong>. Sur eux, les policiers retrouvent un brise vitre, un couteau et les AirPods vol\u00e9s \u00e0 Saint-Sever.\u00a0<\/p>\n<p class=\" wall-content\">Les cinq jeunes, formellement identifi\u00e9s par les victimes, sont plac\u00e9s en garde \u00e0 vue. Leurs deux autres complices pr\u00e9sum\u00e9s n\u2019ont pas encore \u00e9t\u00e9 retrouv\u00e9s.<\/p>\n<p>Suivez l\u2019actualit\u00e9 de Rouen <a href=\"https:\/\/www.whatsapp.com\/channel\/0029VaKfnf99hXF2ddApFB1D\" rel=\"nofollow noopener\" target=\"_blank\">sur notre cha\u00eene WhatsApp<\/a> et <a href=\"https:\/\/www.tiktok.com\/@76actu.fr?lang=fr\" rel=\"nofollow noopener\" target=\"_blank\">sur notre compte TikTok<\/a><\/p>\n<p class=\" wall-content\">Suivez toute l\u2019actualit\u00e9 de vos villes et m\u00e9dias favoris en vous inscrivant \u00e0 <a href=\"https:\/\/moncompte.actu.fr\" title=\"D\u00e9couvez Mon Actu\" rel=\"nofollow noopener\" data-trk=\"{&quot;cta&quot;:{&quot;action&quot;:&quot;https:\\\/\\\/moncompte.actu.fr&quot;,&quot;category&quot;:&quot;mon compte&quot;,&quot;from&quot;:&quot;article footer&quot;,&quot;name&quot;:&quot;Mon actu&quot;,&quot;type&quot;:&quot;cta&quot;}}\" target=\"_blank\">Mon Actu<\/a>.<\/p>\n<ul class=\"ac-article-tag wall-content\">\n<li><a href=\"https:\/\/actu.fr\/tag\/police\" data-trk=\"{&quot;cta&quot;:{&quot;action&quot;:&quot;Police&quot;,&quot;category&quot;:&quot;tag&quot;,&quot;from&quot;:&quot;article footer&quot;,&quot;name&quot;:&quot;Police&quot;,&quot;type&quot;:&quot;cta&quot;}}\" rel=\"nofollow noopener\" target=\"_blank\">#Police<\/a><\/li>\n<li><a href=\"https:\/\/actu.fr\/tag\/violences-urbaines\" data-trk=\"{&quot;cta&quot;:{&quot;action&quot;:&quot;Violences urbaines&quot;,&quot;category&quot;:&quot;tag&quot;,&quot;from&quot;:&quot;article footer&quot;,&quot;name&quot;:&quot;Violences urbaines&quot;,&quot;type&quot;:&quot;cta&quot;}}\" rel=\"nofollow noopener\" target=\"_blank\">#Violences urbaines<\/a><\/li>\n<\/ul>\n<p>                    <script async src=\"\/\/www.tiktok.com\/embed.js\"><\/script><\/p>\n","protected":false},"excerpt":{"rendered":"Par Julien Bouteiller Publi\u00e9 le 30 juil. 2025 \u00e0 11h49 Ils ont fait plusieurs victimes en quelques jours.&hellip;\n","protected":false},"author":2,"featured_media":284256,"comment_status":"","ping_status":"","sticky":false,"template":"","format":"standard","meta":{"footnotes":""},"categories":[9587],"tags":[1111,11,1777,674,118,1011,27,12,5161,1072,25,9590,7501],"class_list":{"0":"post-284255","1":"post","2":"type-post","3":"status-publish","4":"format-standard","5":"has-post-thumbnail","7":"category-rouen","8":"tag-actu","9":"tag-actualites","10":"tag-eu","11":"tag-europe","12":"tag-faits-divers","13":"tag-fr","14":"tag-france","15":"tag-news","16":"tag-normandie","17":"tag-police","18":"tag-republique-francaise","19":"tag-rouen","20":"tag-violences-urbaines"},"share_on_mastodon":{"url":"https:\/\/pubeurope.com\/@fr\/114942117345993270","error":""},"_links":{"self":[{"href":"https:\/\/www.europesays.com\/fr\/wp-json\/wp\/v2\/posts\/284255","targetHints":{"allow":["GET"]}}],"collection":[{"href":"https:\/\/www.europesays.com\/fr\/wp-json\/wp\/v2\/posts"}],"about":[{"href":"https:\/\/www.europesays.com\/fr\/wp-json\/wp\/v2\/types\/post"}],"author":[{"embeddable":true,"href":"https:\/\/www.europesays.com\/fr\/wp-json\/wp\/v2\/users\/2"}],"replies":[{"embeddable":true,"href":"https:\/\/www.europesays.com\/fr\/wp-json\/wp\/v2\/comments?post=284255"}],"version-history":[{"count":0,"href":"https:\/\/www.europesays.com\/fr\/wp-json\/wp\/v2\/posts\/284255\/revisions"}],"wp:featuredmedia":[{"embeddable":true,"href":"https:\/\/www.europesays.com\/fr\/wp-json\/wp\/v2\/media\/284256"}],"wp:attachment":[{"href":"https:\/\/www.europesays.com\/fr\/wp-json\/wp\/v2\/media?parent=284255"}],"wp:term":[{"taxonomy":"category","embeddable":true,"href":"https:\/\/www.europesays.com\/fr\/wp-json\/wp\/v2\/categories?post=284255"},{"taxonomy":"post_tag","embeddable":true,"href":"https:\/\/www.europesays.com\/fr\/wp-json\/wp\/v2\/tags?post=284255"}],"curies":[{"name":"wp","href":"https:\/\/api.w.org\/{rel}","templated":true}]}}