{"id":284257,"date":"2025-07-30T12:11:36","date_gmt":"2025-07-30T12:11:36","guid":{"rendered":"https:\/\/www.europesays.com\/fr\/284257\/"},"modified":"2025-07-30T12:11:36","modified_gmt":"2025-07-30T12:11:36","slug":"un-corps-repeche-dans-la-seine-ce-mercredi-matin-a-rouen","status":"publish","type":"post","link":"https:\/\/www.europesays.com\/fr\/284257\/","title":{"rendered":"Un corps rep\u00each\u00e9 dans la Seine ce mercredi matin \u00e0 Rouen"},"content":{"rendered":"<p>\t\t\t\t\t Un corps sans vie a \u00e9t\u00e9 retrouv\u00e9 ce mercredi matin, peu apr\u00e8s 8h30, dans la Seine, au niveau du quai du Pr\u00e9 aux Loups \u00e0 Rouen. Il s\u2019agit d\u2019un homme, dont l\u2019identit\u00e9 et les circonstances du d\u00e9c\u00e8s ne sont pas encore connues \u00e0 ce stade. <\/p>\n<p>Les sapeurs-pompiers sont intervenus pour proc\u00e9der au rep\u00eachage du corps. Celui-ci a \u00e9t\u00e9 ensuite laiss\u00e9 \u00e0 disposition de la police, en charge de l\u2019enqu\u00eate. <\/p>\n<p>Aucune information suppl\u00e9mentaire n\u2019a pour l\u2019instant \u00e9t\u00e9 communiqu\u00e9e sur les causes de la mort ni sur une \u00e9ventuelle identification de la victime. Une autopsie pourrait \u00eatre ordonn\u00e9e afin de d\u00e9terminer les circonstances exactes du d\u00e9c\u00e8s.\n\t\t\t\t <\/p>\n","protected":false},"excerpt":{"rendered":"Un corps sans vie a \u00e9t\u00e9 retrouv\u00e9 ce mercredi matin, peu apr\u00e8s 8h30, dans la Seine, au niveau&hellip;\n","protected":false},"author":2,"featured_media":284258,"comment_status":"","ping_status":"","sticky":false,"template":"","format":"standard","meta":{"footnotes":""},"categories":[9587],"tags":[1111,11,1777,674,1011,27,1934,12,5161,25,9590,5163],"class_list":{"0":"post-284257","1":"post","2":"type-post","3":"status-publish","4":"format-standard","5":"has-post-thumbnail","7":"category-rouen","8":"tag-actu","9":"tag-actualites","10":"tag-eu","11":"tag-europe","12":"tag-fr","13":"tag-france","14":"tag-infos-locales","15":"tag-news","16":"tag-normandie","17":"tag-republique-francaise","18":"tag-rouen","19":"tag-seine-maritime"},"share_on_mastodon":{"url":"https:\/\/pubeurope.com\/@fr\/114942121266036503","error":""},"_links":{"self":[{"href":"https:\/\/www.europesays.com\/fr\/wp-json\/wp\/v2\/posts\/284257","targetHints":{"allow":["GET"]}}],"collection":[{"href":"https:\/\/www.europesays.com\/fr\/wp-json\/wp\/v2\/posts"}],"about":[{"href":"https:\/\/www.europesays.com\/fr\/wp-json\/wp\/v2\/types\/post"}],"author":[{"embeddable":true,"href":"https:\/\/www.europesays.com\/fr\/wp-json\/wp\/v2\/users\/2"}],"replies":[{"embeddable":true,"href":"https:\/\/www.europesays.com\/fr\/wp-json\/wp\/v2\/comments?post=284257"}],"version-history":[{"count":0,"href":"https:\/\/www.europesays.com\/fr\/wp-json\/wp\/v2\/posts\/284257\/revisions"}],"wp:featuredmedia":[{"embeddable":true,"href":"https:\/\/www.europesays.com\/fr\/wp-json\/wp\/v2\/media\/284258"}],"wp:attachment":[{"href":"https:\/\/www.europesays.com\/fr\/wp-json\/wp\/v2\/media?parent=284257"}],"wp:term":[{"taxonomy":"category","embeddable":true,"href":"https:\/\/www.europesays.com\/fr\/wp-json\/wp\/v2\/categories?post=284257"},{"taxonomy":"post_tag","embeddable":true,"href":"https:\/\/www.europesays.com\/fr\/wp-json\/wp\/v2\/tags?post=284257"}],"curies":[{"name":"wp","href":"https:\/\/api.w.org\/{rel}","templated":true}]}}