{"id":284262,"date":"2025-07-30T12:16:09","date_gmt":"2025-07-30T12:16:09","guid":{"rendered":"https:\/\/www.europesays.com\/fr\/284262\/"},"modified":"2025-07-30T12:16:09","modified_gmt":"2025-07-30T12:16:09","slug":"nouvelle-agression-a-la-prison-de-rennes-vezin-la-troisieme-en-deux-semaines-un-surveillant-a-lhopital","status":"publish","type":"post","link":"https:\/\/www.europesays.com\/fr\/284262\/","title":{"rendered":"Nouvelle agression \u00e0 la prison de Rennes-Vezin, la troisi\u00e8me en deux semaines : \u00ab\u00a0Un surveillant \u00e0 l&rsquo;h\u00f4pital\u00a0\u00bb"},"content":{"rendered":"<p>            Par<br \/>\n        <strong><br \/>\n            <a href=\"https:\/\/actu.fr\/auteur\/lou-batteux\" title=\"Consulter tous les articles de Lou Batteux\" target=\"_blank\" rel=\"noopener\">Lou Batteux<\/a><br \/>\n        <\/strong><\/p>\n<p>        Publi\u00e9 le<\/p>\n<p>            30 juil. 2025 \u00e0 13h03        <\/p>\n<p><strong>\u00ab\u00a0Et \u00e7a continue !\u00a0\u00bb<\/strong>. Mercredi 16 juillet, un d\u00e9tenu a tent\u00e9 d\u2019\u00e9trangler un grad\u00e9 au Centre p\u00e9nitentiaire pour hommes de\u00a0Rennes-Vezin (CPRV). <a href=\"https:\/\/actu.fr\/bretagne\/rennes_35238\/agression-d-un-agent-au-a-la-prison-de-rennes-vezin-de-plus-en-plus-de-detenus-difficiles-a-gerer_62957967.html\" target=\"_blank\" rel=\"noopener\">Jeudi 24 juillet, un autre d\u00e9tenu a ass\u00e9n\u00e9 un coup de poing au visage d\u2019un agent p\u00e9nitentiaire<\/a>. Et ce lundi 28 juillet, une nouvelle agression est survenue. Un prisonnier, lui aussi \u00ab\u00a0connu pour son <strong>instabilit\u00e9 mentale\u00a0\u00bb<\/strong>, s\u2019en est pris \u00e0 un surveillant, l\u2019envoyant \u00e0 l\u2019h\u00f4pital.<\/p>\n<p class=\" wall-content\">Face \u00e0 ces violences \u00e0 r\u00e9p\u00e9tition, le <strong>syndicat FO-Justice<\/strong> \u00ab\u00a0a imm\u00e9diatement appel\u00e9 \u00e0 un <strong>d\u00e9brayage<\/strong>\u00a0\u00bb mardi 29 juillet, d\u00e8s 7h, ce qui a \u00ab\u00a0fortement ralenti le fonctionnement de l\u2019\u00e9tablissement pendant toute la matin\u00e9e\u00a0\u00bb.<\/p>\n<p class=\" wall-content\"><strong>L\u2019augmentation des profils psychiatriques<\/strong> dans l\u2019\u00e9tablissement devient r\u00e9ellement \u00ab\u00a0ing\u00e9rable\u00a0\u00bb pour le personnel, t\u00e9moignait Florian Adam, secr\u00e9taire local FO-Justice, quelques jours plus t\u00f4t aupr\u00e8s d\u2019<a href=\"https:\/\/actu.fr\/rennes\/\" target=\"_blank\" rel=\"noopener\">actu Rennes<\/a>. Pourtant, ce dernier indique qu\u2019il \u00ab\u00a0n\u2019a cess\u00e9 d\u2019alerter sur <strong>les risques de tels profils\u00a0\u00bb<\/strong>.<\/p>\n<p>Un coup de poing au menton et deux points de suture<\/p>\n<p class=\" wall-content\">Lundi 28 juillet, vers 14h45, les agents p\u00e9nitentiaires du CPRV sortent un d\u00e9tenu de sa cellule dans le cadre d\u2019une <strong>extraction judiciaire<\/strong>. Celui-ci est <strong>\u00ab\u00a0connu pour son instabilit\u00e9 mentale\u00a0\u00bb<\/strong>, selon le FO-Justice. Il s\u2019amuse r\u00e9guli\u00e8rement \u00ab\u00a0\u00e0 se recouvrir le visage de dentifrice pour simuler une barbe\u00a0\u00bb, dans une cellule \u00ab\u00a0d\u2019une <strong>salet\u00e9 extr\u00eame<\/strong>, \u00e0 l\u2019image de son occupant\u00a0\u00bb, rel\u00e8ve le syndicat.<\/p>\n<p class=\" wall-content\">Lors de sa sortie, l\u2019individu profite du mouvement g\u00e9n\u00e9ral pour <strong>tenter de se m\u00ealer aux autres d\u00e9tenus<\/strong>. Il est rapidement intercept\u00e9 par des agents vigilants. Alors qu\u2019il est ensuite escort\u00e9 par un surveillant jusqu\u2019\u00e0 la grille d\u2019acc\u00e8s de la maison d\u2019arr\u00eat, il tente de \u00ab\u00a0subtiliser une cigarette \u00e0 un autre d\u00e9tenu\u00a0\u00bb.<\/p>\n<p class=\" wall-content\">Le surveillant intervient alors en \u00ab\u00a0repoussant l\u2019individu du plat de la main pour pr\u00e9venir tout incident\u00a0\u00bb. C\u2019est \u00e0 ce moment-l\u00e0 que le d\u00e9tenu se retourne \u00ab\u00a0brutalement\u00a0\u00bb et lui porte un <strong>coup de poing au menton<\/strong>. Suite au choc, <strong>l\u2019agent \u00ab\u00a0s\u2019effondre au sol, KO\u00a0\u00bb<\/strong>. Le d\u00e9tenu est par la suite ma\u00eetris\u00e9 par des renforts et emmen\u00e9 au <strong>quartier disciplinaire<\/strong>.<\/p>\n<p class=\" wall-content\">Accompagn\u00e9 \u00e0 l\u2019Unit\u00e9 Sanitaire (l\u2019infirmerie de l\u2019\u00e9tablissement), le surveillant a subi \u00ab\u00a0<strong>deux points de suture au menton avant d\u2019\u00eatre emmen\u00e9 \u00e0 l\u2019h\u00f4pital<\/strong> par les pompiers\u00a0\u00bb. Il ne quittera l\u2019\u00e9tablissement de soins\u00a0que vers 21h.<\/p>\n<p>Un personnel \u00ab\u00a0d\u00e9pass\u00e9 et fatigu\u00e9\u00a0\u00bb<\/p>\n<p class=\" wall-content\">Suite \u00e0 ces ph\u00e9nom\u00e8nes de violence r\u00e9p\u00e9t\u00e9s, le bureau local FO-Justice se dit \u00ab\u00a0d\u00e9pass\u00e9 et fatigu\u00e9\u00a0\u00bb. Il d\u00e9nonce<strong> l\u2019inaction de l\u2019administration<\/strong> qui \u00ab\u00a0continue de laisser ces profils dangereux d\u00e9ambuler au milieu des autres\u00a0\u00bb.<\/p>\n<blockquote class=\"ac-article-quote wall-content\">\n<p>Le bureau local FO exige le transfert imm\u00e9diat de ce type de profils vers des unit\u00e9s sp\u00e9cialis\u00e9es. Il ne s\u2019agit plus de simples incidents isol\u00e9s, mais d\u2019un syst\u00e8me qui craque de partout pendant que l\u2019administration d\u00e9tourne le regard.<\/p>\n<p>    <strong>Le bureau local FO Justice du centre p\u00e9nitentiaire de Rennes-Vezin<\/strong>\n            <\/p><\/blockquote>\n<p class=\" wall-content\">Les membres du bureau exigent donc une \u00ab\u00a0<strong>sanction exemplaire<\/strong> contre l\u2019agresseur\u00a0\u00bb.<\/p>\n<p class=\" wall-content\">Suivez toute l\u2019actualit\u00e9 de vos villes et m\u00e9dias favoris en vous inscrivant \u00e0 <a href=\"https:\/\/moncompte.actu.fr\" title=\"D\u00e9couvez Mon Actu\" rel=\"nofollow noopener\" data-trk=\"{&quot;cta&quot;:{&quot;action&quot;:&quot;https:\\\/\\\/moncompte.actu.fr&quot;,&quot;category&quot;:&quot;mon compte&quot;,&quot;from&quot;:&quot;article footer&quot;,&quot;name&quot;:&quot;Mon actu&quot;,&quot;type&quot;:&quot;cta&quot;}}\" target=\"_blank\">Mon Actu<\/a>.<\/p>\n","protected":false},"excerpt":{"rendered":"Par Lou Batteux Publi\u00e9 le 30 juil. 2025 \u00e0 13h03 \u00ab\u00a0Et \u00e7a continue !\u00a0\u00bb. Mercredi 16 juillet, un&hellip;\n","protected":false},"author":2,"featured_media":187340,"comment_status":"","ping_status":"","sticky":false,"template":"","format":"standard","meta":{"footnotes":""},"categories":[2821],"tags":[1111,11,829,1777,674,1011,27,303,12,899,584,25,104,3427],"class_list":{"0":"post-284262","1":"post","2":"type-post","3":"status-publish","4":"format-standard","5":"has-post-thumbnail","7":"category-rennes","8":"tag-actu","9":"tag-actualites","10":"tag-bretagne","11":"tag-eu","12":"tag-europe","13":"tag-fr","14":"tag-france","15":"tag-justice","16":"tag-news","17":"tag-prisons","18":"tag-rennes","19":"tag-republique-francaise","20":"tag-societe","21":"tag-syndicats"},"share_on_mastodon":{"url":"https:\/\/pubeurope.com\/@fr\/114942141075738247","error":""},"_links":{"self":[{"href":"https:\/\/www.europesays.com\/fr\/wp-json\/wp\/v2\/posts\/284262","targetHints":{"allow":["GET"]}}],"collection":[{"href":"https:\/\/www.europesays.com\/fr\/wp-json\/wp\/v2\/posts"}],"about":[{"href":"https:\/\/www.europesays.com\/fr\/wp-json\/wp\/v2\/types\/post"}],"author":[{"embeddable":true,"href":"https:\/\/www.europesays.com\/fr\/wp-json\/wp\/v2\/users\/2"}],"replies":[{"embeddable":true,"href":"https:\/\/www.europesays.com\/fr\/wp-json\/wp\/v2\/comments?post=284262"}],"version-history":[{"count":0,"href":"https:\/\/www.europesays.com\/fr\/wp-json\/wp\/v2\/posts\/284262\/revisions"}],"wp:featuredmedia":[{"embeddable":true,"href":"https:\/\/www.europesays.com\/fr\/wp-json\/wp\/v2\/media\/187340"}],"wp:attachment":[{"href":"https:\/\/www.europesays.com\/fr\/wp-json\/wp\/v2\/media?parent=284262"}],"wp:term":[{"taxonomy":"category","embeddable":true,"href":"https:\/\/www.europesays.com\/fr\/wp-json\/wp\/v2\/categories?post=284262"},{"taxonomy":"post_tag","embeddable":true,"href":"https:\/\/www.europesays.com\/fr\/wp-json\/wp\/v2\/tags?post=284262"}],"curies":[{"name":"wp","href":"https:\/\/api.w.org\/{rel}","templated":true}]}}