{"id":284265,"date":"2025-07-30T12:18:12","date_gmt":"2025-07-30T12:18:12","guid":{"rendered":"https:\/\/www.europesays.com\/fr\/284265\/"},"modified":"2025-07-30T12:18:12","modified_gmt":"2025-07-30T12:18:12","slug":"tyrese-noubissie-aurait-deja-signe-son-contrat-alsasports","status":"publish","type":"post","link":"https:\/\/www.europesays.com\/fr\/284265\/","title":{"rendered":"Tyrese Noubissie aurait d\u00e9j\u00e0 sign\u00e9 son contrat \u2014 Alsa&rsquo;Sports"},"content":{"rendered":"<p><strong>Le milieu de terrain Tyrese Noubissie (16 ans) aurait selon L\u2019\u00c9quipe d\u00e9j\u00e0 sign\u00e9 son premier contrat professionnel \u00e0 Strasbourg. <\/strong><\/p>\n<p>C\u2019est un tr\u00e8s jeune espoir que le Racing a voulu r\u00e9cup\u00e9rer face \u00e0 la concurrence de grands d\u2019Europe (Bayer Leverkusen, Ajax Amsterdam, Manchester United). L\u2019international U16 fran\u00e7ais Tyrese Noubissie aurait sign\u00e9 son premier contrat professionnel, selon les indiscr\u00e9tions du journal L\u2019\u00c9quipe, d\u2019une dur\u00e9e de trois ans.<\/p>\n<p>Le Racing Club de Strasbourg, port\u00e9 par le projet de Blue&amp;Co, dispose d\u2019une meilleure renomm\u00e9e et d\u2019arguments strat\u00e9giques plus importants. La perspective d\u2019\u00e9voluer dans l\u2019\u00e9quipe la plus jeune d\u2019Europe, avec l\u2019ambition pour les plus performants d\u2019\u00eatre scrut\u00e9 de pr\u00e8s par Chelsea en \u00e9tant d\u00e9j\u00e0 dans son antichambre, avait s\u00e9duit Noubissie, malgr\u00e9 une proposition d\u2019un contrat longue dur\u00e9e de son club de Manchester City. Il avait \u00e9t\u00e9 recrut\u00e9 \u00e0 l\u2019\u00e9t\u00e9 2023 dans l\u2019acad\u00e9mie des Cityzens pour 1,2 millions d\u2019euros (bonus compris) et y aura pass\u00e9 deux ann\u00e9es. <\/p>\n","protected":false},"excerpt":{"rendered":"Le milieu de terrain Tyrese Noubissie (16 ans) aurait selon L\u2019\u00c9quipe d\u00e9j\u00e0 sign\u00e9 son premier contrat professionnel \u00e0&hellip;\n","protected":false},"author":2,"featured_media":259162,"comment_status":"","ping_status":"","sticky":false,"template":"","format":"standard","meta":{"footnotes":""},"categories":[2820],"tags":[1111,11,1777,674,63,1011,27,775,66,12,4448,25,640],"class_list":{"0":"post-284265","1":"post","2":"type-post","3":"status-publish","4":"format-standard","5":"has-post-thumbnail","7":"category-strasbourg","8":"tag-actu","9":"tag-actualites","10":"tag-eu","11":"tag-europe","12":"tag-football","13":"tag-fr","14":"tag-france","15":"tag-grand-est","16":"tag-ligue-1","17":"tag-news","18":"tag-rc-strasbourg","19":"tag-republique-francaise","20":"tag-strasbourg"},"share_on_mastodon":{"url":"https:\/\/pubeurope.com\/@fr\/114942148840524048","error":""},"_links":{"self":[{"href":"https:\/\/www.europesays.com\/fr\/wp-json\/wp\/v2\/posts\/284265","targetHints":{"allow":["GET"]}}],"collection":[{"href":"https:\/\/www.europesays.com\/fr\/wp-json\/wp\/v2\/posts"}],"about":[{"href":"https:\/\/www.europesays.com\/fr\/wp-json\/wp\/v2\/types\/post"}],"author":[{"embeddable":true,"href":"https:\/\/www.europesays.com\/fr\/wp-json\/wp\/v2\/users\/2"}],"replies":[{"embeddable":true,"href":"https:\/\/www.europesays.com\/fr\/wp-json\/wp\/v2\/comments?post=284265"}],"version-history":[{"count":0,"href":"https:\/\/www.europesays.com\/fr\/wp-json\/wp\/v2\/posts\/284265\/revisions"}],"wp:featuredmedia":[{"embeddable":true,"href":"https:\/\/www.europesays.com\/fr\/wp-json\/wp\/v2\/media\/259162"}],"wp:attachment":[{"href":"https:\/\/www.europesays.com\/fr\/wp-json\/wp\/v2\/media?parent=284265"}],"wp:term":[{"taxonomy":"category","embeddable":true,"href":"https:\/\/www.europesays.com\/fr\/wp-json\/wp\/v2\/categories?post=284265"},{"taxonomy":"post_tag","embeddable":true,"href":"https:\/\/www.europesays.com\/fr\/wp-json\/wp\/v2\/tags?post=284265"}],"curies":[{"name":"wp","href":"https:\/\/api.w.org\/{rel}","templated":true}]}}