{"id":284266,"date":"2025-07-30T12:19:12","date_gmt":"2025-07-30T12:19:12","guid":{"rendered":"https:\/\/www.europesays.com\/fr\/284266\/"},"modified":"2025-07-30T12:19:12","modified_gmt":"2025-07-30T12:19:12","slug":"vence-decouverte-exceptionnelle-dun-baptistere-paleochretien-apres-la","status":"publish","type":"post","link":"https:\/\/www.europesays.com\/fr\/284266\/","title":{"rendered":"Vence : d\u00e9couverte exceptionnelle d\u2019un baptist\u00e8re pal\u00e9ochr\u00e9tien apr\u00e8s la (\u2026)"},"content":{"rendered":"<p>                    <img loading=\"lazy\" decoding=\"async\" src=\"https:\/\/www.europesays.com\/fr\/wp-content\/uploads\/2025\/07\/f962a2a08d8b9770c3f6c3ac053362.jpg\" class=\"img-responsive post-image\" width=\"680\" height=\"510\" alt=\"Vence : d\u00e9couverte except\" title=\"Vence : d\u00e9couverte exceptionnelle d'un baptist\u00e8re pal\u00e9ochr\u00e9tien apr\u00e8s la mise au jour d'une cath\u00e9drale du Ve si\u00e8cle\"\/><\/p>\n<p class=\"chapo\">Les fouilles arch\u00e9ologiques men\u00e9es depuis mai 2025 en plein c\u0153ur de la cit\u00e9 historique de Vence, place Surian, continuent de livrer des r\u00e9v\u00e9lations majeures sur les origines chr\u00e9tiennes de la ville. Apr\u00e8s l\u2019identification probable d\u2019une cath\u00e9drale pal\u00e9ochr\u00e9tienne en mars dernier, les arch\u00e9ologues du service de la M\u00e9tropole Nice C\u00f4te d\u2019Azur viennent de mettre au jour un baptist\u00e8re remarquablement bien conserv\u00e9, situ\u00e9 \u00e0 l\u2019ext\u00e9rieur de cet ancien \u00e9difice religieux.<\/p>\n<p>Ces d\u00e9couvertes s\u2019inscrivent dans un contexte plus large, puisque Vence a r\u00e9cemment obtenu le label \u00ab\u00a0<strong>Pays d\u2019art et d\u2019histoire<\/strong>\u00a0\u00bb d\u00e9cern\u00e9 par le minist\u00e8re de la Culture. Ce label met en valeur les patrimoines des sept communes du Pays Ven\u00e7ois, renforc\u00e9 aujourd\u2019hui par l\u2019ampleur et la qualit\u00e9 des vestiges exhum\u00e9s.<\/p>\n<p>Pratiques liturgiques <\/p>\n<p>Le baptist\u00e8re d\u00e9couvert permet d\u2019\u00e9clairer les pratiques liturgiques des premiers si\u00e8cles du christianisme. Les n\u00e9ophytes y \u00e9taient immerg\u00e9s dans une cuve baptismale avant de rejoindre la communaut\u00e9 chr\u00e9tienne. Ce rite d\u2019entr\u00e9e t\u00e9moigne d\u2019une organisation eccl\u00e9siale d\u00e9j\u00e0 bien structur\u00e9e \u00e0 Vence au Ve si\u00e8cle.<br class=\"autobr\"\/><br \/>\nEn parall\u00e8le, une trentaine de s\u00e9pultures ont \u00e9t\u00e9 mises au jour \u00e0 l\u2019int\u00e9rieur m\u00eame de l\u2019\u00e9difice religieux. La qualit\u00e9 architecturale des tombes sugg\u00e8re qu\u2019elles pourraient appartenir \u00e0 des personnalit\u00e9s de haut rang\u00a0: \u00e9v\u00eaques, chanoines ou notables la\u00efcs. Trois squelettes d\u2019enfants ont \u00e9galement \u00e9t\u00e9 retrouv\u00e9s. Des analyses isotopiques sont en cours afin de mieux conna\u00eetre l\u2019identit\u00e9, l\u2019origine et les conditions de vie de ces individus. Ces r\u00e9sultats pourraient faire \u00e9cho aux sources \u00e9crites mentionnant des \u00e9v\u00eaques Ven\u00e7ois entre le Ve et le XIe si\u00e8cle.<br class=\"autobr\"\/><br \/>\nLes fouilles ont \u00e9galement r\u00e9v\u00e9l\u00e9 que l\u2019\u00e9difice pal\u00e9ochr\u00e9tien avait \u00e9t\u00e9 aras\u00e9 lors de la construction de l\u2019actuelle cath\u00e9drale, au XIe si\u00e8cle. Deux moules \u00e0 cloche d\u00e9couverts dans l\u2019ancienne nef t\u00e9moignent d\u2019une occupation plus tardive du site, apr\u00e8s l\u2019abandon du b\u00e2timent religieux initial.<\/p>\n<p>Futures halles commerciales<\/p>\n<p>Cette campagne de fouilles, conduite \u00e0 l\u2019initiative de la Ville de Vence en collaboration avec la DRAC Provence-Alpes-C\u00f4te d\u2019Azur et le service d\u2019arch\u00e9ologie de la M\u00e9tropole, s\u2019inscrit dans le cadre du projet municipal de halles commerciales. Ce projet n\u2019est pas remis en question mais s\u2019enrichit d\u00e9sormais d\u2019une dimension culturelle forte. Une valorisation des vestiges les plus significatifs est pr\u00e9vue afin de permettre au public de d\u00e9couvrir ce pan m\u00e9connu de l\u2019histoire chr\u00e9tienne de Vence.<br class=\"autobr\"\/><br \/>\nCes d\u00e9couvertes viennent ainsi conforter le statut patrimonial de la commune et rappellent l\u2019importance du sous-sol ven\u00e7ois dans la compr\u00e9hension des origines des Alpes-Maritimes.<\/p>\n<p>Photo de Une\u00a0: Baptist\u00e8re de l\u2019ancienne cath\u00e9drale de Vence \u00a9 F. Blanc Garidel, service d\u2019Arch\u00e9ologie Nice C\u00f4te d\u2019Azur<\/p>\n","protected":false},"excerpt":{"rendered":"Les fouilles arch\u00e9ologiques men\u00e9es depuis mai 2025 en plein c\u0153ur de la cit\u00e9 historique de Vence, place Surian,&hellip;\n","protected":false},"author":2,"featured_media":284267,"comment_status":"","ping_status":"","sticky":false,"template":"","format":"standard","meta":{"footnotes":""},"categories":[2819],"tags":[1111,11,2408,1777,674,1011,27,12,2401,882,25],"class_list":{"0":"post-284266","1":"post","2":"type-post","3":"status-publish","4":"format-standard","5":"has-post-thumbnail","7":"category-nice","8":"tag-actu","9":"tag-actualites","10":"tag-appels-d","11":"tag-eu","12":"tag-europe","13":"tag-fr","14":"tag-france","15":"tag-news","16":"tag-nice","17":"tag-provence-alpes-cote-dazur","18":"tag-republique-francaise"},"share_on_mastodon":{"url":"https:\/\/pubeurope.com\/@fr\/114942152732040062","error":""},"_links":{"self":[{"href":"https:\/\/www.europesays.com\/fr\/wp-json\/wp\/v2\/posts\/284266","targetHints":{"allow":["GET"]}}],"collection":[{"href":"https:\/\/www.europesays.com\/fr\/wp-json\/wp\/v2\/posts"}],"about":[{"href":"https:\/\/www.europesays.com\/fr\/wp-json\/wp\/v2\/types\/post"}],"author":[{"embeddable":true,"href":"https:\/\/www.europesays.com\/fr\/wp-json\/wp\/v2\/users\/2"}],"replies":[{"embeddable":true,"href":"https:\/\/www.europesays.com\/fr\/wp-json\/wp\/v2\/comments?post=284266"}],"version-history":[{"count":0,"href":"https:\/\/www.europesays.com\/fr\/wp-json\/wp\/v2\/posts\/284266\/revisions"}],"wp:featuredmedia":[{"embeddable":true,"href":"https:\/\/www.europesays.com\/fr\/wp-json\/wp\/v2\/media\/284267"}],"wp:attachment":[{"href":"https:\/\/www.europesays.com\/fr\/wp-json\/wp\/v2\/media?parent=284266"}],"wp:term":[{"taxonomy":"category","embeddable":true,"href":"https:\/\/www.europesays.com\/fr\/wp-json\/wp\/v2\/categories?post=284266"},{"taxonomy":"post_tag","embeddable":true,"href":"https:\/\/www.europesays.com\/fr\/wp-json\/wp\/v2\/tags?post=284266"}],"curies":[{"name":"wp","href":"https:\/\/api.w.org\/{rel}","templated":true}]}}