{"id":284279,"date":"2025-07-30T12:26:13","date_gmt":"2025-07-30T12:26:13","guid":{"rendered":"https:\/\/www.europesays.com\/fr\/284279\/"},"modified":"2025-07-30T12:26:13","modified_gmt":"2025-07-30T12:26:13","slug":"tarn-ce-parc-dactivites-economiques-sort-de-terre-a-30-minutes-de-toulouse-il-est-dedie-a-la-sante","status":"publish","type":"post","link":"https:\/\/www.europesays.com\/fr\/284279\/","title":{"rendered":"Tarn. Ce parc d&rsquo;activit\u00e9s \u00e9conomiques sort de terre \u00e0 30 minutes de Toulouse, il est d\u00e9di\u00e9 \u00e0 la sant\u00e9"},"content":{"rendered":"<p>            Par<br \/>\n        <strong><br \/>\n            <a href=\"https:\/\/actu.fr\/auteur\/fabien-hisbacq-actu-fr\" title=\"Consulter tous les articles de Fabien Hisbacq\" target=\"_blank\" rel=\"noopener\">Fabien Hisbacq<\/a><br \/>\n        <\/strong><\/p>\n<p>        Publi\u00e9 le<\/p>\n<p>            30 juil. 2025 \u00e0 13h12        <\/p>\n<p>Ceux qui ne vivent pas dans le secteur connaissaient peut-\u00eatre <strong>Soual<\/strong> pour deux raisons. Cette commune du sud du <strong><a href=\"https:\/\/actu.fr\/occitanie\/tarn_81\" target=\"_blank\" rel=\"noopener\">Tarn<\/a><\/strong> dans l\u2019aire d\u2019agglom\u00e9ration de Castres d\u2019environ 2 600 habitants est sur le trac\u00e9 de la<strong> future autoroute A69<\/strong> entre la sous-pr\u00e9fecture tarnaise et Toulouse. Et on y trouve un gros site du <strong>g\u00e9ant pharmaceutique Pierre Fabre<\/strong>. Mais la petite ville aura aussi <strong>bient\u00f4t un parc d\u2019activit\u00e9s \u00e9conomiques tr\u00e8s sp\u00e9cial. <\/strong>A 30 minutes de l\u2019agglom\u00e9ration toulousaine et \u00e0 dix minutes de Castres.<\/p>\n<p class=\" wall-content\">Celui-ci sera <strong>d\u00e9di\u00e9 \u00e0 la \u00ab\u00a0sant\u00e9 globale\u00a0\u00bb<\/strong>. Son nom ? \u00ab\u00a0Plaine sant\u00e9\u00a0\u00bb. Il est en train de sortir de terre \u00e0 proximit\u00e9 du Super U <strong>en bordure de la RN126<\/strong>. Un emplacement choisi par la communaut\u00e9 de communes Sor et Agout qui ne doit donc rien au hasard.<\/p>\n<p>Dans les domaines de la sant\u00e9 humaine, animale ou environnementale<\/p>\n<p class=\" wall-content\">Comme son nom l\u2019indique, ce parc d\u2019activit\u00e9s cible les entreprises qui con\u00e7oivent, d\u00e9veloppent ou produisent pour les professionnels exer\u00e7ant dans les domaines de la sant\u00e9 humaine, animale ou environnementale.\u00a0<\/p>\n<p>    <a href=\"https:\/\/www.google.com\/maps\/embed?pb=!1m18!1m12!1m3!1d2202.083820406567!2d2.128839453888088!3d43.56611643404368!2m3!1f0!2f0!3f0!3m2!1i1024!2i768!4f13.1!3m3!1m2!1s0x12ae6cc3fe8b5e51%3A0x7f3d1340f90564ba!2sSuper%20U%20et%20Drive!5e1!3m2!1sfr!2sfr!4v1753861912575!5m2!1sfr!2sfr\" title=\"Ouvrie le lien\" target=\"_blank\" rel=\"noopener\">Cliquez ici pour visualiser le contenu<\/a><\/p>\n<p>Des parcelles de 2\u202f000 \u00e0 8\u202f850\u202fm\u00b2<\/p>\n<p class=\" wall-content\">En tout, il y a <strong>5 hectares<\/strong>, divis\u00e9s en douze parcelles.\u00a0Port\u00e9e par la communaut\u00e9 de communes, <strong>la commercialisation des lots<\/strong> (de 2\u202f000 \u00e0 8\u202f850\u202fm\u00b2) <strong>vient de d\u00e9buter<\/strong>.<\/p>\n<p>    <img   decoding=\"async\" loading=\"lazy\" src=\"https:\/\/www.europesays.com\/fr\/wp-content\/uploads\/2025\/07\/plaine-sante-communaute-de-communes-sor-agout-vue-echangeur-960x640.png\" alt=\"Le site se trouve en bordure de la route nationale et pr\u00e8s d'un site des labos Pierre Fabre.\" width=\"960\" height=\"640\"\/><br \/>\n    Le site se trouve en bordure de la route nationale et pr\u00e8s d\u2019un site des labos Pierre Fabre. (\u00a9CCSA)<\/p>\n<p class=\" wall-content\">La collectivit\u00e9 a des arguments pour faire venir les soci\u00e9t\u00e9s sur cette zone. Chaque entreprise peut b\u00e9n\u00e9ficier d\u2019un accompagnement adapt\u00e9 et personnalis\u00e9 via un service \u00e9conomique d\u00e9di\u00e9, \u00ab\u00a0l\u2019optimisation des d\u00e9lais d\u2019implantation\u00a0\u00bb, l\u2019assistance d\u2019un architecte conseil, une aide \u00e0 l\u2019immobilier (possible sous condition) ou encore\u00a0un soutien au recrutement via le service Emploi Sor &amp; Agout.<\/p>\n<p>    <img   decoding=\"async\" loading=\"lazy\" src=\"https:\/\/www.europesays.com\/fr\/wp-content\/uploads\/2025\/07\/plaine-sante-communaute-de-communes-sor-agout-vue-de-drone-soual-960x640.jpg\" alt=\"Selon les projets d\u2019implantation des structures, il sera par exemple possible de regrouper les parcelles.\" width=\"960\" height=\"640\"\/><br \/>\n    Selon les projets d\u2019implantation des structures, il sera par exemple possible de regrouper les parcelles. (\u00a9CCSA)<\/p>\n<p class=\" wall-content\">\u00ab\u00a0L\u2019ensemble des terrains disponibles \u00e0 la vente sont plats et seront <strong>d\u00e9limit\u00e9s en vue de r\u00e9pondre au mieux aux besoins<\/strong> des entreprises\u00a0\u00bb, vante St\u00e9phane Vuagnat, le directeur g\u00e9n\u00e9ral adjoint de la communaut\u00e9 de communes. Selon les projets d\u2019implantation des structures, il sera par exemple possible de regrouper les parcelles.<\/p>\n<p>Plus d\u2019infos sur le parc d\u2019activit\u00e9s <a href=\"https:\/\/www.communautesoragout.fr\/plaine-sante\" target=\"_blank\" rel=\"noopener\">ici<\/a>.<\/p>\n<p class=\" wall-content\">Suivez toute l\u2019actualit\u00e9 de vos villes et m\u00e9dias favoris en vous inscrivant \u00e0 <a href=\"https:\/\/moncompte.actu.fr\" title=\"D\u00e9couvez Mon Actu\" rel=\"nofollow noopener\" data-trk=\"{&quot;cta&quot;:{&quot;action&quot;:&quot;https:\\\/\\\/moncompte.actu.fr&quot;,&quot;category&quot;:&quot;mon compte&quot;,&quot;from&quot;:&quot;article footer&quot;,&quot;name&quot;:&quot;Mon actu&quot;,&quot;type&quot;:&quot;cta&quot;}}\" target=\"_blank\">Mon Actu<\/a>.<\/p>\n<ul class=\"ac-article-tag wall-content\">\n<li><a href=\"https:\/\/actu.fr\/tag\/autoroute-castres-toulouse-a69\" data-trk=\"{&quot;cta&quot;:{&quot;action&quot;:&quot;Autoroute Castres-Toulouse (A69)&quot;,&quot;category&quot;:&quot;tag&quot;,&quot;from&quot;:&quot;article footer&quot;,&quot;name&quot;:&quot;Autoroute Castres-Toulouse (A69)&quot;,&quot;type&quot;:&quot;cta&quot;}}\" target=\"_blank\" rel=\"noopener\">#Autoroute Castres-Toulouse (A69)<\/a><\/li>\n<li><a href=\"https:\/\/actu.fr\/tag\/sante\" data-trk=\"{&quot;cta&quot;:{&quot;action&quot;:&quot;Sant\\u00e9&quot;,&quot;category&quot;:&quot;tag&quot;,&quot;from&quot;:&quot;article footer&quot;,&quot;name&quot;:&quot;Sant\\u00e9&quot;,&quot;type&quot;:&quot;cta&quot;}}\" target=\"_blank\" rel=\"noopener\">#Sant\u00e9<\/a><\/li>\n<\/ul>\n","protected":false},"excerpt":{"rendered":"Par Fabien Hisbacq Publi\u00e9 le 30 juil. 2025 \u00e0 13h12 Ceux qui ne vivent pas dans le secteur&hellip;\n","protected":false},"author":2,"featured_media":284280,"comment_status":"","ping_status":"","sticky":false,"template":"","format":"standard","meta":{"footnotes":""},"categories":[2816],"tags":[1111,11,5728,33,1777,674,1011,27,12,2680,25,71,2312],"class_list":{"0":"post-284279","1":"post","2":"type-post","3":"status-publish","4":"format-standard","5":"has-post-thumbnail","7":"category-toulouse","8":"tag-actu","9":"tag-actualites","10":"tag-autoroute-castres-toulouse-a69","11":"tag-economie","12":"tag-eu","13":"tag-europe","14":"tag-fr","15":"tag-france","16":"tag-news","17":"tag-occitanie","18":"tag-republique-francaise","19":"tag-sante","20":"tag-toulouse"},"share_on_mastodon":{"url":"https:\/\/pubeurope.com\/@fr\/114942180442883308","error":""},"_links":{"self":[{"href":"https:\/\/www.europesays.com\/fr\/wp-json\/wp\/v2\/posts\/284279","targetHints":{"allow":["GET"]}}],"collection":[{"href":"https:\/\/www.europesays.com\/fr\/wp-json\/wp\/v2\/posts"}],"about":[{"href":"https:\/\/www.europesays.com\/fr\/wp-json\/wp\/v2\/types\/post"}],"author":[{"embeddable":true,"href":"https:\/\/www.europesays.com\/fr\/wp-json\/wp\/v2\/users\/2"}],"replies":[{"embeddable":true,"href":"https:\/\/www.europesays.com\/fr\/wp-json\/wp\/v2\/comments?post=284279"}],"version-history":[{"count":0,"href":"https:\/\/www.europesays.com\/fr\/wp-json\/wp\/v2\/posts\/284279\/revisions"}],"wp:featuredmedia":[{"embeddable":true,"href":"https:\/\/www.europesays.com\/fr\/wp-json\/wp\/v2\/media\/284280"}],"wp:attachment":[{"href":"https:\/\/www.europesays.com\/fr\/wp-json\/wp\/v2\/media?parent=284279"}],"wp:term":[{"taxonomy":"category","embeddable":true,"href":"https:\/\/www.europesays.com\/fr\/wp-json\/wp\/v2\/categories?post=284279"},{"taxonomy":"post_tag","embeddable":true,"href":"https:\/\/www.europesays.com\/fr\/wp-json\/wp\/v2\/tags?post=284279"}],"curies":[{"name":"wp","href":"https:\/\/api.w.org\/{rel}","templated":true}]}}