{"id":284284,"date":"2025-07-30T12:29:09","date_gmt":"2025-07-30T12:29:09","guid":{"rendered":"https:\/\/www.europesays.com\/fr\/284284\/"},"modified":"2025-07-30T12:29:09","modified_gmt":"2025-07-30T12:29:09","slug":"apres-des-dizaines-descroqueries-aux-assurances-un-couple-de-marseillais-trahi-par-une-coincidence","status":"publish","type":"post","link":"https:\/\/www.europesays.com\/fr\/284284\/","title":{"rendered":"Apr\u00e8s des dizaines d&rsquo;escroqueries aux assurances, un couple de marseillais trahi par une co\u00efncidence"},"content":{"rendered":"<p>S\u2019il y a un dieu des assurances, il s\u2019est manifest\u00e9 par un curieux hasard en avril dernier, dans le 15e arrondissement de Marseille, sur le parking de Grand Littoral. Ce jour-l\u00e0 Adem et Cecilia allaient simplement faire leurs courses en voiture au centre commercial.<\/p>\n<p>Mais, techniquement, ce n\u2019\u00e9tait plus vraiment leur v\u00e9hicule.<\/p>\n<p>Car depuis plus d\u2019un an d\u00e9j\u00e0, le couple avait trouv\u00e9 une solution pour mener la belle vie sur le dos des assurances. <a href=\"https:\/\/www.laprovence.com\/article\/faits-divers-justice\/4455579575597314\/arnaque-au-faux-banquier-l-escroquerie-etait-pilotee-depuis-la-cote-bleue-par-un-marseillais-et-un-parisien\" target=\"_blank\" rel=\"noopener\">Ils multipliaient les \u00ab\u00a0coups d\u2019assur'\u00a0\u00bb<\/a>, des d\u00e9clarations de sinistres imaginaires appuy\u00e9es par de fausses plaintes et des factures contrefaites, pour obtenir r\u00e9paration de pr\u00e9judices tout aussi fictifs. Parmi une dizaine de sinistres, donc, en ao\u00fbt 2024, ils s\u2019\u00e9taient aussi fait \u00ab\u00a0voler\u00a0\u00bb leur Smart. Du moins, pour les assurances, et m\u00eame les services de police aupr\u00e8s desquels ils avaient d\u00e9pos\u00e9 plainte.<\/p>\n<p>Les escrocs croisent par hasard l\u2019une de leurs victimes<\/p>\n<p>Gourmands, ils avaient toutefois conserv\u00e9 le v\u00e9hicule. Mais pour rouler avec sans trop de risques, <a href=\"https:\/\/www.laprovence.com\/article\/societe\/18625503765957\/vacances-dete-en-provence-attention-aux-arnaques-a-la-location-de-meubles-touristiques-en-ligne\" target=\"_blank\" rel=\"noopener\">ils avaient pris le soin de monter de fausses plaques min\u00e9ralogiques<\/a>. L\u2019immatriculation \u00e9tait celle d\u2019une autre Smart, de mod\u00e8le et couleur identiques. La technique dite de la \u00ab\u00a0doublette\u00a0\u00bb suffit g\u00e9n\u00e9ralement \u00e0 tromper un contr\u00f4le. Mais pas de chance, ce jour d\u2019ao\u00fbt 2024, la propri\u00e9taire de la vraie Smart a crois\u00e9 le v\u00e9hicule faussement plaqu\u00e9 sur ce parking de Grand Littoral, avec le couple au volant.<\/p>\n<p><a href=\"https:\/\/www.laprovence.com\/article\/societe\/3757780944057914\/arnaque-au-faux-colis-attention-les-techniques-se-perfectionnent\" target=\"_blank\" rel=\"noopener\">La victime a appel\u00e9 la police et d\u00e9pos\u00e9 plainte<\/a>, comprenant pourquoi elle recevait depuis des mois, des PV pour des infractions routi\u00e8res qu\u2019elle n\u2019avait jamais commises\u2026<\/p>\n<p>\u00ab\u00a0Il y a \u00e0 peu pr\u00e8s aucune chance pour que \u00e7a arrive, <strong>c\u2019est un<\/strong><strong>\u00a0\u00e9norme retour de karma<\/strong>\u00ab\u00a0, sourit un enqu\u00eateur du groupe \u00ab\u00a0vol violence\u00a0\u00bb du commissariat nord, lanc\u00e9 sur les traces de ce couple d\u2019escrocs durant plusieurs mois.<\/p>\n<p><a href=\"https:\/\/www.laprovence.com\/article\/faits-divers-justice\/4455579575597314\/arnaque-au-faux-banquier-l-escroquerie-etait-pilotee-depuis-la-cote-bleue-par-un-marseillais-et-un-parisien\" target=\"_blank\" rel=\"noopener\">Car \u00e0 partir de la plainte de la propri\u00e9taire de la Smart<\/a> aux plaques usurp\u00e9es, les policiers et jusqu\u2019\u00e0 leur secr\u00e9tariat ont retrouv\u00e9 la trace de dizaines de proc\u00e9dures suspectes.<\/p>\n<p>Des sinistres douteux<\/p>\n<p>Les assurances aussi ont transmis des signalements pour des sinistres douteux. En examinant les plaintes fournies aux compagnies, les enqu\u00eateurs ont alors d\u00e9couvert que certains num\u00e9ros de proc\u00e9dures n\u2019existaient tout simplement pas dans leurs bases de donn\u00e9es. Et pour cause, ces PV avaient \u00e9t\u00e9 falsifi\u00e9s \u00e0 partir d\u2019autres plaintes, r\u00e9elles, celles-l\u00e0\u2026 mais portant sur de faux sinistres.<\/p>\n<p>Comme ce pr\u00e9tendu cambriolage de mai 2023, <strong>premier d\u2019une s\u00e9rie de pr\u00e8s de 60 faits<\/strong>, auxquels se sont ajout\u00e9s, entre faux vols d\u2019ordinateurs et de t\u00e9l\u00e9phones, de multiples infractions &#8211; dont l\u2019usurpation de l\u2019identit\u00e9 des policiers qui avaient r\u00e9dig\u00e9 les vraies plaintes.<\/p>\n<p>Plus de 30\u00a0000\u20ac de pr\u00e9judice<\/p>\n<p>\u00c0 l\u2019aide d\u2019images de vid\u00e9osurveillance et de recoupements de t\u00e9l\u00e9phonie, les enqu\u00eateurs du groupe \u00ab\u00a0Vol violence\u00a0\u00bb ont retrouv\u00e9 la trace du couple, aux adresses fluctuantes, et d\u00e9montr\u00e9 que la plupart des d\u00e9lits qu\u2019ils avaient d\u00e9nonc\u00e9s \u00e9taient imaginaires. Tous deux voyageaient beaucoup, surtout depuis qu\u2019ils \u00e9taient en arr\u00eat maladie, \u00e0 la suite de curieux accidents de la route sur le chemin du travail\u2026<\/p>\n<p>Convoqu\u00e9e \u00e0 la division Nord le 22 juillet dernier, la jeune femme \u00e2g\u00e9e d\u2019une trentaine d\u2019ann\u00e9es a \u00e9t\u00e9 plac\u00e9e en garde \u00e0 vue, tandis que son compagnon \u00e9tait rep\u00e9r\u00e9 et interpell\u00e9 par des agents du service de s\u00e9curisation des transports (SISTC).<\/p>\n<p>Des constats d&rsquo;accidents imaginaires<\/p>\n<p>La fouille de la fameuse Smart aux fausses plaques a permis de trouver des constats d\u2019accidents imaginaires et m\u00eame un ch\u00e9quier vol\u00e9 \u00e0 leur employeur, ajoutant encore une infraction \u00e0 la longue liste des faits finalement reconnus par les deux suspects, <strong>pour un pr\u00e9judice estim\u00e9 \u00e0 plus de 30 000\u20ac.<\/strong><\/p>\n<p>D\u00e9f\u00e9r\u00e9 dans la foul\u00e9e de sa garde \u00e0 vue, le couple a fait l\u2019objet d\u2019une comparution sur reconnaissance pr\u00e9alable de culpabilit\u00e9 (CRPC), une proc\u00e9dure de \u00ab\u00a0plaider coupable\u00a0\u00bb, au terme de laquelle ils ont \u00e9t\u00e9 condamn\u00e9s chacun \u00e0 <strong>18 mois de prison, plus de 15\u00a0000\u20ac d\u2019amende<\/strong> et une interdiction d\u2019exercer dans la fonction publique durant 5\u00a0ans. Des ordinateurs et de l\u2019argent saisis lors des perquisitions ont \u00e9galement \u00e9t\u00e9 confisqu\u00e9s. Un renvoi sur int\u00e9r\u00eats civils permettra par ailleurs d\u2019ici plusieurs mois de fixer les montants des indemnisations \u00e0 verser aux victimes, dont les compagnies d\u2019assurances.<\/p>\n","protected":false},"excerpt":{"rendered":"S\u2019il y a un dieu des assurances, il s\u2019est manifest\u00e9 par un curieux hasard en avril dernier, dans&hellip;\n","protected":false},"author":2,"featured_media":284285,"comment_status":"","ping_status":"","sticky":false,"template":"","format":"standard","meta":{"footnotes":""},"categories":[2814],"tags":[17,1111,11,150,13110,1007,1102,1193,42337,10482,1777,674,274,1011,27,761,884,12,882,25],"class_list":{"0":"post-284284","1":"post","2":"type-post","3":"status-publish","4":"format-standard","5":"has-post-thumbnail","7":"category-marseille","8":"tag-17","9":"tag-actu","10":"tag-actualites","11":"tag-apres","12":"tag-assurances","13":"tag-aux","14":"tag-breakingnews","15":"tag-couple","16":"tag-descrocs","17":"tag-demasque","18":"tag-eu","19":"tag-europe","20":"tag-faits-divers-justice","21":"tag-fr","22":"tag-france","23":"tag-marseillais","24":"tag-marseille","25":"tag-news","26":"tag-provence-alpes-cote-dazur","27":"tag-republique-francaise"},"share_on_mastodon":{"url":"https:\/\/pubeurope.com\/@fr\/114942192159387484","error":""},"_links":{"self":[{"href":"https:\/\/www.europesays.com\/fr\/wp-json\/wp\/v2\/posts\/284284","targetHints":{"allow":["GET"]}}],"collection":[{"href":"https:\/\/www.europesays.com\/fr\/wp-json\/wp\/v2\/posts"}],"about":[{"href":"https:\/\/www.europesays.com\/fr\/wp-json\/wp\/v2\/types\/post"}],"author":[{"embeddable":true,"href":"https:\/\/www.europesays.com\/fr\/wp-json\/wp\/v2\/users\/2"}],"replies":[{"embeddable":true,"href":"https:\/\/www.europesays.com\/fr\/wp-json\/wp\/v2\/comments?post=284284"}],"version-history":[{"count":0,"href":"https:\/\/www.europesays.com\/fr\/wp-json\/wp\/v2\/posts\/284284\/revisions"}],"wp:featuredmedia":[{"embeddable":true,"href":"https:\/\/www.europesays.com\/fr\/wp-json\/wp\/v2\/media\/284285"}],"wp:attachment":[{"href":"https:\/\/www.europesays.com\/fr\/wp-json\/wp\/v2\/media?parent=284284"}],"wp:term":[{"taxonomy":"category","embeddable":true,"href":"https:\/\/www.europesays.com\/fr\/wp-json\/wp\/v2\/categories?post=284284"},{"taxonomy":"post_tag","embeddable":true,"href":"https:\/\/www.europesays.com\/fr\/wp-json\/wp\/v2\/tags?post=284284"}],"curies":[{"name":"wp","href":"https:\/\/api.w.org\/{rel}","templated":true}]}}