{"id":284288,"date":"2025-07-30T12:31:12","date_gmt":"2025-07-30T12:31:12","guid":{"rendered":"https:\/\/www.europesays.com\/fr\/284288\/"},"modified":"2025-07-30T12:31:12","modified_gmt":"2025-07-30T12:31:12","slug":"lyon-les-boudins-de-la-rue-de-la-republique-sement-deja-la-zizanie","status":"publish","type":"post","link":"https:\/\/www.europesays.com\/fr\/284288\/","title":{"rendered":"Lyon. Les boudins de la rue de la R\u00e9publique s\u00e8ment d\u00e9j\u00e0 la zizanie &#8211;"},"content":{"rendered":"<p>\t\t\t\t<img loading=\"lazy\" decoding=\"async\" width=\"900\" height=\"631\" src=\"data:image\/svg+xml,%3Csvg%20xmlns=\" http:=\"\" alt=\"\" title=\"01 pompiers rue de la re\u0301publique lyon\" class=\"wp-image-163619\" data-lazy- data-lazy- data-lazy-src=\"https:\/\/www.europesays.com\/fr\/wp-content\/uploads\/2025\/07\/01-pompiers-rue-de-la-re\u0301publique-lyon.jpg\"\/><\/p>\n<p>Un parcours du combattant pas comme les autres pour les pompiers. Photos \u00a9 DR \/ Collectif des d\u00e9fenseurs de Lyon<\/p>\n<p><strong>Texte\u00a0: Morgan Couturier \u2013<\/strong> Moqu\u00e9s pour leur forme et leur vulgarit\u00e9, les fameux bancs install\u00e9s par les \u00e9cologistes rue de la R\u00e9publique n\u2019ont pas mis longtemps \u00e0 cr\u00e9er le d\u00e9sordre. Outre leur aspect douteux, ils se r\u00e9v\u00e8lent d\u00e9j\u00e0 dangereux.<\/p>\n<p>La r\u00e9gion Auvergne-Rh\u00f4ne-Alpes a beau se pr\u00e9parer \u00e0 accueillir les Jeux Olympiques d\u2019hiver en 2030, les pompiers ne pensaient pas avoir candidat\u00e9 pour participer \u00e0 l\u2019\u00e9preuve de slalom g\u00e9ant.<\/p>\n<p>Pourtant, ce mercredi 30 juillet, en milieu de matin\u00e9e, ce sont bien les hommes du feu qui ont \u00e9t\u00e9 aper\u00e7us en train de man\u0153uvrer entre les nouveaux boudins (ou colombins) de la rue de la R\u00e9publique.<\/p>\n<p>Alors que Fabien Bagnon se f\u00e9licitait hier de l\u2019appropriation rapide et pourtant douteuse <a href=\"https:\/\/www.lyonpeople.com\/actualites-lyon\/lyon-des-colombins-geants-poses-rue-de-la-republique-2025-07-25.html\" target=\"_blank\" rel=\"noopener\"><strong>de ces \u00ab\u00a0\u00e9trons\u00a0\u00bb \u00e0 50 000\u20ac<\/strong>,<\/a> la sc\u00e8ne immortalis\u00e9e par le Collectif des d\u00e9fenseurs de Lyon n\u2019a pas manqu\u00e9 de souligner la dangerosit\u00e9 de ces installations.<\/p>\n<blockquote class=\"twitter-tweet\" data-media-max-width=\"560\">\n<p dir=\"ltr\" lang=\"fr\">L\u2019appropriation des assises de la rue de la R\u00e9publique se fait rapidement.<\/p>\n<p>\u27a1\ufe0f Lyonnais, grand lyonnais ou touristes sont chaque jour plus nombreux \u00e0 y faire une pause conviviale, en famille, entre amoureux, amis ou coll\u00e8gues. \u200d\u200d\u200d\u200d\u2764\ufe0f\u200d <a href=\"https:\/\/t.co\/d2NRN2aEqV\">pic.twitter.com\/d2NRN2aEqV<\/a><\/p>\n<p>\u2014 Fabien Bagnon (@Fabien_Bagnon) <a href=\"https:\/\/twitter.com\/Fabien_Bagnon\/status\/1950274182605897799?ref_src=twsrc%5Etfw\" target=\"_blank\" rel=\"noopener\">July 29, 2025<\/a><\/p>\n<\/blockquote>\n<p><strong>La s\u00e9curit\u00e9 une nouvelle fois mise de c\u00f4t\u00e9\u2026<\/strong><\/p>\n<p>Si leur esth\u00e9tique est du go\u00fbt de chacun, ces bancs n\u2019auront donc pas mis longtemps \u00e0 confirmer les craintes de nombreux Lyonnais. \u00ab\u00a0Les pompiers s\u2019y mettent \u00e0 plusieurs pour diriger le camion entre les bancs. Quelle perte de temps\u00a0! Il ne faut pas \u00eatre press\u00e9 pour \u00eatre secouru\u00a0\u00bb, soul\u00e8ve le collectif, photos \u00e0 l\u2019appui.<\/p>\n<p>Sur celles-ci, les boudins s\u2019affichent d\u00e9sesp\u00e9r\u00e9ment vides pour un mercredi. Mais surtout, la d\u00e9solation de la sc\u00e8ne revient \u00e0 voir le camion-\u00e9chelle des pompiers circuler tr\u00e8s difficilement entre ces derniers.<\/p>\n<p><img loading=\"lazy\" decoding=\"async\" class=\"alignnone size-full wp-image-163620\" src=\"data:image\/svg+xml,%3Csvg%20xmlns=\" http:=\"\" alt=\"\" width=\"900\" height=\"648\" data-lazy- data-lazy- data-lazy-src=\"https:\/\/www.europesays.com\/fr\/wp-content\/uploads\/2025\/07\/05-pompiers-rue-de-la-re\u0301publique-lyon.jpg\"\/><\/p>\n<p>Un gaspillage de temps qui s\u2019ajoute \u00e0<a href=\"https:\/\/www.lyonpeople.com\/actualites-lyon\/lyon-pompiers-et-ambulanciers-victimes-du-chaos-cree-par-les-ecologistes-2025-03-10.html\" target=\"_blank\" rel=\"noopener\"><strong> des dur\u00e9es d\u2019interventions de plus en plus longues, frein\u00e9es par les embouteillages<\/strong><\/a> et les travaux de voirie. D\u00e9j\u00e0 exc\u00e9d\u00e9s par la situation, au point de se mettre en gr\u00e8ve, les pompiers noteront que leur t\u00e2che est une nouvelle fois complexifi\u00e9e par la politique de la mairie \u00e9cologiste.<\/p>\n<p>Bien s\u00fbr, si certains habitants bobos de la Presqu\u2019\u00eele se r\u00e9jouissent de ces mesures \u00ab\u00a0d\u2019apaisement\u00a0\u00bb, voulues par <strong>Gr\u00e9gory Doucet<\/strong>, ils pourraient voir d\u2019un autre \u0153il ce manque de r\u00e9activit\u00e9 des v\u00e9hicules d\u2019urgence. Et qu\u2019en pense la Pr\u00e9fecture du Rh\u00f4ne\u00a0?<\/p>\n<p>\t\t\t<script async src=\"https:\/\/platform.twitter.com\/widgets.js\" charset=\"utf-8\"><\/script><\/p>\n","protected":false},"excerpt":{"rendered":"Un parcours du combattant pas comme les autres pour les pompiers. Photos \u00a9 DR \/ Collectif des d\u00e9fenseurs&hellip;\n","protected":false},"author":2,"featured_media":284289,"comment_status":"","ping_status":"","sticky":false,"template":"","format":"standard","meta":{"footnotes":""},"categories":[1889],"tags":[4257,1111,11,2430,1777,674,1011,27,2428,12,25,42338],"class_list":{"0":"post-284288","1":"post","2":"type-post","3":"status-publish","4":"format-standard","5":"has-post-thumbnail","7":"category-lyon","8":"tag-0top","9":"tag-actu","10":"tag-actualites","11":"tag-auvergne-rhone-alpes","12":"tag-eu","13":"tag-europe","14":"tag-fr","15":"tag-france","16":"tag-lyon","17":"tag-news","18":"tag-republique-francaise","19":"tag-rue-de-la-republique"},"share_on_mastodon":{"url":"https:\/\/pubeurope.com\/@fr\/114942199955431559","error":""},"_links":{"self":[{"href":"https:\/\/www.europesays.com\/fr\/wp-json\/wp\/v2\/posts\/284288","targetHints":{"allow":["GET"]}}],"collection":[{"href":"https:\/\/www.europesays.com\/fr\/wp-json\/wp\/v2\/posts"}],"about":[{"href":"https:\/\/www.europesays.com\/fr\/wp-json\/wp\/v2\/types\/post"}],"author":[{"embeddable":true,"href":"https:\/\/www.europesays.com\/fr\/wp-json\/wp\/v2\/users\/2"}],"replies":[{"embeddable":true,"href":"https:\/\/www.europesays.com\/fr\/wp-json\/wp\/v2\/comments?post=284288"}],"version-history":[{"count":0,"href":"https:\/\/www.europesays.com\/fr\/wp-json\/wp\/v2\/posts\/284288\/revisions"}],"wp:featuredmedia":[{"embeddable":true,"href":"https:\/\/www.europesays.com\/fr\/wp-json\/wp\/v2\/media\/284289"}],"wp:attachment":[{"href":"https:\/\/www.europesays.com\/fr\/wp-json\/wp\/v2\/media?parent=284288"}],"wp:term":[{"taxonomy":"category","embeddable":true,"href":"https:\/\/www.europesays.com\/fr\/wp-json\/wp\/v2\/categories?post=284288"},{"taxonomy":"post_tag","embeddable":true,"href":"https:\/\/www.europesays.com\/fr\/wp-json\/wp\/v2\/tags?post=284288"}],"curies":[{"name":"wp","href":"https:\/\/api.w.org\/{rel}","templated":true}]}}