{"id":284306,"date":"2025-07-30T12:41:13","date_gmt":"2025-07-30T12:41:13","guid":{"rendered":"https:\/\/www.europesays.com\/fr\/284306\/"},"modified":"2025-07-30T12:41:13","modified_gmt":"2025-07-30T12:41:13","slug":"nous-nen-resterons-pas-la-assure-macron","status":"publish","type":"post","link":"https:\/\/www.europesays.com\/fr\/284306\/","title":{"rendered":"\u00ab Nous n&rsquo;en resterons pas l\u00e0 \u00bb assure Macron"},"content":{"rendered":"<p>Le pr\u00e9sident <a href=\"https:\/\/www.ledauphine.com\/p\/emmanuel-macron\" target=\"_blank\" rel=\"noopener\">Emmanuel Macron<\/a> a d\u00e9plor\u00e9 mercredi en Conseil des ministres que l&rsquo;Union europ\u00e9enne n&rsquo;ait pas \u00e9t\u00e9 assez \u00ab crainte \u00bb dans ses <a href=\"https:\/\/www.ledauphine.com\/economie\/2025\/07\/27\/trump-annonce-un-accord-avec-l-union-europeenne-sur-les-droits-de-douane\" target=\"_blank\" rel=\"noopener\">n\u00e9gociations commerciales avec les Etats-Unis <\/a>et martel\u00e9 que la France continuerait de faire preuve \u00ab d&rsquo;exigence et de fermet\u00e9 \u00bb dans la suite des discussions.<\/p>\n<p>\u00ab Pour \u00eatre libres, il faut \u00eatre craints. <a href=\"https:\/\/www.ledauphine.com\/economie\/2025\/07\/29\/accord-commercial-entre-l-ue-et-les-etats-unis-comment-donald-trump-dicte-ses-droits-a-l-europe\" target=\"_blank\" rel=\"noopener\">Nous n&rsquo;avons pas \u00e9t\u00e9 assez craints<\/a> \u00bb, a-t-il dit selon des propos rapport\u00e9s par des participants. \u00ab La France a toujours tenu une position de fermet\u00e9 et d&rsquo;exigence. Elle continuera de le faire. Ce n&rsquo;est pas la fin de l&rsquo;histoire et nous n&rsquo;en resterons pas l\u00e0 \u00bb, a-t-il ajout\u00e9.<\/p>\n<p>Plus d&rsquo;informations \u00e0 venir&#8230;<\/p>\n","protected":false},"excerpt":{"rendered":"Le pr\u00e9sident Emmanuel Macron a d\u00e9plor\u00e9 mercredi en Conseil des ministres que l&rsquo;Union europ\u00e9enne n&rsquo;ait pas \u00e9t\u00e9 assez&hellip;\n","protected":false},"author":2,"featured_media":284307,"comment_status":"","ping_status":"","sticky":false,"template":"","format":"standard","meta":{"footnotes":""},"categories":[1589],"tags":[11,4406,2388,73,1866,107,329,12,1864,1865,1863,308],"class_list":{"0":"post-284306","1":"post","2":"type-post","3":"status-publish","4":"format-standard","5":"has-post-thumbnail","7":"category-etats-unis","8":"tag-actualites","9":"tag-commerce-et-services","10":"tag-droits-de-douane","11":"tag-etats-unis","12":"tag-etats-unis-damerique","13":"tag-fil-info","14":"tag-france-monde","15":"tag-news","16":"tag-united-states","17":"tag-united-states-of-america","18":"tag-us","19":"tag-usa"},"share_on_mastodon":{"url":"https:\/\/pubeurope.com\/@fr\/114942240005935923","error":""},"_links":{"self":[{"href":"https:\/\/www.europesays.com\/fr\/wp-json\/wp\/v2\/posts\/284306","targetHints":{"allow":["GET"]}}],"collection":[{"href":"https:\/\/www.europesays.com\/fr\/wp-json\/wp\/v2\/posts"}],"about":[{"href":"https:\/\/www.europesays.com\/fr\/wp-json\/wp\/v2\/types\/post"}],"author":[{"embeddable":true,"href":"https:\/\/www.europesays.com\/fr\/wp-json\/wp\/v2\/users\/2"}],"replies":[{"embeddable":true,"href":"https:\/\/www.europesays.com\/fr\/wp-json\/wp\/v2\/comments?post=284306"}],"version-history":[{"count":0,"href":"https:\/\/www.europesays.com\/fr\/wp-json\/wp\/v2\/posts\/284306\/revisions"}],"wp:featuredmedia":[{"embeddable":true,"href":"https:\/\/www.europesays.com\/fr\/wp-json\/wp\/v2\/media\/284307"}],"wp:attachment":[{"href":"https:\/\/www.europesays.com\/fr\/wp-json\/wp\/v2\/media?parent=284306"}],"wp:term":[{"taxonomy":"category","embeddable":true,"href":"https:\/\/www.europesays.com\/fr\/wp-json\/wp\/v2\/categories?post=284306"},{"taxonomy":"post_tag","embeddable":true,"href":"https:\/\/www.europesays.com\/fr\/wp-json\/wp\/v2\/tags?post=284306"}],"curies":[{"name":"wp","href":"https:\/\/api.w.org\/{rel}","templated":true}]}}