{"id":284310,"date":"2025-07-30T12:43:11","date_gmt":"2025-07-30T12:43:11","guid":{"rendered":"https:\/\/www.europesays.com\/fr\/284310\/"},"modified":"2025-07-30T12:43:11","modified_gmt":"2025-07-30T12:43:11","slug":"malgre-la-guerre-commerciale-la-croissance-de-la-zone-euro-est-moins-pire-que-prevu-a-01-lespagne-au-top-lallemagne-et-litalie-au-tapis","status":"publish","type":"post","link":"https:\/\/www.europesays.com\/fr\/284310\/","title":{"rendered":"Malgr\u00e9 la guerre commerciale, la croissance de la zone euro est moins pire que pr\u00e9vu \u00e0 0,1% (l&rsquo;Espagne au top, l&rsquo;Allemagne et l&rsquo;Italie au tapis)"},"content":{"rendered":"<p>La croissance \u00e9conomique de la zone euro a atteint +0,1% au deuxi\u00e8me trimestre par rapport au trimestre pr\u00e9c\u00e9dent, selon la premi\u00e8re estimation publi\u00e9e mercredi par l&rsquo;office europ\u00e9en de statistiques Eurostat.<\/p>\n<p>L&rsquo;\u00e9conomie de la zone euro a augment\u00e9 de fa\u00e7on inattendue au deuxi\u00e8me trimestre, montre la premi\u00e8re estimation du produit int\u00e9rieur brut (PIB) publi\u00e9e mercredi par Eurostat.<\/p>\n<p>Entre avril et juin 2025, le PIB corrig\u00e9 des variations saisonni\u00e8res a augment\u00e9 de 0,1% dans la zone euro et de 0,2% dans l&rsquo;UE, par rapport au trimestre pr\u00e9c\u00e9dent, selon l&rsquo;estimation rapide pr\u00e9liminaire publi\u00e9e par Eurostat, l&rsquo;office statistique de l&rsquo;Union europ\u00e9enne. Au cours du premier trimestre 2025, le PIB avait augment\u00e9 de 0,6% dans la zone euro et de 0,5% dans l&rsquo;UE.<\/p>\n<p>Sur un an, le PIB ressort \u00e0 1,4%, apr\u00e8s 1,5% le trimestre pr\u00e9c\u00e9dent.<\/p>\n<p>Croissance positive sur un an<\/p>\n<p>Les \u00e9conomistes interrog\u00e9s par Reuters pr\u00e9voyaient une stagnation pour le deuxi\u00e8me trimestre et +1,2% sur un an.<\/p>\n<p>Parmi les \u00c9tats membres pour lesquels les donn\u00e9es pour le deuxi\u00e8me trimestre 2025 sont disponibles, l&rsquo;Espagne (+0,7%) a enregistr\u00e9 la hausse la plus importante par rapport au trimestre pr\u00e9c\u00e9dent, suivi du Portugal (+0,6%) et de l&rsquo;Estonie (+0,5%). Des baisses ont \u00e9t\u00e9 enregistr\u00e9es en Irlande (-1,0%), <a href=\"https:\/\/www.bfmtv.com\/economie\/international\/apres-deux-annees-de-recession-l-allemagne-peine-a-sortir-la-tete-de-l-eau-et-voit-son-economie-replonger-de-maniere-inattendue-au-2e-trimestre_AD-202507300230.html\" title=\"Apr\u00e8s deux ann\u00e9es de r\u00e9cession, l&#039;Allemagne peine \u00e0 sortir la t\u00eate de l&#039;eau et voit son \u00e9conomie replonger de mani\u00e8re inattendue au 2e trimestre\" class=\"internal_link\" rel=\"nofollow noopener\" target=\"_blank\">en Allemagne et en Italie (-0,1% chacune)<\/a>. Les taux de croissance par rapport \u00e0 l&rsquo;ann\u00e9e pr\u00e9c\u00e9dente ont \u00e9t\u00e9 positifs pour tous les pays.<\/p>\n<p><strong>&gt;&gt; Plus d&rsquo;informations \u00e0 venir sur BFM Business dans quelques instants. Retrouvez \u00e9galement le <a href=\"https:\/\/www.bfmtv.com\/economie\/en-direct\/\" target=\"_blank\" class=\"external_link\" rel=\"nofollow noopener\">direct de BFM Business en vid\u00e9o<\/a> et suivez-nous <a href=\"https:\/\/twitter.com\/bfmbusiness\" target=\"_blank\" class=\"external_link\" rel=\"nofollow noopener\">sur X<\/a>.<\/strong><\/p>\n<p><img loading=\"lazy\" decoding=\"async\" width=\"75\" height=\"75\" src=\"https:\/\/www.europesays.com\/fr\/wp-content\/uploads\/2025\/05\/bianchi-frederic-16_3.jpg\" class=\"author_pic\" alt=\"Fr\u00e9d\u00e9ric Bianchi\" title=\"Fr\u00e9d\u00e9ric Bianchi\"\/><script async src=\"https:\/\/platform.twitter.com\/widgets.js\" charset=\"utf-8\"><\/script><\/p>\n","protected":false},"excerpt":{"rendered":"La croissance \u00e9conomique de la zone euro a atteint +0,1% au deuxi\u00e8me trimestre par rapport au trimestre pr\u00e9c\u00e9dent,&hellip;\n","protected":false},"author":2,"featured_media":284311,"comment_status":"","ping_status":"","sticky":false,"template":"","format":"standard","meta":{"footnotes":""},"categories":[1587],"tags":[11,672,1804,1805,1803,1777,674,1801,12,1802],"class_list":{"0":"post-284310","1":"post","2":"type-post","3":"status-publish","4":"format-standard","5":"has-post-thumbnail","7":"category-allemagne","8":"tag-actualites","9":"tag-allemagne","10":"tag-bundesrepublik-deutschland","11":"tag-de","12":"tag-deutschland","13":"tag-eu","14":"tag-europe","15":"tag-germany","16":"tag-news","17":"tag-republique-federale-dallemagne"},"share_on_mastodon":{"url":"","error":""},"_links":{"self":[{"href":"https:\/\/www.europesays.com\/fr\/wp-json\/wp\/v2\/posts\/284310","targetHints":{"allow":["GET"]}}],"collection":[{"href":"https:\/\/www.europesays.com\/fr\/wp-json\/wp\/v2\/posts"}],"about":[{"href":"https:\/\/www.europesays.com\/fr\/wp-json\/wp\/v2\/types\/post"}],"author":[{"embeddable":true,"href":"https:\/\/www.europesays.com\/fr\/wp-json\/wp\/v2\/users\/2"}],"replies":[{"embeddable":true,"href":"https:\/\/www.europesays.com\/fr\/wp-json\/wp\/v2\/comments?post=284310"}],"version-history":[{"count":0,"href":"https:\/\/www.europesays.com\/fr\/wp-json\/wp\/v2\/posts\/284310\/revisions"}],"wp:featuredmedia":[{"embeddable":true,"href":"https:\/\/www.europesays.com\/fr\/wp-json\/wp\/v2\/media\/284311"}],"wp:attachment":[{"href":"https:\/\/www.europesays.com\/fr\/wp-json\/wp\/v2\/media?parent=284310"}],"wp:term":[{"taxonomy":"category","embeddable":true,"href":"https:\/\/www.europesays.com\/fr\/wp-json\/wp\/v2\/categories?post=284310"},{"taxonomy":"post_tag","embeddable":true,"href":"https:\/\/www.europesays.com\/fr\/wp-json\/wp\/v2\/tags?post=284310"}],"curies":[{"name":"wp","href":"https:\/\/api.w.org\/{rel}","templated":true}]}}