{"id":284312,"date":"2025-07-30T12:44:11","date_gmt":"2025-07-30T12:44:11","guid":{"rendered":"https:\/\/www.europesays.com\/fr\/284312\/"},"modified":"2025-07-30T12:44:11","modified_gmt":"2025-07-30T12:44:11","slug":"lunion-europeenne-va-lancer-son-controle-automatise-aux-frontieres","status":"publish","type":"post","link":"https:\/\/www.europesays.com\/fr\/284312\/","title":{"rendered":"L&rsquo;Union europ\u00e9enne va lancer son contr\u00f4le automatis\u00e9 aux fronti\u00e8res"},"content":{"rendered":"<p>D\u00e8s le 12 octobre prochain, un nouveau syst\u00e8me recensera dans un fichier commun les noms, num\u00e9ros de passeport, empreintes digitales et photos de tous les ressortissants de pays tiers se rendant en Europe pour un court s\u00e9jour.<\/p>\n<p class=\"fig-paragraph\">Rendez-vous le 12 octobre\u00a0: l&rsquo;<a href=\"http:\/\/www.lefigaro.fr\/international\/dossier\/elections-europeennes-reportages-laure-mandeville-bruxelles-union-europeenne-italie-matteo-salvini-paolo-rumiz-espagne-hongrie-viktor-orban-pologne\" target=\"_blank\" data-fig-type=\"Topic\" rel=\"noopener\" data-gtm-custom-categorie=\"navigation\" data-gtm-custom-action=\"crossclick\" data-gtm-custom-label=\"Contextuel\" data-gtm-event=\"customEventSPE\" data-fig-domain=\"LEFIGARO\">Union europ\u00e9enne<\/a>\u00a0a annonc\u00e9 ce mercredi qu&rsquo;elle commencerait \u00e0 mettre en place dans deux mois le\u00a0<a href=\"http:\/\/www.lefigaro.fr\/societes\/nouveau-systeme-de-controles-aux-frontieres-de-l-ue-eurostar-tente-de-rassurer-20240521\" target=\"_blank\" data-fig-type=\"NewsFlash\" rel=\"noopener\" data-gtm-custom-categorie=\"navigation\" data-gtm-custom-action=\"crossclick\" data-gtm-custom-label=\"Contextuel\" data-gtm-event=\"customEventSPE\" data-fig-domain=\"LEFIGARO\">contr\u00f4le automatis\u00e9 \u00e0 ses fronti\u00e8res<\/a>. \u00c0 terme, cela devra remplacer le tampon manuel sur les passeports.<\/p>\n<p class=\"fig-paragraph\">Ce nouveau syst\u00e8me recensera dans un fichier commun les noms, num\u00e9ros de passeport, empreintes digitales et photos de tous les ressortissants de pays tiers se rendant en Europe pour un court s\u00e9jour. \u00abCela nous aidera \u00e0 savoir qui entre dans l&rsquo;UE et qui en sort\u00bb, a d\u00e9clar\u00e9 le commissaire europ\u00e9en charg\u00e9 des questions migratoires, Magnus Brunner.<\/p>\n<p>                                    <a class=\"fig-a11y-skip a11y-hidden\" href=\"#fig-a11y-skip-main-inarticle\"><br \/>\n        Passer la publicit\u00e9<br \/>\n    <\/a><\/p>\n<p class=\"fig-paragraph\">La mise en place de ce syst\u00e8me, en d\u00e9bat depuis pr\u00e8s de dix ans, sera toutefois \u00e9chelonn\u00e9e dans le temps. \u00abLes \u00c9tats membres, les voyageurs et les entreprises auront le temps de s&rsquo;adapter au nouveau syst\u00e8me\u00bb, a affirm\u00e9 la Commission.<\/p>\n<p>\u00abPr\u00e9venir la migration irr\u00e9guli\u00e8re\u00bb<\/p>\n<p class=\"fig-paragraph\">Le syst\u00e8me \u00abentr\u00e9e\/sortie\u00bb suscite la r\u00e9ticence de certaines compagnies de transport qui craignent qu&rsquo;il n&rsquo;allonge les files d&rsquo;attente dans les a\u00e9roports ou les gares. Le maire de Londres\u00a0<a href=\"http:\/\/www.lefigaro.fr\/international\/c-est-un-ami-a-moi-keir-starmer-interrompt-donald-trump-venant-de-critiquer-le-maire-de-londres-20250728\" target=\"_blank\" data-fig-type=\"NewsFlash\" rel=\"noopener\" data-gtm-custom-categorie=\"navigation\" data-gtm-custom-action=\"crossclick\" data-gtm-custom-label=\"Contextuel\" data-gtm-event=\"customEventSPE\" data-fig-domain=\"LEFIGARO\">Sadiq Khan<\/a>\u00a0s&rsquo;\u00e9tait aussi inqui\u00e9t\u00e9 que ce syst\u00e8me ne provoque le \u00abchaos\u00bb dans sa ville, en particulier \u00e0 la gare de St Pancras d&rsquo;o\u00f9 partent et arrivent les trains Eurostar. Les autorit\u00e9s britanniques ont d&rsquo;ores et d\u00e9j\u00e0 averti leurs ressortissants que \u00abquelques minutes\u00bb d&rsquo;attentes suppl\u00e9mentaires seront n\u00e9cessaires pour que \u00abchaque passager\u00bb franchisse les fronti\u00e8res.<\/p>\n<p class=\"fig-paragraph\">L&rsquo;ex\u00e9cutif europ\u00e9en assure que des campagnes d&rsquo;information permettront de fluidifier le lancement de ce syst\u00e8me. Et insiste sur le fait qu&rsquo;il permettra de \u00abpr\u00e9venir la migration irr\u00e9guli\u00e8re et \u00e0 prot\u00e9ger la s\u00e9curit\u00e9 des citoyens europ\u00e9ens\u00bb.<\/p>\n<p class=\"fig-paragraph\">Vingt-neuf pays participeront \u00e0 ce contr\u00f4le automatis\u00e9: tous les pays de l&rsquo;UE mis \u00e0 part Chypre et l&rsquo;Irlande. Mais aussi l&rsquo;Islande, le Liechtenstein, la Norv\u00e8ge et la Suisse.<\/p>\n","protected":false},"excerpt":{"rendered":"D\u00e8s le 12 octobre prochain, un nouveau syst\u00e8me recensera dans un fichier commun les noms, num\u00e9ros de passeport,&hellip;\n","protected":false},"author":2,"featured_media":284313,"comment_status":"","ping_status":"","sticky":false,"template":"","format":"standard","meta":{"footnotes":""},"categories":[1586],"tags":[11,1777,674,1011,27,6430,12,25,364],"class_list":{"0":"post-284312","1":"post","2":"type-post","3":"status-publish","4":"format-standard","5":"has-post-thumbnail","7":"category-europe","8":"tag-actualites","9":"tag-eu","10":"tag-europe","11":"tag-fr","12":"tag-france","13":"tag-frontieres","14":"tag-news","15":"tag-republique-francaise","16":"tag-union-europeenne"},"share_on_mastodon":{"url":"https:\/\/pubeurope.com\/@fr\/114942251037039164","error":""},"_links":{"self":[{"href":"https:\/\/www.europesays.com\/fr\/wp-json\/wp\/v2\/posts\/284312","targetHints":{"allow":["GET"]}}],"collection":[{"href":"https:\/\/www.europesays.com\/fr\/wp-json\/wp\/v2\/posts"}],"about":[{"href":"https:\/\/www.europesays.com\/fr\/wp-json\/wp\/v2\/types\/post"}],"author":[{"embeddable":true,"href":"https:\/\/www.europesays.com\/fr\/wp-json\/wp\/v2\/users\/2"}],"replies":[{"embeddable":true,"href":"https:\/\/www.europesays.com\/fr\/wp-json\/wp\/v2\/comments?post=284312"}],"version-history":[{"count":0,"href":"https:\/\/www.europesays.com\/fr\/wp-json\/wp\/v2\/posts\/284312\/revisions"}],"wp:featuredmedia":[{"embeddable":true,"href":"https:\/\/www.europesays.com\/fr\/wp-json\/wp\/v2\/media\/284313"}],"wp:attachment":[{"href":"https:\/\/www.europesays.com\/fr\/wp-json\/wp\/v2\/media?parent=284312"}],"wp:term":[{"taxonomy":"category","embeddable":true,"href":"https:\/\/www.europesays.com\/fr\/wp-json\/wp\/v2\/categories?post=284312"},{"taxonomy":"post_tag","embeddable":true,"href":"https:\/\/www.europesays.com\/fr\/wp-json\/wp\/v2\/tags?post=284312"}],"curies":[{"name":"wp","href":"https:\/\/api.w.org\/{rel}","templated":true}]}}