{"id":284314,"date":"2025-07-30T12:45:11","date_gmt":"2025-07-30T12:45:11","guid":{"rendered":"https:\/\/www.europesays.com\/fr\/284314\/"},"modified":"2025-07-30T12:45:11","modified_gmt":"2025-07-30T12:45:11","slug":"ils-ont-eu-la-peur-de-leur-vie-deux-ados-sement-la-panique-avec-des-fusils-dassaut-gagnes-a-la-fete-foraine-et-se-retrouvent-face-aux-gendarmes","status":"publish","type":"post","link":"https:\/\/www.europesays.com\/fr\/284314\/","title":{"rendered":"\u00ab\u00a0Ils ont eu la peur de leur vie\u00a0\u00bb\u00a0: deux ados s\u00e8ment la panique avec des fusils d\u2019assaut gagn\u00e9s \u00e0 la f\u00eate foraine et se retrouvent face aux gendarmes"},"content":{"rendered":"<p>\n                                                                Un habitant a imm\u00e9diatement pr\u00e9venu les gendarmes quand il a d\u00e9couvert les jeunes en centre-ville.\n                            <\/p>\n<p>Les armes \u00e9taient tellement bien imit\u00e9es qu\u2019elles ont \u00e9t\u00e9\u00a0prises\u00a0pour des vraies. Deux adolescents de 15 et 16 ans ont sem\u00e9 la panique malgr\u00e9 eux ce mardi 29\u00a0juillet \u00e0 B\u00e9darrides dans le Vaucluse. Vers 15\u00a0h, un\u00a0habitant signale\u00a0\u00e0 la gendarmerie la\u00a0pr\u00e9sence de deux jeunes arm\u00e9s de\u00a0fusils d\u2019assaut pr\u00e8s de la poste centrale de la commune.<\/p>\n<p>La menace est prise tr\u00e8s au s\u00e9rieux et d\u2019importants moyens sont rapidement mobilis\u00e9s, indique<a href=\"https:\/\/www.laprovence.com\/article\/faits-divers-justice\/1351861405648614\/un-fusil-dassaut-cree-la-panique-a-bedarrides-2-ados-arretes-avec-une-arme-factice-gagnee-a-la-fete-foraine\" target=\"_self\" rel=\"nofollow noopener\"> La Provence<\/a>. La brigade locale de gendarmerie, le PSIG ainsi que des\u00a0renforts estivaux\u00a0se pr\u00e9parent\u00a0\u00e0 intervenir. Une quinzaine de militaires est d\u00e9ploy\u00e9e\u00a0sur place.<\/p>\n<p>Ils d\u00e9couvrent alors que les deux adolescents sont en possession d\u2019armes factices en plastique, de type Airsoft, qu\u2019ils ont gagn\u00e9 \u00e0 la f\u00eate foraine. Ces r\u00e9pliques, extr\u00eamement fid\u00e8les aux originaux, sont munies de billes.<\/p>\n<p>Les deux jeunes \u00ab\u00a0ont confi\u00e9 avoir eu la peur de leur vie\u00a0\u00bb \u00e0 la vue du dispositif mis en place pour les appr\u00e9hender, a indiqu\u00e9 une source judiciaire \u00e0 nos confr\u00e8res. De quoi leur servir de le\u00e7on et leur passer l\u2019envie de s\u2019amuser avec ce type d\u2019arme factice.<\/p>\n<p>En effet, les copies \u00e9taient tellement bien imit\u00e9es\u00a0que la supercherie \u00e9tait\u00a0difficile \u00e0 d\u00e9tecter selon la gendarmerie qui appelle \u00e0 la plus grande vigilance dans le maniement de ces jouets qui n\u2019en sont pas vraiment.<\/p>\n","protected":false},"excerpt":{"rendered":"Un habitant a imm\u00e9diatement pr\u00e9venu les gendarmes quand il a d\u00e9couvert les jeunes en centre-ville. Les armes \u00e9taient&hellip;\n","protected":false},"author":2,"featured_media":284315,"comment_status":"","ping_status":"","sticky":false,"template":"","format":"standard","meta":{"footnotes":""},"categories":[1586],"tags":[11,1777,674,1779,1011,27,12,25,1778,364],"class_list":{"0":"post-284314","1":"post","2":"type-post","3":"status-publish","4":"format-standard","5":"has-post-thumbnail","7":"category-europe","8":"tag-actualites","9":"tag-eu","10":"tag-europe","11":"tag-european-union","12":"tag-fr","13":"tag-france","14":"tag-news","15":"tag-republique-francaise","16":"tag-ue","17":"tag-union-europeenne"},"share_on_mastodon":{"url":"https:\/\/pubeurope.com\/@fr\/114942254967789678","error":""},"_links":{"self":[{"href":"https:\/\/www.europesays.com\/fr\/wp-json\/wp\/v2\/posts\/284314","targetHints":{"allow":["GET"]}}],"collection":[{"href":"https:\/\/www.europesays.com\/fr\/wp-json\/wp\/v2\/posts"}],"about":[{"href":"https:\/\/www.europesays.com\/fr\/wp-json\/wp\/v2\/types\/post"}],"author":[{"embeddable":true,"href":"https:\/\/www.europesays.com\/fr\/wp-json\/wp\/v2\/users\/2"}],"replies":[{"embeddable":true,"href":"https:\/\/www.europesays.com\/fr\/wp-json\/wp\/v2\/comments?post=284314"}],"version-history":[{"count":0,"href":"https:\/\/www.europesays.com\/fr\/wp-json\/wp\/v2\/posts\/284314\/revisions"}],"wp:featuredmedia":[{"embeddable":true,"href":"https:\/\/www.europesays.com\/fr\/wp-json\/wp\/v2\/media\/284315"}],"wp:attachment":[{"href":"https:\/\/www.europesays.com\/fr\/wp-json\/wp\/v2\/media?parent=284314"}],"wp:term":[{"taxonomy":"category","embeddable":true,"href":"https:\/\/www.europesays.com\/fr\/wp-json\/wp\/v2\/categories?post=284314"},{"taxonomy":"post_tag","embeddable":true,"href":"https:\/\/www.europesays.com\/fr\/wp-json\/wp\/v2\/tags?post=284314"}],"curies":[{"name":"wp","href":"https:\/\/api.w.org\/{rel}","templated":true}]}}