{"id":284328,"date":"2025-07-30T12:55:14","date_gmt":"2025-07-30T12:55:14","guid":{"rendered":"https:\/\/www.europesays.com\/fr\/284328\/"},"modified":"2025-07-30T12:55:14","modified_gmt":"2025-07-30T12:55:14","slug":"je-mentoure-des-meilleurs-pour-atteindre-le-sommet-a-moyen-terme-a-linstar-de-fabien-barthez-thibaut-courtois-reve-dun-avenir-sur-les-circuits-lequipe","status":"publish","type":"post","link":"https:\/\/www.europesays.com\/fr\/284328\/","title":{"rendered":"\u00ab Je m&#039;entoure des meilleurs pour atteindre le sommet \u00e0 moyen terme \u00bb : \u00e0 l&#039;instar de Fabien Barthez, Thibaut Courtois r\u00eave d&#039;un avenir sur les circuits &#8211; L&#039;\u00c9quipe"},"content":{"rendered":"<ol>\n<li><a href=\"https:\/\/news.google.com\/rss\/articles\/CBMiowJBVV95cUxNNHIyVHo5NXZMNERzTU5XVk1VSGFHX281dVZRMWtCYW82SGFQREFRMEw0dTBFb3dDd0N3UjJNcEtnMW8xS1hlODRpdk8xM21JNEFBcFFGQkk3aDUyY2tNanpXQ29hdlFvR0FoRzVyTjEtWFMtZlYzRUhEYXZIcVNLSUVrMUZQd3V2Vk1pakZweWRyLWw3Nk1QZjU1U3FaemtOaGVqMXZGWmxNTUhRTU1zMjZfTVdaRVZtVmplZUtqam5xVEpTRXR3VmZmQm1iNk9WLWMwU2d6Qnk3RnJBTU40SHZ1ZVVTZnhWY1hqN3FqdXcyUDU1cGtaMHJ3emllYW5DT3RfaHdiWnVVT1QzdWVJYkJpZlJpNG5PVHBJdG1hdmhjMmc?oc=5\" target=\"_blank\" rel=\"nofollow noopener\">\u00ab Je m&rsquo;entoure des meilleurs pour atteindre le sommet \u00e0 moyen terme \u00bb : \u00e0 l&rsquo;instar de Fabien Barthez, Thibaut Courtois r\u00eave d&rsquo;un avenir sur les circuits<\/a>&nbsp;&nbsp;L&rsquo;\u00c9quipe<\/li>\n<li><a href=\"https:\/\/news.google.com\/rss\/articles\/CBMikgJBVV95cUxPM2RWYnJqcUxYc3RDSGFOYmxrSWh4S01nZm9mR3U0MXFvMkVrWEdKcDFobVprd0Q0c3RycDRaSFFTN1lkSDBQRG1pSVlBS1dONXR0aTdoa2lSX0xReW5ZUFlJTHpFMF9pblhGWlhRdTExQjQwcXFMM2ZIOGkwaEtpUjd2TGVpUjBEa0dUWm82cWx3NGYtS1VwYjdNdUhIR0JGaHQ5QzNNb3E2eUl4WE5qcEhZM2llUHhPeEx0S2t0TDdLZElJQjZGOGRrUk1OMzEwR1FTZnRnT21rWHJ5T0wzczZJZW5ObC15cHQ2QVdaSERoMm9vTDBnZnNnM0JOaHlJQVVYSEt2T3JzWlJtLTdueVBB?oc=5\" target=\"_blank\" rel=\"nofollow noopener\">Real Madrid. Apr\u00e8s le foot, Thibaut Courtois r\u00eave d\u2019une reconversion dans le sport auto<\/a>&nbsp;&nbsp;Ouest-France<\/li>\n<li><a href=\"https:\/\/news.google.com\/rss\/articles\/CBMi4wFBVV95cUxQX0dEQ2dVd1VZbHVKZXgtLUlMc1hSS2NGOEVSOEpPQkVKTEJoRWdxMTdxZ0FLOWl2TW1EWGhHNXNuenVScmVyWDZCTk84b0NuNWtOWEtfb2pGTEpZU09GTWJjN0FuOWRyRmRlZVN6Mkw5cDR5NzVaUzNpMEl0aFYtTmhRTVY4ODhlYW53Yk9ocHRLWEhKZElUb3p6aWs1Q29DdjFSay1TNTQzUVl6MnZqSWZCR21rSHEzcWc4bU45Y3poSGl4ZktqSlJpcnZIdktrb2hxbVhWUmIxNGhVVU8yTlNncw?oc=5\" target=\"_blank\" rel=\"nofollow noopener\">Mercato : La d\u00e9claration de Thibaut Courtois au Real Madrid<\/a>&nbsp;&nbsp;beIN SPORTS<\/li>\n<li><a href=\"https:\/\/news.google.com\/rss\/articles\/CBMilwFBVV95cUxNQnZJT0tIQ3JsY2QwRnlhTXozYnZocDZySXZYVUY1SjdsYXpXX3FZY3JhUGVyZDZpX1JESjN2eXltU08teEgtd2FpbFdsZkpPNGJ2Yjg5bk5LRVBxNnptSmZTTWZjWmlDY1dkcmw2NGgza0Vfb3o2cVlrdlhhM3pQc256aEZ4eHNRX3Q2TzdjUjluUjhSc2JN?oc=5\" target=\"_blank\" rel=\"nofollow noopener\">\u00ab\u00a0Courtois est le Messi des gardiens\u00a0\u00bb: l&rsquo;Espagne sous le choc<\/a>&nbsp;&nbsp;FootNews.BE<\/li>\n<li><a href=\"https:\/\/news.google.com\/rss\/articles\/CBMilwFBVV95cUxPWHh2MkhyR2JTOVlFVFp1bXNJajJwVzFoQjdQV0sxblJvTDhsLUhvTU1kLUpVR25McDVoX0M5T1pWUDVHbHpLam9zSDZxMHRKeUhnRlpiRGdLSGtsdkZwTl9XZUZDZnNadGxJRlBKa0RyOXRHbG1FdHdjZGNlWDF0QnFiZGtHX294U0tqaFJfOEJrc1RxV0Jn?oc=5\" target=\"_blank\" rel=\"nofollow noopener\">Real Madrid : Courtois l\u00e2che une bombe sur son avenir<\/a>&nbsp;&nbsp;football365.fr<\/li>\n<\/ol>\n","protected":false},"excerpt":{"rendered":"\u00ab Je m&rsquo;entoure des meilleurs pour atteindre le sommet \u00e0 moyen terme \u00bb : \u00e0 l&rsquo;instar de Fabien&hellip;\n","protected":false},"author":2,"featured_media":284329,"comment_status":"","ping_status":"","sticky":false,"template":"","format":"standard","meta":{"footnotes":""},"categories":[1412],"tags":[1451,1452,1453,1454,1455,1011,27,60],"class_list":{"0":"post-284328","1":"post","2":"type-post","3":"status-publish","4":"format-standard","5":"has-post-thumbnail","7":"category-f1","8":"tag-f1","9":"tag-formula-1","10":"tag-formula1","11":"tag-formule-1","12":"tag-formule1","13":"tag-fr","14":"tag-france","15":"tag-sports"},"share_on_mastodon":{"url":"https:\/\/pubeurope.com\/@fr\/114942294293195216","error":""},"_links":{"self":[{"href":"https:\/\/www.europesays.com\/fr\/wp-json\/wp\/v2\/posts\/284328","targetHints":{"allow":["GET"]}}],"collection":[{"href":"https:\/\/www.europesays.com\/fr\/wp-json\/wp\/v2\/posts"}],"about":[{"href":"https:\/\/www.europesays.com\/fr\/wp-json\/wp\/v2\/types\/post"}],"author":[{"embeddable":true,"href":"https:\/\/www.europesays.com\/fr\/wp-json\/wp\/v2\/users\/2"}],"replies":[{"embeddable":true,"href":"https:\/\/www.europesays.com\/fr\/wp-json\/wp\/v2\/comments?post=284328"}],"version-history":[{"count":0,"href":"https:\/\/www.europesays.com\/fr\/wp-json\/wp\/v2\/posts\/284328\/revisions"}],"wp:featuredmedia":[{"embeddable":true,"href":"https:\/\/www.europesays.com\/fr\/wp-json\/wp\/v2\/media\/284329"}],"wp:attachment":[{"href":"https:\/\/www.europesays.com\/fr\/wp-json\/wp\/v2\/media?parent=284328"}],"wp:term":[{"taxonomy":"category","embeddable":true,"href":"https:\/\/www.europesays.com\/fr\/wp-json\/wp\/v2\/categories?post=284328"},{"taxonomy":"post_tag","embeddable":true,"href":"https:\/\/www.europesays.com\/fr\/wp-json\/wp\/v2\/tags?post=284328"}],"curies":[{"name":"wp","href":"https:\/\/api.w.org\/{rel}","templated":true}]}}