{"id":284332,"date":"2025-07-30T12:57:10","date_gmt":"2025-07-30T12:57:10","guid":{"rendered":"https:\/\/www.europesays.com\/fr\/284332\/"},"modified":"2025-07-30T12:57:10","modified_gmt":"2025-07-30T12:57:10","slug":"n2-les-girondins-depassent-deja-leurs-objectifs-dabonnements-le-public-repond-present","status":"publish","type":"post","link":"https:\/\/www.europesays.com\/fr\/284332\/","title":{"rendered":"N2 : les Girondins d\u00e9passent d\u00e9j\u00e0 leurs objectifs d&rsquo;abonnements, le public r\u00e9pond pr\u00e9sent"},"content":{"rendered":"<p><img decoding=\"async\" src=\"https:\/\/www.europesays.com\/fr\/wp-content\/uploads\/2025\/07\/671_87e089ecdf173d669708790ff66226ba.jpg\" alt=\"N2 : les Girondins d\u00e9passent d\u00e9j\u00e0 leurs objectifs d'abonnements, le public r\u00e9pond pr\u00e9sent\" class=\"img-responsive mt-3\"\/><\/p>\n<p class=\"text-center mb-3\" style=\"font-size: 14px\">\u00a9 Iconsport<\/p>\n<p>      <strong>Le public bordelais au rendez-vous<\/strong><\/p>\n<p style=\"text-align: justify;\">Avec 5 000 abonnements d\u00e9j\u00e0 vendus, les Girondins de Bordeaux ont d\u00e9pass\u00e9 l&rsquo;objectif fix\u00e9. Il \u00e9tait de 4 500 abonn\u00e9s au stade pour la saison \u00e0 venir.<\/p>\n<p style=\"text-align: justify;\">La saison derni\u00e8re, 5 500 abonnements avaient \u00e9t\u00e9 vendus. \u00c0 ce rythme, ce chiffre devrait \u00eatre d\u00e9pass\u00e9.<\/p>\n<p style=\"text-align: justify;\">La saison de National 2 d\u00e9bute le 16 ao\u00fbt 2025 avec la r\u00e9ception de l&rsquo;US Avranches au Stade Atlantique de Bordeaux.<\/p>\n<p>\u00a0<\/p>\n<p>\u00c0 lire &gt;&gt; <strong><a href=\"https:\/\/www.webgirondins.com\/actualite-girondins-girondins-on-ne-va-pas-tergiverser-il-faut-gagner-les-matchs-a-domicile-pour-monter-129886\" target=\"_blank\" rel=\"noopener\">On ne va pas tergiverser, il faut gagner les matchs \u00e0 domicile pour monter\u00a0\u00bb<\/a><\/strong><\/p>\n<p>Notre podcast court mercato et gardien de but :<\/p>\n<p>\u00a0<\/p>\n<p>\u00a0<\/p>\n","protected":false},"excerpt":{"rendered":"\u00a9 Iconsport Le public bordelais au rendez-vous Avec 5 000 abonnements d\u00e9j\u00e0 vendus, les Girondins de Bordeaux ont&hellip;\n","protected":false},"author":2,"featured_media":284333,"comment_status":"","ping_status":"","sticky":false,"template":"","format":"standard","meta":{"footnotes":""},"categories":[1410],"tags":[34659,29176,3396,1997,1442,42340,42339,34641,63,1011,27,1987,42341,3289,3591,22569,2038,471,8995,3532,5957,3242,60,6006,18696],"class_list":{"0":"post-284332","1":"post","2":"type-post","3":"status-publish","4":"format-standard","5":"has-post-thumbnail","7":"category-football","8":"tag-abonnements","9":"tag-ainsi","10":"tag-avec","11":"tag-bordeaux","12":"tag-deja","13":"tag-depassant","14":"tag-depassent","15":"tag-enregistrent","16":"tag-football","17":"tag-fr","18":"tag-france","19":"tag-girondins","20":"tag-initial","21":"tag-leur","22":"tag-leurs","23":"tag-objectif","24":"tag-objectifs","25":"tag-pour","26":"tag-present","27":"tag-public","28":"tag-repond","29":"tag-saison","30":"tag-sports","31":"tag-succes","32":"tag-vendus"},"share_on_mastodon":{"url":"https:\/\/pubeurope.com\/@fr\/114942302396117666","error":""},"_links":{"self":[{"href":"https:\/\/www.europesays.com\/fr\/wp-json\/wp\/v2\/posts\/284332","targetHints":{"allow":["GET"]}}],"collection":[{"href":"https:\/\/www.europesays.com\/fr\/wp-json\/wp\/v2\/posts"}],"about":[{"href":"https:\/\/www.europesays.com\/fr\/wp-json\/wp\/v2\/types\/post"}],"author":[{"embeddable":true,"href":"https:\/\/www.europesays.com\/fr\/wp-json\/wp\/v2\/users\/2"}],"replies":[{"embeddable":true,"href":"https:\/\/www.europesays.com\/fr\/wp-json\/wp\/v2\/comments?post=284332"}],"version-history":[{"count":0,"href":"https:\/\/www.europesays.com\/fr\/wp-json\/wp\/v2\/posts\/284332\/revisions"}],"wp:featuredmedia":[{"embeddable":true,"href":"https:\/\/www.europesays.com\/fr\/wp-json\/wp\/v2\/media\/284333"}],"wp:attachment":[{"href":"https:\/\/www.europesays.com\/fr\/wp-json\/wp\/v2\/media?parent=284332"}],"wp:term":[{"taxonomy":"category","embeddable":true,"href":"https:\/\/www.europesays.com\/fr\/wp-json\/wp\/v2\/categories?post=284332"},{"taxonomy":"post_tag","embeddable":true,"href":"https:\/\/www.europesays.com\/fr\/wp-json\/wp\/v2\/tags?post=284332"}],"curies":[{"name":"wp","href":"https:\/\/api.w.org\/{rel}","templated":true}]}}