{"id":284334,"date":"2025-07-30T12:58:15","date_gmt":"2025-07-30T12:58:15","guid":{"rendered":"https:\/\/www.europesays.com\/fr\/284334\/"},"modified":"2025-07-30T12:58:15","modified_gmt":"2025-07-30T12:58:15","slug":"antoine-dupont-revient-sur-son-passage-dans-les-rencontres-du-papotin","status":"publish","type":"post","link":"https:\/\/www.europesays.com\/fr\/284334\/","title":{"rendered":"Antoine Dupont revient sur son passage dans \u00abLes rencontres du Papotin\u00bb"},"content":{"rendered":"<p>                             Par Marine Cassan<\/p>\n<p>                Le 30 juillet 2025 \u00e0 13h12<\/p>\n<p>    Antoine Dupont dans \u00abLes rencontres du Papotin\u00bb sur France 2<br \/>\n                Capture d&rsquo;\u00e9cran<\/p>\n<p>Ce mercredi 30 juillet, le rugbyman a comment\u00e9 sa participation au programme de France 2. Une prise de risques pour le sportif qui a d\u00fb r\u00e9pondre aux questions inattendues des journalistes de l\u2019\u00e9mission.<\/p>\n<p class=\"fig-paragraph\">\u00abOn peut tout dire au Papotin\u00bb, telle est la devise de cette r\u00e9daction, pas comme les autres. Le principe\u00a0? Les journalistes, porteurs de troubles autistiques, re\u00e7oivent des personnalit\u00e9s pour leur poser des questions insolites et in\u00e9dites. \u00c0 l\u2019occasion d\u2019un num\u00e9ro de l\u2019\u00e9mission\u00a0<a href=\"https:\/\/tvmag.lefigaro.fr\/programme-tv\/programme\/les-rencontres-du-papotin-d912635744\" target=\"_blank\" rel=\"noopener\" data-gtm-custom-categorie=\"navigation\" data-gtm-custom-action=\"crossclick\" data-gtm-custom-label=\"Contextuel\" data-gtm-event=\"customEventSPE\"><strong>\u00abLes rencontres du Papotin\u00bb<\/strong><\/a>, diffus\u00e9 le 5 octobre dernier sur France 2,\u00a0<a href=\"https:\/\/www.lefigaro.fr\/tag\/antoine-dupont\" target=\"_blank\" rel=\"noopener\" data-gtm-custom-categorie=\"navigation\" data-gtm-custom-action=\"crossclick\" data-gtm-custom-label=\"Contextuel\" data-gtm-event=\"customEventSPE\"><strong>Antoine Dupont<\/strong><\/a> \u00a0a fait face \u00e0 la r\u00e9daction.<\/p>\n<p class=\"fig-paragraph\">Le rugbyman a \u00e9t\u00e9 mis en difficult\u00e9 par les membres du journal. \u00c0 peine le micro en main, l\u2019une des journalistes a lanc\u00e9\u00a0: \u00abEst-ce que vous avez grossi\u00a0?\u00bb Une question pleine de spontan\u00e9it\u00e9 et d\u2019honn\u00eatet\u00e9 qui a fait rire le sportif, visiblement surpris. Le ton du programme \u00e9tait donn\u00e9, et s\u2019est poursuivi ainsi pendant plus de 30 minutes. Le compagnon pr\u00e9sum\u00e9 d\u2019<a href=\"https:\/\/www.lefigaro.fr\/tag\/iris-mittenaere\" target=\"_blank\" rel=\"noopener\" data-gtm-custom-categorie=\"navigation\" data-gtm-custom-action=\"crossclick\" data-gtm-custom-label=\"Contextuel\" data-gtm-event=\"customEventSPE\">Iris Mittenaere<\/a>\u00a0a ensuite dans\u00e9 le zouk love, parl\u00e9 de son rapport \u00e0 la victoire ou encore de ses go\u00fbts musicaux.<\/p>\n<p class=\"fig-body-link\">\n            \u00c0 lire aussi<br \/>\n        <a class=\"fig-body-link__link\" href=\"http:\/\/tvmag.lefigaro.fr\/programme-tv\/actu-tele\/les-showmans-que-c-est-les-bleus-d-antoine-dupont-electrisent-le-plateau-de-quels-jeux-20240729\" target=\"_blank\" data-fig-type=\"Article\" rel=\"noopener\" data-gtm-custom-categorie=\"navigation\" data-gtm-custom-action=\"crossclick\" data-gtm-custom-label=\"Contextuel\" data-gtm-event=\"customEventSPE\" data-fig-domain=\"TVMAG\">\u00abLes showmans que c&rsquo;est\u00a0!\u00bb\u00a0: Antoine Dupont et les Bleus \u00e9lectrisent le plateau de \u00abQuels jeux\u00a0!\u00bb<br \/>\n    <\/a>\n<\/p>\n<p>                                    <a class=\"fig-a11y-skip a11y-hidden\" href=\"#fig-a11y-skip-main-inarticle\"><br \/>\n        Passer la publicit\u00e9<br \/>\n    <\/a><\/p>\n<p class=\"fig-paragraph\">Ce mercredi 30 juillet, \u00e0 l\u2019occasion d\u2019un entretien pour le magazine Point de vue, Antoine Dupont s\u2019est confi\u00e9 sur son exp\u00e9rience dans \u00abLes rencontres du Papotin\u00bb. \u00abJe savais que ce ne serait pas \u00e9vident, ni agr\u00e9able, car les journalistes de cette \u00e9mission nous sortent de notre zone de confort\u00bb, a-t-il d\u00e9clar\u00e9.<\/p>\n<p class=\"fig-paragraph\">Une exp\u00e9rience in\u00e9dite \u00e0 laquelle le joueur du XV de France, actuellement bless\u00e9 au genou, a tenu \u00e0 participer. \u00abJ\u2019y suis all\u00e9 en essayant d\u2019\u00eatre le plus sinc\u00e8re possible, et de toute fa\u00e7on, vous \u00eates vite d\u00e9sarm\u00e9. C\u2019est ce qui fait la beaut\u00e9 de ce programme\u00bb, a ensuite expliqu\u00e9 le sportif.<\/p>\n<p class=\"fig-paragraph\">Le rugbyman esp\u00e8re rejouer d\u00e8s novembre prochain. Il poursuit en attendant sa r\u00e9\u00e9ducation. Le joueur ne reste pas inactif. Ambassadeur LVMH et Louis Vuitton, il a voyag\u00e9 jusqu\u2019\u00e0 Osaka lors de la semaine du 14 juillet.<\/p>\n<blockquote class=\"fig-quote&#10;    \">\n<p class=\"fig-quote__text\">Il y aura toujours des gens pour penser que je me d\u00e9nature<\/p>\n<p>            Antoine Dupont au Point de vue\n    <\/p><\/blockquote>\n<p class=\"fig-paragraph\">Antoine Dupont s\u2019est \u00e9galement confi\u00e9 sur son nouveau r\u00f4le dans la mode et le luxe. \u00abIl y aura toujours des gens pour penser que je me d\u00e9nature. Cela ne me perturbe pas. Je peux assister \u00e0 un d\u00e9fil\u00e9 Louis Vuitton et, d\u00e8s le lendemain, retrouver mon fr\u00e8re au milieu des champs de notre village de Castelnau-Magnoac, en Occitanie, avec ses porcs noirs de Bigorre. Je n\u2019ai aucun souci avec cela. Ce n\u2019est pas parce que j\u2019aime l\u2019un que je vais d\u00e9laisser l\u2019autre. Cela me repr\u00e9sente bien. Je suis curieux de beaucoup de choses et j\u2019ai besoin de cet \u00e9quilibre-l\u00e0\u00bb, a \u00e9voqu\u00e9, sans d\u00e9tour, le Toulousain.<\/p>\n<p>    Antoine Dupont et Iris Mittenaere dans les tribunes de Roland-Garros en juin dernier.<br \/>\n                Castel Franck\/ABACA<\/p>\n<p class=\"fig-paragraph\">Depuis plusieurs mois, Antoine Dupont vivrait une romance avec Iris Mittenaere.\u00a0<a href=\"http:\/\/tvmag.lefigaro.fr\/programme-tv\/people\/iris-mittenaere-et-antoine-dupont-complices-dans-les-tribunes-de-roland-garros-pour-la-finale-sinner-alcaraz-20250608\" target=\"_blank\" data-fig-type=\"Article\" rel=\"noopener\" data-gtm-custom-categorie=\"navigation\" data-gtm-custom-action=\"crossclick\" data-gtm-custom-label=\"Contextuel\" data-gtm-event=\"customEventSPE\" data-fig-domain=\"TVMAG\">Tous deux se sont affich\u00e9s ensemble en juin dernier lors du tournoi de Roland-Garros<\/a>. Ils apparaissent aussi r\u00e9guli\u00e8rement aux m\u00eames \u00e9v\u00e9nements. Miss Univers 2016 a, elle aussi, un programme estival bien charg\u00e9, puisqu\u2019elle participera aux vlogs d\u2019ao\u00fbt de l\u2019influenceuse\u00a0<a href=\"https:\/\/www.lefigaro.fr\/tag\/lena-mahfouf\" target=\"_blank\" rel=\"noopener\" data-gtm-custom-categorie=\"navigation\" data-gtm-custom-action=\"crossclick\" data-gtm-custom-label=\"Contextuel\" data-gtm-event=\"customEventSPE\">L\u00e9na Mahfouf<\/a>\u00a0(anciennement L\u00e9na Situations) cet \u00e9t\u00e9.\u00a0<a href=\"http:\/\/tvmag.lefigaro.fr\/programme-tv\/people\/iris-mittenaere-sosie-de-teri-hatcher-dans-desperate-housewives-lors-d-un-shooting-avec-lena-mahfouf-20250729\" target=\"_blank\" data-fig-type=\"Article\" rel=\"noopener\" data-gtm-custom-categorie=\"navigation\" data-gtm-custom-action=\"crossclick\" data-gtm-custom-label=\"Contextuel\" data-gtm-event=\"customEventSPE\" data-fig-domain=\"TVMAG\">Les deux amies ont d\u2019ailleurs tourn\u00e9 une bande-annonce<\/a>\u00a0fa\u00e7on\u00a0<a href=\"https:\/\/tvmag.lefigaro.fr\/programme-tv\/programme\/desperate-housewives-d96438620\" target=\"_blank\" rel=\"noopener\" data-gtm-custom-categorie=\"navigation\" data-gtm-custom-action=\"crossclick\" data-gtm-custom-label=\"Contextuel\" data-gtm-event=\"customEventSPE\">Desperate Housewives<\/a> \u00a0pour annoncer cette s\u00e9rie de vid\u00e9os \u00e0 venir le mois prochain, sur Youtube.<\/p>\n","protected":false},"excerpt":{"rendered":"Par Marine Cassan Le 30 juillet 2025 \u00e0 13h12 Antoine Dupont dans \u00abLes rencontres du Papotin\u00bb sur France&hellip;\n","protected":false},"author":2,"featured_media":284335,"comment_status":"","ping_status":"","sticky":false,"template":"","format":"standard","meta":{"footnotes":""},"categories":[1359],"tags":[514,58,59,1011,27,594,7308,973],"class_list":{"0":"post-284334","1":"post","2":"type-post","3":"status-publish","4":"format-standard","5":"has-post-thumbnail","7":"category-people","8":"tag-antoine-dupont","9":"tag-divertissement","10":"tag-entertainment","11":"tag-fr","12":"tag-france","13":"tag-france-2","14":"tag-iris-mittenaere","15":"tag-people"},"share_on_mastodon":{"url":"https:\/\/pubeurope.com\/@fr\/114942306154352155","error":""},"_links":{"self":[{"href":"https:\/\/www.europesays.com\/fr\/wp-json\/wp\/v2\/posts\/284334","targetHints":{"allow":["GET"]}}],"collection":[{"href":"https:\/\/www.europesays.com\/fr\/wp-json\/wp\/v2\/posts"}],"about":[{"href":"https:\/\/www.europesays.com\/fr\/wp-json\/wp\/v2\/types\/post"}],"author":[{"embeddable":true,"href":"https:\/\/www.europesays.com\/fr\/wp-json\/wp\/v2\/users\/2"}],"replies":[{"embeddable":true,"href":"https:\/\/www.europesays.com\/fr\/wp-json\/wp\/v2\/comments?post=284334"}],"version-history":[{"count":0,"href":"https:\/\/www.europesays.com\/fr\/wp-json\/wp\/v2\/posts\/284334\/revisions"}],"wp:featuredmedia":[{"embeddable":true,"href":"https:\/\/www.europesays.com\/fr\/wp-json\/wp\/v2\/media\/284335"}],"wp:attachment":[{"href":"https:\/\/www.europesays.com\/fr\/wp-json\/wp\/v2\/media?parent=284334"}],"wp:term":[{"taxonomy":"category","embeddable":true,"href":"https:\/\/www.europesays.com\/fr\/wp-json\/wp\/v2\/categories?post=284334"},{"taxonomy":"post_tag","embeddable":true,"href":"https:\/\/www.europesays.com\/fr\/wp-json\/wp\/v2\/tags?post=284334"}],"curies":[{"name":"wp","href":"https:\/\/api.w.org\/{rel}","templated":true}]}}