{"id":284336,"date":"2025-07-30T12:59:16","date_gmt":"2025-07-30T12:59:16","guid":{"rendered":"https:\/\/www.europesays.com\/fr\/284336\/"},"modified":"2025-07-30T12:59:16","modified_gmt":"2025-07-30T12:59:16","slug":"lescar-la-nouvelle-fresque-se-devoile-deja-rue-bie-grande","status":"publish","type":"post","link":"https:\/\/www.europesays.com\/fr\/284336\/","title":{"rendered":"Lescar\u00a0: la nouvelle fresque se d\u00e9voile d\u00e9j\u00e0 rue Bi\u00e9 Grande"},"content":{"rendered":"<p>        <img decoding=\"async\" id=\"25389039\" src=\"https:\/\/www.europesays.com\/fr\/wp-content\/uploads\/2025\/07\/pauagglo-684bd0ac175b4420a73fb5658a5bf128-113105-ph2.jpg\" alt=\"Plus moderne, plus color\u00e9, le nouveau d\u00e9cor de la Bi\u00e9 Grande est quasi termin\u00e9.\" itemprop=\"contentURL\"\/><\/p>\n<p>    Plus moderne, plus color\u00e9, le nouveau d\u00e9cor de la Bi\u00e9 Grande est quasi termin\u00e9.<\/p>\n<p>Dominique Fillieux<\/p>\n<p>        <img decoding=\"async\" id=\"25389040\" src=\"https:\/\/www.europesays.com\/fr\/wp-content\/uploads\/2025\/07\/pauagglo-684bd0ac175b4420a73fb5658a5bf128-113105-ph3.jpg\" alt=\"Un nouveau visage pour cette rue tr\u00e8s passante.\" itemprop=\"contentURL\"\/><\/p>\n<p>    Un nouveau visage pour cette rue tr\u00e8s passante.<\/p>\n<p>Dominique Fillieux<\/p>\n<p>    La r\u00e9daction vous conseille<\/p>\n<p>Apr\u00e8s le nettoyage du mur d\u00e9but juillet, les trois artistes du collectif d\u2019art urbain L\u2019Atelier ambulant ont pris possession de la rue Bi\u00e9 Grande pour y r\u00e9aliser la nouvelle fresque.<\/p>\n<p>De dimensions imposantes, 15 m\u00e8tres de long sur pr\u00e8s de 6 m\u00e8tres de haut, le nouveau visuel, fruit d\u2019un travail de concertation entre Mog, Ben et Code, trois artistes issus pourtant d\u2019univers graphiques diff\u00e9rents, se laisse d\u00e9j\u00e0 d\u00e9couvrir d\u00e8s que l\u2019on emprunte cette voie tr\u00e8s passante.<\/p>\n<p>Projet laur\u00e9at du budget participatif<\/p>\n<p>Apr\u00e8s les trac\u00e9s d\u00e9marr\u00e9s le 15\u00a0juillet, les coups de pinceaux et rouleaux ont masqu\u00e9 peu \u00e0 peu l\u2019ancien d\u00e9cor. Il ne reste plus que quelques aplats \u00e0 terminer et le nouveau paysage pourra \u00eatre admir\u00e9 dans son int\u00e9gralit\u00e9 d\u00e8s les premiers jours d\u2019ao\u00fbt.<\/p>\n<p>Pour rappel, ce projet de fresque, port\u00e9 par la famille Fedou, a \u00e9t\u00e9 d\u00e9sign\u00e9 projet laur\u00e9at du budget participatif 2024. Apr\u00e8s quoi l\u2019\u0153uvre de L\u2019Atelier ambulant a \u00e9t\u00e9 retenue parmi quatre propositions \u00e0 l\u2019issue d\u2019un vote citoyen.<\/p>\n","protected":false},"excerpt":{"rendered":"Plus moderne, plus color\u00e9, le nouveau d\u00e9cor de la Bi\u00e9 Grande est quasi termin\u00e9. Dominique Fillieux Un nouveau&hellip;\n","protected":false},"author":2,"featured_media":284337,"comment_status":"","ping_status":"","sticky":false,"template":"","format":"standard","meta":{"footnotes":""},"categories":[1358],"tags":[1348,1384,1385,1386,58,59,1011,27],"class_list":{"0":"post-284336","1":"post","2":"type-post","3":"status-publish","4":"format-standard","5":"has-post-thumbnail","7":"category-arts-et-design","8":"tag-arts","9":"tag-arts-and-design","10":"tag-arts-et-design","11":"tag-design","12":"tag-divertissement","13":"tag-entertainment","14":"tag-fr","15":"tag-france"},"share_on_mastodon":{"url":"https:\/\/pubeurope.com\/@fr\/114942310733651683","error":""},"_links":{"self":[{"href":"https:\/\/www.europesays.com\/fr\/wp-json\/wp\/v2\/posts\/284336","targetHints":{"allow":["GET"]}}],"collection":[{"href":"https:\/\/www.europesays.com\/fr\/wp-json\/wp\/v2\/posts"}],"about":[{"href":"https:\/\/www.europesays.com\/fr\/wp-json\/wp\/v2\/types\/post"}],"author":[{"embeddable":true,"href":"https:\/\/www.europesays.com\/fr\/wp-json\/wp\/v2\/users\/2"}],"replies":[{"embeddable":true,"href":"https:\/\/www.europesays.com\/fr\/wp-json\/wp\/v2\/comments?post=284336"}],"version-history":[{"count":0,"href":"https:\/\/www.europesays.com\/fr\/wp-json\/wp\/v2\/posts\/284336\/revisions"}],"wp:featuredmedia":[{"embeddable":true,"href":"https:\/\/www.europesays.com\/fr\/wp-json\/wp\/v2\/media\/284337"}],"wp:attachment":[{"href":"https:\/\/www.europesays.com\/fr\/wp-json\/wp\/v2\/media?parent=284336"}],"wp:term":[{"taxonomy":"category","embeddable":true,"href":"https:\/\/www.europesays.com\/fr\/wp-json\/wp\/v2\/categories?post=284336"},{"taxonomy":"post_tag","embeddable":true,"href":"https:\/\/www.europesays.com\/fr\/wp-json\/wp\/v2\/tags?post=284336"}],"curies":[{"name":"wp","href":"https:\/\/api.w.org\/{rel}","templated":true}]}}