{"id":284340,"date":"2025-07-30T13:01:11","date_gmt":"2025-07-30T13:01:11","guid":{"rendered":"https:\/\/www.europesays.com\/fr\/284340\/"},"modified":"2025-07-30T13:01:11","modified_gmt":"2025-07-30T13:01:11","slug":"bichette-la-maitre-de-midi-prend-ses-ai","status":"publish","type":"post","link":"https:\/\/www.europesays.com\/fr\/284340\/","title":{"rendered":"\u00ab\u00a0Bichette\u00a0\u00bb, la ma\u00eetre de midi prend ses ai &#8230;"},"content":{"rendered":"<p>EN BREF<\/p>\n<ul class=\"bloc_resume_post_list\">\n<li>Le 27 juillet 2025, Elodie, Miss P\u00e9rigord 2024, a \u00e9t\u00e9<br \/>\nd\u00e9tr\u00f4n\u00e9e par Maryne dans Les 12 Coups de midi.<\/li>\n<li>La nouvelle ma\u00eetre de midi a conquis le public et<br \/>\nJean-Luc Reichmann avec sa r\u00e9partie et son \u00e9l\u00e9gance.<\/li>\n<li>Avec 15 000 euros d\u00e9j\u00e0 gagn\u00e9s, elle pourrait bien<br \/>\ns\u00a0\u00bbinscrire dans la lign\u00e9e des champions.<\/li>\n<\/ul>\n<p data-start=\"301\" data-end=\"1038\">Sur le plateau des <a href=\"https:\/\/www.telestar.fr\/actu_tv\/les-12-coups-de-midi-tas-vraiment-perdu-la-tete-gros-couac-lie-au-differe-pour-jean-luc-reichmann-1732087\" target=\"_blank\" rel=\"noopener\"><br \/>\n12 Coups de midi<\/a>, pas<br \/>\nbesoin de canicule pour provoquer des <strong>coups de<br \/>\nchaud<\/strong> et des sueurs froides au t\u00e9l\u00e9spectateurs. Depuis<br \/>\n<a href=\"https:\/\/www.telestar.fr\/actu_tv\/12_coups_de_midi\/les-12-coups-de-midi-emilien-vous-manque-il-revient-tres-bientot-1732684\" target=\"_blank\" rel=\"noopener\"><br \/>\nle d\u00e9part d\u2019\u00c9milien<\/a>, le s\u00eaptre de <strong>Ma\u00eetre de<br \/>\nmidi<\/strong> change de main aussi vite qu\u2019un cornet fond au<br \/>\nsoleil.\u00a0Ce dimanche 27 juillet, Elodie, <a href=\"https:\/\/www.telestar.fr\/actu_tv\/les-12-coups-de-midi-qui-est-elodie-coser-la-miss-perigord-devenue-maitre-de-midi-1732983#:~:text=Arriv%C3%A9e%20dans%20l&#039;%C3%A9mission%20le,Miss%20P%C3%A9rigord%202024%20bien%20visible.\" target=\"_blank\" rel=\"noopener\"><br \/>\nMiss P\u00e9rigord 2024<\/a> en \u00e9charpe et talons hauts, pensait faire<br \/>\nr\u00e9gner son charme un peu plus longtemps.<\/p>\n<p data-start=\"301\" data-end=\"1038\">Et pourtant ! Malgr\u00e9 sa classe<br \/>\net son joli <a href=\"https:\/\/www.telestar.fr\/actu_tv\/les-12-coups-de-midi-surprise-une-miss-devient-maitre-de-midi-1732896\" target=\"_blank\" rel=\"noopener\"><br \/>\nclin d\u2019\u0153il \u00e0 Jean-Luc Reichmann<\/a> (elle lui avait apport\u00e9 une<br \/>\n\u00e9charpe \u00ab\u00a0<strong>Mister 12 Coups de midi\u00a0\u00bb<\/strong>, s\u2019il<br \/>\nvous pla\u00eet), la reine de beaut\u00e9 s\u2019est faite \u00e9clipser. Et pas par<br \/>\nn\u2019importe qui. C\u2019est <strong>Maryne<\/strong> qui l\u2019a d\u00e9tr\u00f4n\u00e9e dans<br \/>\nun duel haletant. D\u00e9termin\u00e9e, <strong>p\u00e9tillante et ultra<br \/>\ncultiv\u00e9e<\/strong>, la nouvelle championne a frapp\u00e9 fort. Et avec<br \/>\npanache.<\/p>\n<p>Les 12 coups de midi : Maryne conquis Jean-Luc Reichmann<\/p>\n<p data-start=\"1093\" data-end=\"1934\">D\u00e9j\u00e0 ultra \u00e0 l\u2019aise, Maryne<br \/>\nn\u2019a pas seulement rafl\u00e9 la victoire. Elle a aussi illumin\u00e9<br \/>\nl\u2019\u00e9mission par sa r\u00e9partie et son \u00e9l\u00e9gance. Ce 30 juillet 2025,<br \/>\nface \u00e0 une candidate f\u00e9brile, elle n\u2019a pas h\u00e9sit\u00e9 \u00e0 l&rsquo;encourager<br \/>\nd\u2019<strong>un petit clin d\u2019\u0153il.<\/strong> Un geste qui n\u2019a pas<br \/>\n\u00e9chapp\u00e9 \u00e0 l\u2019\u0153il aff\u00fbt\u00e9 de Jean-Luc Reichmann : \u00ab\u00a0<strong>Je vous<br \/>\ntrouve tr\u00e8s sport<\/strong> quand m\u00eame. Vous avez fait un petit clin<br \/>\nd\u2019\u0153il \u00e0 Valentine. Genre &lsquo;C\u2019est bon, tu l\u2019as eu celle-l\u00e0\u00a0\u00bb.<\/p>\n<p data-start=\"1093\" data-end=\"1934\">Ce \u00e0 quoi Maryne a simplement<br \/>\nr\u00e9pondu, sourire aux l\u00e8vres : \u00ab\u00a0Oui, <strong>elle est stress\u00e9e,<br \/>\nbichette<\/strong>\u00ab\u00a0. Une r\u00e9plique qui a d\u00e9clench\u00e9 un fou rire<br \/>\ng\u00e9n\u00e9ral sur le plateau. Sans pression, sans calcul, elle encha\u00eene<br \/>\nles bonnes r\u00e9ponses et la r\u00e9partie qui va avec. Bref, une candidate<br \/>\ncomme on les aime : brillante mais jamais \u00e9crasante, modeste sans<br \/>\n\u00eatre timide.<\/p>\n<p>Les 12 coups de midi : une candidate<br \/>\npromise \u00e0 un long r\u00e8gne ?<\/p>\n<p data-start=\"1983\" data-end=\"2638\">D\u00e9j\u00e0 <strong>15 000 euros en<br \/>\npoche<\/strong>, un capital sympathie XXL et une culture g\u00e9n\u00e9rale<br \/>\naff\u00fbt\u00e9e comme une lame de rasoir : Maryne a tout pour durer. M\u00eame<br \/>\nJean-Luc Reichmann semble sous le charme de cette <strong>candidate<br \/>\nau temp\u00e9rament solaire<\/strong> et aux punchlines d\u00e9sarmantes.<\/p>\n<p data-start=\"1983\" data-end=\"2638\">Avec elle, l\u2019ambiance est<br \/>\nl\u00e9g\u00e8re comme une limonade fra\u00eeche : \u00ab\u00a0C\u2019est <strong>que du<br \/>\nplus<\/strong> d\u2019\u00eatre ici\u00a0\u00bb, commente-t-elle, ravie de son<br \/>\nparcours. Et elle n\u2019a pas tort. Car si les t\u00e9l\u00e9spectateurs adorent<br \/>\nles cerveaux bien faits, ils raffolent aussi des c\u0153urs bien plac\u00e9s.<br \/>\n\u00c0 ce rythme-l\u00e0, Maryne pourrait bien transformer sa \u00ab\u00a0Bichette<br \/>\nattitude\u00a0\u00bb en longue \u00e9pop\u00e9e dans la lign\u00e9e des <a href=\"https:\/\/www.telestar.fr\/actu_tv\/les-12-coups-de-midi-emilien-une-nouvelle-fois-mis-a-lepreuve-et-cette-fois-cest-du-tres-serieux-1733136\" target=\"_blank\" rel=\"noopener\"><br \/>\nma\u00eetres de midi<\/a> de la trempe d&rsquo;Emilien. Et ce serait tout sauf<br \/>\nune erreur de casting.<\/p>\n","protected":false},"excerpt":{"rendered":"EN BREF Le 27 juillet 2025, Elodie, Miss P\u00e9rigord 2024, a \u00e9t\u00e9 d\u00e9tr\u00f4n\u00e9e par Maryne dans Les 12&hellip;\n","protected":false},"author":2,"featured_media":284341,"comment_status":"","ping_status":"","sticky":false,"template":"","format":"standard","meta":{"footnotes":""},"categories":[1356],"tags":[548,58,59,1011,27,466,252,199,1364],"class_list":{"0":"post-284340","1":"post","2":"type-post","3":"status-publish","4":"format-standard","5":"has-post-thumbnail","7":"category-television","8":"tag-article-simple","9":"tag-divertissement","10":"tag-entertainment","11":"tag-fr","12":"tag-france","13":"tag-les-12-coups-de-midi","14":"tag-television","15":"tag-tf1","16":"tag-tv"},"share_on_mastodon":{"url":"https:\/\/pubeurope.com\/@fr\/114942318070849036","error":""},"_links":{"self":[{"href":"https:\/\/www.europesays.com\/fr\/wp-json\/wp\/v2\/posts\/284340","targetHints":{"allow":["GET"]}}],"collection":[{"href":"https:\/\/www.europesays.com\/fr\/wp-json\/wp\/v2\/posts"}],"about":[{"href":"https:\/\/www.europesays.com\/fr\/wp-json\/wp\/v2\/types\/post"}],"author":[{"embeddable":true,"href":"https:\/\/www.europesays.com\/fr\/wp-json\/wp\/v2\/users\/2"}],"replies":[{"embeddable":true,"href":"https:\/\/www.europesays.com\/fr\/wp-json\/wp\/v2\/comments?post=284340"}],"version-history":[{"count":0,"href":"https:\/\/www.europesays.com\/fr\/wp-json\/wp\/v2\/posts\/284340\/revisions"}],"wp:featuredmedia":[{"embeddable":true,"href":"https:\/\/www.europesays.com\/fr\/wp-json\/wp\/v2\/media\/284341"}],"wp:attachment":[{"href":"https:\/\/www.europesays.com\/fr\/wp-json\/wp\/v2\/media?parent=284340"}],"wp:term":[{"taxonomy":"category","embeddable":true,"href":"https:\/\/www.europesays.com\/fr\/wp-json\/wp\/v2\/categories?post=284340"},{"taxonomy":"post_tag","embeddable":true,"href":"https:\/\/www.europesays.com\/fr\/wp-json\/wp\/v2\/tags?post=284340"}],"curies":[{"name":"wp","href":"https:\/\/api.w.org\/{rel}","templated":true}]}}