{"id":284344,"date":"2025-07-30T13:03:11","date_gmt":"2025-07-30T13:03:11","guid":{"rendered":"https:\/\/www.europesays.com\/fr\/284344\/"},"modified":"2025-07-30T13:03:11","modified_gmt":"2025-07-30T13:03:11","slug":"cest-quoi-ce-film-dhorreur-que-tout-le-monde-adore","status":"publish","type":"post","link":"https:\/\/www.europesays.com\/fr\/284344\/","title":{"rendered":"c&rsquo;est quoi ce film d&rsquo;horreur que tout le monde adore ?"},"content":{"rendered":"<p>Chaque ann\u00e9e r\u00e9serve son lot de surprise horrifique \u00e0 ne pas manquer. Cet \u00e9t\u00e9, c\u2019est une histoire d\u2019amour hors du commun qui promet de faire les gros titres. Avant sa sortie dans le pays de l\u2019Oncle Sam ce weekend, et quelques jours plus tard en France, Together affiche de tr\u00e8s belles critiques et un score de <strong>98% d\u2019avis positifs sur Rotten Tomatoes<\/strong>. Une belle performance pour une production discr\u00e8te qui sort en plein mois des blockbusters et qui doit tenir t\u00eate \u00e0 Superman et<a href=\"https:\/\/www.journaldugeek.com\/critique\/critique-les-4-fantastiques-marvel-y-croit-encore-et-nous\/\" rel=\"nofollow noopener\" target=\"_blank\"> Les 4 Fantastiques\u00a0: Premiers pas<\/a> autant qu\u2019\u00e0 Jurassic World Renaissance. \u00c0 en croire la presse am\u00e9ricaine, cette sortie ne sera pas \u00e0 n\u00e9gliger.<\/p>\n<p>L\u2019histoire suit Tim et Millie,<strong> deux trentenaires qui sont ensemble depuis des ann\u00e9es<\/strong> et qui d\u00e9cident de tout abandonner pour s\u2019installer \u00e0 la campagne. Une nouvelle \u00e9tape pour ce couple qui conna\u00eet qui connait quelques probl\u00e8mes. Une force surnaturelle va transformer leur r\u00eave en cauchemar et menacer leur relation, leur amour\u2026 et leur int\u00e9grit\u00e9 physique. La campagne promotionnelle a quelque peu crach\u00e9 le morceau sur le teneur des \u00e9v\u00e9nements du film de Michael Shanks, montrant les corps des deux protagonistes se liant d\u2019une mani\u00e8re peu ragoutante. Du <strong>body horreur d\u00e9cal\u00e9<\/strong> et gore \u00e0 souhait, les spectateurs sont emball\u00e9s.<\/p>\n<p> \u201cUne grotesquerie vertigineuse\u201d <\/p>\n<p>Sur Rotten Tomatoes, au travers de <strong>88 critiques de la presse<\/strong>, Together approche le score parfait. Selon <a href=\"https:\/\/www.indiewire.com\/criticism\/movies\/together-review-alison-brie-dave-franco-1235089743\/\" rel=\"nofollow noopener\" target=\"_blank\">Indiewire<\/a>, le projet est une proposition \u201cd\u00e9licieusement d\u00e9jant\u00e9e du film d\u2019horreur corporelle\u201d.\u00a0Le m\u00e9dia am\u00e9ricain accorde un B \u00e0 ce film qui s\u2019il ne r\u00e9invente pas le genre, s\u2019illustre comme un solide divertissement \u201cd\u00e9gueu\u201d. Un sentiment partag\u00e9 par The Hollywood Reporter qui qualifie le film australien de \u201ccauchemar romantique\u201d pr\u00e9visible mais profitant d\u2019une ambiance \u201cinqui\u00e9tante\u201d.\u00a0Le critique souligne l\u2019inventivit\u00e9 du metteur en sc\u00e8ne, qui n\u2019h\u00e9site pas \u00e0 plonger dans le macabre et le gore pour \u00e9voquer la cod\u00e9pendance ou la phobie de l\u2019engagement. Michael Shanks, dont c\u2019est le premier long-m\u00e9trage, ne d\u00e9m\u00e9rite pas \u00e0 l\u2019\u00e9criture du sc\u00e9nario et la r\u00e9alisation.<\/p>\n<p>Pour Bloody Disgusting, sp\u00e9cialiste du genre, \u201cc\u2019est le genre de film loufouque qui pla\u00eet \u00e0 tout le monde et qui tient ses promesses avec un sens de l\u2019humour d\u00e9chain\u00e9 et du coeur\u201d. Concr\u00e8tement, Together est une \u201cgrotesque vertigineuse qui a tou du cin\u00e9ma de minuit \u00e0 offrir au public\u201d. Certains critiques d\u00e9conseillent n\u00e9anmoins ce choix pour un premier rendez-vous, sous peine d\u2019installer un climat tendu entre les deux tourtereaux.<\/p>\n<\/p>\n<p>    <a href=\"https:\/\/www.youtube.com\/user\/JournalduGeek?sub_confirmation=1\" target=\"_blank\" rel=\"nofollow noopener\"><br \/>\n        S&rsquo;abonner \u00e0 Journal du Geek<br \/>\n    <\/a> <\/p>\n<p>Dave Franco (Insaisissables) et Alison Brie (Community) se donnent la r\u00e9plique devant la cam\u00e9ra de Michael Shanks. Si le propos du film et son contexte ne laisse que peu de place \u00e0 d\u2019autres personnages, ils ne seront pas seuls puisque Damon Herriman, Mia Morrissey et Rob Brown compl\u00e8tent la distribution. Le film sort le 13 ao\u00fbt en France et est d\u00e9conseill\u00e9 aux moins de 12 ans dans nos vertes contr\u00e9es.<\/p>\n<blockquote>\n<p class=\"text-base text-neutral-700 dark:text-neutral-300\">\ud83d\udfe3 Pour ne manquer aucune news sur le Journal du Geek, abonnez-vous sur <a href=\"https:\/\/news.google.com\/publications\/CAAqBwgKMNr_hAswwYyCAw?hl=fr&amp;gl=FR&amp;ceid=FR%3Afr\" target=\"_blank\" rel=\"nofollow noopener\">Google Actualit\u00e9s<\/a> et sur <a href=\"https:\/\/whatsapp.com\/channel\/0029VaClM5y4tRry12tb7D2h\" target=\"_blank\" rel=\"nofollow noopener\">notre WhatsApp<\/a>. Et si vous nous adorez, on a <a href=\"https:\/\/www.journaldugeek.com\/newsletter\/\" target=\"_blank\" rel=\"nofollow noopener\">une newsletter tous les matins<\/a>.<\/p>\n<\/blockquote>\n","protected":false},"excerpt":{"rendered":"Chaque ann\u00e9e r\u00e9serve son lot de surprise horrifique \u00e0 ne pas manquer. Cet \u00e9t\u00e9, c\u2019est une histoire d\u2019amour&hellip;\n","protected":false},"author":2,"featured_media":284345,"comment_status":"","ping_status":"","sticky":false,"template":"","format":"standard","meta":{"footnotes":""},"categories":[1354],"tags":[58,59,1346,1011,27,1408,1360],"class_list":{"0":"post-284344","1":"post","2":"type-post","3":"status-publish","4":"format-standard","5":"has-post-thumbnail","7":"category-films","8":"tag-divertissement","9":"tag-entertainment","10":"tag-films","11":"tag-fr","12":"tag-france","13":"tag-horreur","14":"tag-movies"},"share_on_mastodon":{"url":"https:\/\/pubeurope.com\/@fr\/114942325934565399","error":""},"_links":{"self":[{"href":"https:\/\/www.europesays.com\/fr\/wp-json\/wp\/v2\/posts\/284344","targetHints":{"allow":["GET"]}}],"collection":[{"href":"https:\/\/www.europesays.com\/fr\/wp-json\/wp\/v2\/posts"}],"about":[{"href":"https:\/\/www.europesays.com\/fr\/wp-json\/wp\/v2\/types\/post"}],"author":[{"embeddable":true,"href":"https:\/\/www.europesays.com\/fr\/wp-json\/wp\/v2\/users\/2"}],"replies":[{"embeddable":true,"href":"https:\/\/www.europesays.com\/fr\/wp-json\/wp\/v2\/comments?post=284344"}],"version-history":[{"count":0,"href":"https:\/\/www.europesays.com\/fr\/wp-json\/wp\/v2\/posts\/284344\/revisions"}],"wp:featuredmedia":[{"embeddable":true,"href":"https:\/\/www.europesays.com\/fr\/wp-json\/wp\/v2\/media\/284345"}],"wp:attachment":[{"href":"https:\/\/www.europesays.com\/fr\/wp-json\/wp\/v2\/media?parent=284344"}],"wp:term":[{"taxonomy":"category","embeddable":true,"href":"https:\/\/www.europesays.com\/fr\/wp-json\/wp\/v2\/categories?post=284344"},{"taxonomy":"post_tag","embeddable":true,"href":"https:\/\/www.europesays.com\/fr\/wp-json\/wp\/v2\/tags?post=284344"}],"curies":[{"name":"wp","href":"https:\/\/api.w.org\/{rel}","templated":true}]}}