{"id":284346,"date":"2025-07-30T13:04:12","date_gmt":"2025-07-30T13:04:12","guid":{"rendered":"https:\/\/www.europesays.com\/fr\/284346\/"},"modified":"2025-07-30T13:04:12","modified_gmt":"2025-07-30T13:04:12","slug":"covid-19-le-virus-reste-longtemps-dans-le-cerveau-selon-une-etude-actualites","status":"publish","type":"post","link":"https:\/\/www.europesays.com\/fr\/284346\/","title":{"rendered":"Covid-19 : le virus reste longtemps dans le cerveau, selon une \u00e9tude : Actualit\u00e9s"},"content":{"rendered":"<p class=\"lead \"><strong>Selon une \u00e9tude de l&rsquo;Institut Pasteur, relay\u00e9e dans la revue scientifique Nature Communications le 22 juillet, le Covid-19 se logerait plusieurs semaines dans le cerveau et serait li\u00e9, pour certains malades, au d\u00e9veloppement de troubles neurologiques tels que l&rsquo;anxi\u00e9t\u00e9 ou la d\u00e9pression.<\/strong><\/p>\n<p class=\"lead \">Cinq ans apr\u00e8s son apparition, le Covid-19 continue de mobiliser des \u00e9quipes enti\u00e8res de scientifiques, qui cherchent \u00e0 d\u00e9terminer ses cons\u00e9quences sur le long terme. Des chercheurs de l&rsquo;Institut Pasteur se sont pench\u00e9s sur les effets du virus sur le cerveau et ont constat\u00e9 en menant des recherches sur des hamsters infect\u00e9s qu&rsquo;une partie des malades d\u00e9veloppait des troubles neurologiques. Selon les premiers r\u00e9sultats de cette \u00e9tude, relay\u00e9s par la revue <a href=\"https:\/\/www.nature.com\/articles\/s41467-025-62048-7\" target=\"_blank\" rel=\"nofollow noopener\">Nature Communications<\/a>, le Covid-19 se logerait ainsi \u00ab\u00a0au niveau du syst\u00e8me nerveux central\u00a0\u00bb et y persisterait \u00ab\u00a0jusqu&rsquo;\u00e0 80 jours apr\u00e8s la phase aigu\u00eb de l&rsquo;infection\u00a0\u00bb.<\/p>\n<p class=\"lead \">Selon Anthony Coleon, doctorant dans l\u2019unit\u00e9 Lyssavirus, \u00e9pid\u00e9miologie et neuropathologie \u00e0 l\u2019Institut Pasteur, le Covid-19 \u00ab\u00a0semble avoir un impact sur la production de la dopamine\u00a0\u00bb, explique-t-il dans un <a href=\"https:\/\/www.pasteur.fr\/fr\/espace-presse\/documents-presse\/covid-long-sars-cov-2-persiste-long-terme-tronc-cerebral-deregle-activite-neurones\" target=\"_blank\" rel=\"nofollow noopener\">communiqu\u00e9<\/a>. La dopamine est \u00ab\u00a0un neurotransmetteur impliqu\u00e9 dans la r\u00e9gulation des \u00e9motions et de la m\u00e9moire\u00a0\u00bb. <\/p>\n<p class=\"lead \"><strong>Un impact diff\u00e9rent sur les sympt\u00f4mes d\u00e9velopp\u00e9s selon le sexe<\/strong><\/p>\n<p class=\"lead \">La pr\u00e9sence du virus dans le cerveau des sujets malades, 80 jours apr\u00e8s l&rsquo;infection, \u00ab\u00a0est li\u00e9e \u00e0 des signes de d\u00e9pression, de troubles de la m\u00e9moire et d&rsquo;anxi\u00e9t\u00e9\u00a0\u00bb, indique encore l&rsquo;Institut Pasteur dans son communiqu\u00e9, pr\u00e9cisant que des divergences de \u00ab\u00a0sympt\u00f4mes comportementaux\u00a0\u00bb avaient \u00e9galement \u00e9t\u00e9 constat\u00e9es en fonction du sexe de l&rsquo;animal \u00e9tudi\u00e9.<\/p>\n<p class=\"lead \">Si ces recherches doivent encore \u00eatre approfondies \u00ab\u00a0afin de comprendre comment l\u2019infection induit la perte de fonction des neurones \u00e0 dopamine\u00a0\u00bb, elles lient encore une fois le Covid-19 \u00e0 notre cerveau. R\u00e9cemment, une \u00e9tude scientifique, \u00e9galement publi\u00e9e dans la revue <a href=\"https:\/\/www.nature.com\/articles\/s41467-025-61033-4\" target=\"_blank\" rel=\"nofollow noopener\">Nature Communications<\/a>, a conclu que le Covid-19 avait eu un impact sur notre sant\u00e9 neurologique, acc\u00e9l\u00e9rant le <a href=\"https:\/\/actu.orange.fr\/societe\/sante\/nos-cerveaux-auraient-vieilli-plus-rapidement-a-cause-du-covid-19-d-apres-une-etude-magic-CNT000002jJUEP.html\" rel=\"nofollow noopener\" target=\"_blank\">vieillissement de nos cerveaux<\/a>, et pas uniquement pour les malades. Le stress, l&rsquo;isolement, le manque d&rsquo;activit\u00e9 physique et cognitive pourraient en effet avoir jou\u00e9 un r\u00f4le.<\/p>\n<p class=\"small font-weight-bold text-gray3 \"> publi\u00e9 le 30 juillet \u00e0 13h32, Maeliss Innocenti, 6Medias<\/p>\n<p>                             Partager<\/p>\n","protected":false},"excerpt":{"rendered":"Selon une \u00e9tude de l&rsquo;Institut Pasteur, relay\u00e9e dans la revue scientifique Nature Communications le 22 juillet, le Covid-19&hellip;\n","protected":false},"author":2,"featured_media":284347,"comment_status":"","ping_status":"","sticky":false,"template":"","format":"standard","meta":{"footnotes":""},"categories":[10],"tags":[1011,27,72,71],"class_list":{"0":"post-284346","1":"post","2":"type-post","3":"status-publish","4":"format-standard","5":"has-post-thumbnail","7":"category-sante","8":"tag-fr","9":"tag-france","10":"tag-health","11":"tag-sante"},"share_on_mastodon":{"url":"https:\/\/pubeurope.com\/@fr\/114942329773756043","error":""},"_links":{"self":[{"href":"https:\/\/www.europesays.com\/fr\/wp-json\/wp\/v2\/posts\/284346","targetHints":{"allow":["GET"]}}],"collection":[{"href":"https:\/\/www.europesays.com\/fr\/wp-json\/wp\/v2\/posts"}],"about":[{"href":"https:\/\/www.europesays.com\/fr\/wp-json\/wp\/v2\/types\/post"}],"author":[{"embeddable":true,"href":"https:\/\/www.europesays.com\/fr\/wp-json\/wp\/v2\/users\/2"}],"replies":[{"embeddable":true,"href":"https:\/\/www.europesays.com\/fr\/wp-json\/wp\/v2\/comments?post=284346"}],"version-history":[{"count":0,"href":"https:\/\/www.europesays.com\/fr\/wp-json\/wp\/v2\/posts\/284346\/revisions"}],"wp:featuredmedia":[{"embeddable":true,"href":"https:\/\/www.europesays.com\/fr\/wp-json\/wp\/v2\/media\/284347"}],"wp:attachment":[{"href":"https:\/\/www.europesays.com\/fr\/wp-json\/wp\/v2\/media?parent=284346"}],"wp:term":[{"taxonomy":"category","embeddable":true,"href":"https:\/\/www.europesays.com\/fr\/wp-json\/wp\/v2\/categories?post=284346"},{"taxonomy":"post_tag","embeddable":true,"href":"https:\/\/www.europesays.com\/fr\/wp-json\/wp\/v2\/tags?post=284346"}],"curies":[{"name":"wp","href":"https:\/\/api.w.org\/{rel}","templated":true}]}}