{"id":284352,"date":"2025-07-30T13:07:18","date_gmt":"2025-07-30T13:07:18","guid":{"rendered":"https:\/\/www.europesays.com\/fr\/284352\/"},"modified":"2025-07-30T13:07:18","modified_gmt":"2025-07-30T13:07:18","slug":"la-derniere-mise-a-jour-de-liphone-facilite-enfin-linstallation-dapplications-hors-de-lapp-store","status":"publish","type":"post","link":"https:\/\/www.europesays.com\/fr\/284352\/","title":{"rendered":"La derni\u00e8re mise \u00e0 jour de l\u2019iPhone facilite enfin l\u2019installation d\u2019applications hors de l\u2019App Store"},"content":{"rendered":"<p>C\u2019est l\u2019heure des mises \u00e0 jour chez Apple. Les nouvelles images syst\u00e8me embarquent surtout des correctifs de s\u00e9curit\u00e9, mais iOS et iPadOS gagnent aussi un moyen pratique d\u2019installer des apps depuis le web.<\/p>\n<p><a href=\"https:\/\/images.frandroid.com\/wp-content\/uploads\/2023\/10\/apple-iphone-15-22-app-store-reseau-social-scaled.jpg\" target=\"_blank\" class=\"article-content__figure\" rel=\"noopener\"><img fetchpriority=\"high\" decoding=\"async\" loading=\"eager\" width=\"1200\" height=\"800\" src=\"https:\/\/www.europesays.com\/fr\/wp-content\/uploads\/2025\/07\/apple-iphone-15-22-app-store-reseau-social-scaled.jpg\" alt=\"\" class=\"wp-image-1831959 wp-image wp-image\"  \/><\/a>Source : Chlo\u00e9 Pertuis \u2013 Frandroid<\/p>\n<p>Ce n\u2019est pas encore <a href=\"https:\/\/www.frandroid.com\/culture-tech\/intelligence-artificielle\/apple-intelligence\/2642517_vous-avez-loupe-lapple-wwdc-2025-voici-le-resume-express\" target=\"_blank\" rel=\"noopener\">la grande vague de mise \u00e0 jour promise par Apple en juin dernier<\/a>, mais c\u2019est tout de m\u00eame appr\u00e9ciable. En plein c\u0153ur de l\u2019\u00e9t\u00e9, le fabricant pomm\u00e9 vient de d\u00e9ployer une pl\u00e9thore de mise \u00e0 jour pour tous ses appareils, allant de l\u2019Apple Watch \u00e0 l\u2019iPhone en passant par les Mac, les box TV et le Vision Pro <a href=\"https:\/\/9to5mac.com\/2025\/07\/29\/apple-releases-tvos-18-6-homepod-18-6-more-new-updates\/\" target=\"_blank\" rel=\"noreferrer noopener\">note Ars Technica<\/a>.<\/p>\n<p>Si le gros des nouveaut\u00e9s concerne surtout des corrections de bugs et des patchs pour des failles de s\u00e9curit\u00e9, <a href=\"https:\/\/www.frandroid.com\/guide-dachat\/smartphones\/705312_meilleur-iphone\" data-type=\"link\" data-id=\"https:\/\/www.frandroid.com\/guide-dachat\/smartphones\/705312_meilleur-iphone\" target=\"_blank\" rel=\"noopener\">les appareils mobiles d\u2019Apple<\/a> gagnent quand m\u00eame une fonctionnalit\u00e9 int\u00e9ressante\u00a0: la possibilit\u00e9 d\u2019installer des applications depuis le web plus facilement.<\/p>\n<p class=\"shortcode-container see-more\">\n    \u00c0 lire aussi : <br \/><a href=\"https:\/\/www.frandroid.com\/guide-dachat\/2062062_quand-acheter-un-iphone-nos-conseils-pour-choisir-le-meilleur-moment\" target=\"_blank\" rel=\"noopener\">Quand acheter un nouvel iPhone ? Nos conseils pour choisir le meilleur moment<\/a>\n<\/p>\n<p>Un processus enfin simplifi\u00e9<\/p>\n<p>Adieu <a href=\"https:\/\/www.frandroid.com\/os\/ios\/1997584_on-la-fait-pour-vous-installer-un-app-store-tiers-sur-iphone\" target=\"_blank\" rel=\"noopener\">la litanie d\u2019\u00e9cran d\u2019alerte et d\u2019autres tactiques de dissuasion<\/a>, l\u2019installation de magasins d\u2019applications alternatifs, et m\u00eame d\u2019application, peut d\u00e9sormais se faire directement depuis un site web en quelques clics\u2026 Enfin presque.<\/p>\n<p>Si les d\u00e9veloppeurs et d\u00e9veloppeuses pourront proposer un bouton permettant de t\u00e9l\u00e9charger leur app directement depuis leur site, la premi\u00e8re installation depuis une source inconnue devra quand m\u00eame \u00eatre valid\u00e9e depuis les param\u00e8tres du t\u00e9l\u00e9phone. Les autres apps issues du m\u00eame site b\u00e9n\u00e9ficieront par contre d\u2019un processus simplifi\u00e9e avec une installation en 3\u00a0clics. Pour les sources de confiance, l\u2019exp\u00e9rience d\u2019installation se rapprochera de ce que l\u2019on trouve sur l\u2019App Store.<\/p>\n<p><a href=\"https:\/\/www.europesays.com\/fr\/wp-content\/uploads\/2025\/07\/capture-decran-du-2025-07-30-07-23-45.png\" target=\"_blank\" class=\"article-content__figure\"><img loading=\"lazy\" decoding=\"async\" width=\"991\" height=\"534\" src=\"https:\/\/www.europesays.com\/fr\/wp-content\/uploads\/2025\/07\/capture-decran-du-2025-07-30-07-23-45.png\" alt=\"\" class=\"wp-image-2748371 wp-image\"  \/><\/a>Le processus d\u2019installation d\u2019une app depuis le web sur iOS 18.6 \/\/ Cr\u00e9dit : Apple<\/p>\n<p>Idem pour les magasins d\u2019application alternatifs. Depuis le site web du d\u00e9velopper, il suffira de cliquer sur \u00ab\u2009Installer\u2009\u00bb puis \u00ab\u2009Autoriser\u2009\u00bb pour voir le logiciel arriver sur son iPhone. On est loin des six (!) \u00e9crans d\u2019avertissements qui faisaient foi jusque l\u00e0.<\/p>\n<p>Apple rentre dans les clous<\/p>\n<p>Attention, cela ne veut pas dire que vous pourrez installer n\u2019importe quelle application sur votre t\u00e9l\u00e9phone. Chaque app, m\u00eame distribu\u00e9e depuis le web, devra \u00eatre valid\u00e9e par Apple. Le processus d\u2019installation a \u00e9t\u00e9 simplifi\u00e9, pas celui de d\u00e9veloppement et d\u2019homologation.<\/p>\n<p class=\"shortcode-container see-more\">\n    Pour aller plus loin<br \/><a href=\"https:\/\/www.frandroid.com\/culture-tech\/politique\/1617637_comment-lue-veut-mettre-fin-aux-abus-des-geants-dinternet-les-gamam\" target=\"_blank\" rel=\"noopener\">Tout savoir sur le Digital Markets Act (DMA)<\/a>\n            <\/p>\n<p>Apple ne fait d\u2019ailleurs pas \u00e7a par gaiet\u00e9 de c\u0153ur, mais parce que l\u2019entreprise y est oblig\u00e9e par la r\u00e9glementation europ\u00e9enne. Apr\u00e8s <a href=\"https:\/\/www.frandroid.com\/marques\/apple\/2635037_couteuses-deraisonnables-et-hostiles-a-linnovation-apple-se-lache-face-aux-contraintes-imposees-par-leurope\" target=\"_blank\" rel=\"noopener\">s\u2019\u00eatre battu bec et ongle contre le Digital Markets Act<\/a>, le fabricant a d\u00fb se plier aux exigences de Bruxelles <a href=\"https:\/\/www.frandroid.com\/marques\/apple\/2591049_pourquoi-lunion-europeenne-reclame-un-demi-milliard-deuros-a-apple\" target=\"_blank\" rel=\"noopener\">apr\u00e8s une amende sal\u00e9e<\/a>. On est pas encore au niveau de libert\u00e9 d\u2019Android, mais c\u2019est d\u00e9j\u00e0 un pas en avant.<\/p>\n","protected":false},"excerpt":{"rendered":"C\u2019est l\u2019heure des mises \u00e0 jour chez Apple. Les nouvelles images syst\u00e8me embarquent surtout des correctifs de s\u00e9curit\u00e9,&hellip;\n","protected":false},"author":2,"featured_media":284353,"comment_status":"","ping_status":"","sticky":false,"template":"","format":"standard","meta":{"footnotes":""},"categories":[7],"tags":[14542,4122,1011,27,42343,43,40,41,39,42,44],"class_list":{"0":"post-284352","1":"post","2":"type-post","3":"status-publish","4":"format-standard","5":"has-post-thumbnail","7":"category-sciences-et-technologies","8":"tag-app-store","9":"tag-digital-markets-act-dma","10":"tag-fr","11":"tag-france","12":"tag-market-alternatif","13":"tag-science","14":"tag-science-and-technology","15":"tag-sciences","16":"tag-sciences-et-technologies","17":"tag-technologies","18":"tag-technology"},"share_on_mastodon":{"url":"https:\/\/pubeurope.com\/@fr\/114942342147328625","error":""},"_links":{"self":[{"href":"https:\/\/www.europesays.com\/fr\/wp-json\/wp\/v2\/posts\/284352","targetHints":{"allow":["GET"]}}],"collection":[{"href":"https:\/\/www.europesays.com\/fr\/wp-json\/wp\/v2\/posts"}],"about":[{"href":"https:\/\/www.europesays.com\/fr\/wp-json\/wp\/v2\/types\/post"}],"author":[{"embeddable":true,"href":"https:\/\/www.europesays.com\/fr\/wp-json\/wp\/v2\/users\/2"}],"replies":[{"embeddable":true,"href":"https:\/\/www.europesays.com\/fr\/wp-json\/wp\/v2\/comments?post=284352"}],"version-history":[{"count":0,"href":"https:\/\/www.europesays.com\/fr\/wp-json\/wp\/v2\/posts\/284352\/revisions"}],"wp:featuredmedia":[{"embeddable":true,"href":"https:\/\/www.europesays.com\/fr\/wp-json\/wp\/v2\/media\/284353"}],"wp:attachment":[{"href":"https:\/\/www.europesays.com\/fr\/wp-json\/wp\/v2\/media?parent=284352"}],"wp:term":[{"taxonomy":"category","embeddable":true,"href":"https:\/\/www.europesays.com\/fr\/wp-json\/wp\/v2\/categories?post=284352"},{"taxonomy":"post_tag","embeddable":true,"href":"https:\/\/www.europesays.com\/fr\/wp-json\/wp\/v2\/tags?post=284352"}],"curies":[{"name":"wp","href":"https:\/\/api.w.org\/{rel}","templated":true}]}}