{"id":284354,"date":"2025-07-30T13:08:11","date_gmt":"2025-07-30T13:08:11","guid":{"rendered":"https:\/\/www.europesays.com\/fr\/284354\/"},"modified":"2025-07-30T13:08:11","modified_gmt":"2025-07-30T13:08:11","slug":"strasbourg-brive-bergerac-ryanair-supprime-des-dessertes-en-guise-de-retorsion","status":"publish","type":"post","link":"https:\/\/www.europesays.com\/fr\/284354\/","title":{"rendered":"Strasbourg, Brive, Bergerac\u2026 Ryanair supprime des dessertes en guise de r\u00e9torsion"},"content":{"rendered":"<p>Pour la compagnie a\u00e9rienne <a href=\"https:\/\/www.20minutes.fr\/economie\/ryanair\/\" class=\"color-ultramarine c-link\" target=\"_blank\" rel=\"noopener\">Ryanair<\/a>, c\u2019est la <a href=\"https:\/\/www.20minutes.fr\/economie\/taxe\/\" class=\"color-ultramarine c-link\" target=\"_blank\" rel=\"noopener\">taxe<\/a> de trop. Et ce n\u2019est pas une bonne nouvelle pour trois a\u00e9roports fran\u00e7ais de villes moyennes. \u00ab\u00a0Suite \u00e0 l\u2019\u00e9chec du gouvernement fran\u00e7ais \u00e0 annuler l\u2019augmentation <a href=\"https:\/\/www.20minutes.fr\/societe\/4151413-20250504-hausse-taxes-aerien-sonne-glas-vols-interieurs\" class=\"color-ultramarine c-link\" target=\"_blank\" rel=\"noopener\">excessive de la taxe a\u00e9rienne<\/a>, qui a \u00e9t\u00e9 augment\u00e9e de 180\u00a0% en mars\u00a02025\u00a0\u00bb, a expliqu\u00e9 dans un communiqu\u00e9 la compagnie a\u00e9rienne irlandaise, celle-ci a, en r\u00e9ponse, d\u00e9cid\u00e9 \u00ab\u00a0l\u2019arr\u00eat de ses op\u00e9rations\u00a0\u00bb dans trois a\u00e9roports. Ceux de <a href=\"https:\/\/www.20minutes.fr\/dossier\/bergerac\" class=\"color-ultramarine c-link\" target=\"_blank\" rel=\"noopener\">Bergerac<\/a> (Dordogne), <a href=\"https:\/\/www.20minutes.fr\/dossier\/brive\" class=\"color-ultramarine c-link\" target=\"_blank\" rel=\"noopener\">Brive<\/a> (Corr\u00e8ze) et <a href=\"https:\/\/www.20minutes.fr\/strasbourg\/\" class=\"color-ultramarine c-link\" target=\"_blank\" rel=\"noopener\">Strasbourg<\/a> (Bas-Rhin), d\u2019o\u00f9 elle desservait le <a href=\"https:\/\/www.20minutes.fr\/dossier\/portugal\" class=\"color-ultramarine c-link\" target=\"_blank\" rel=\"noopener\">Portugal<\/a> ou l\u2019<a href=\"https:\/\/www.20minutes.fr\/dossier\/ecosse\" class=\"color-ultramarine c-link\" target=\"_blank\" rel=\"noopener\">Ecosse<\/a>. Rappelons que la compagnie avait d\u00e9j\u00e0 quitt\u00e9 Vatry (Marne) au printemps.<\/p>\n<p>En guerre <a href=\"https:\/\/www.20minutes.fr\/economie\/4137034-20250204-budget-2025-directement-consommateur-impact-augmentation-taxe-billets-avion\" class=\"color-ultramarine c-link\" target=\"_blank\" rel=\"noopener\">contre la taxe de \u00ab\u00a0solidarit\u00e9\u00a0\u00bb<\/a> sur les billets d\u2019avion, la compagnie a\u00e9rienne irlandaise Ryanair vient d\u2019annoncer ce mercredi une r\u00e9duction de 13\u00a0% de sa capacit\u00e9 en France pour l\u2019hiver\u00a02025, soit 750.000 si\u00e8ges en moins, l\u2019annulation de 25 lignes et l\u2019interruption de la desserte de trois a\u00e9roports.<\/p>\n<\/p>\n<p>Une France moins attractive et comp\u00e9titive<\/p>\n<p>La <a href=\"https:\/\/www.20minutes.fr\/planete\/environnement\/4163194-20250711-transport-aerien-ministre-souhaite-pause-taxation-secteur\" class=\"color-ultramarine c-link\" target=\"_blank\" rel=\"noopener\">\u00ab\u00a0taxe de solidarit\u00e9\u00a0\u00bb<\/a> sur les billets d\u2019avion (TSBA) est pass\u00e9e \u00e0 7,4 euros contre 2,63 euros auparavant pour les vols int\u00e9rieurs ou vers l\u2019Europe. \u00ab\u00a0Cette taxe astronomique rend la France moins comp\u00e9titive par rapport \u00e0 d\u2019autres pays de l\u2019UE comme l\u2019Irlande, l\u2019Espagne ou la Pologne, qui n\u2019imposent aucune taxe a\u00e9rienne\u00a0\u00bb, a poursuivi Ryanair.<\/p>\n<p>Et ce n\u2019est pas une surprise. La compagnie avait en effet menac\u00e9 de r\u00e9duire ses op\u00e9rations en France depuis le triplement de la taxe de solidarit\u00e9 sur les billets d\u2019avion appliqu\u00e9e dans le budget 2025. Le patron de la compagnie Michael O\u2019Leary avait cependant assur\u00e9 fin mars qu\u2019il ne couperait pas de desserte r\u00e9gionale.<\/p>\n<p>La compagnie s\u2019est aussi faite mena\u00e7ante pour l\u2019\u00e9t\u00e9\u00a02026. \u00ab\u00a0Sans action urgente, la France risque de perdre <a href=\"https:\/\/www.20minutes.fr\/economie\/\" class=\"color-ultramarine c-link\" target=\"_blank\" rel=\"noopener\">encore plus de capacit\u00e9 et d\u2019investissements<\/a> au profit de march\u00e9s plus comp\u00e9titifs \u00e0 l\u2019horizon de l\u2019\u00e9t\u00e9\u00a02026, laissant les a\u00e9roports r\u00e9gionaux \u00e0 moiti\u00e9 vides, tandis que d\u2019autres pays de l\u2019UE continueront d\u2019attirer les investissements des compagnies a\u00e9riennes, devenus rares en raison de la p\u00e9nurie d\u2019avions\u00a0\u00bb, a-t-elle soulign\u00e9. Au contraire, si le gouvernement d\u00e9cidait de supprimer <a href=\"https:\/\/www.20minutes.fr\/economie\/commerce\/\" class=\"color-ultramarine c-link\" target=\"_blank\" rel=\"noopener\">compl\u00e8tement cette taxe<\/a>, Ryanair pourrait \u00ab\u00a0envisager une croissance ambitieuse en France dans les ann\u00e9es \u00e0 venir, incluant un investissement de 2,5\u00a0milliards de dollars (25 nouveaux avions) et un doublement du trafic \u00e0 plus de 30\u00a0millions de passagers par an.\u00a0\u00bb<\/p>\n<p>L\u2019Union des a\u00e9roports fran\u00e7ais (UAF) avait mis en garde contre le risque de voir les compagnies a\u00e9riennes \u00e0 bas co\u00fbts, qui p\u00e8sent plus de 99\u00a0% de l\u2019activit\u00e9 de Beauvais, Carcassonne, <a href=\"https:\/\/www.20minutes.fr\/societe\/beziers\/\" class=\"color-ultramarine c-link\" target=\"_blank\" rel=\"noopener\">B\u00e9ziers<\/a> et N\u00eemes, se d\u00e9tourner de la France en raison de l\u2019augmentation de cette taxe.<\/p>\n","protected":false},"excerpt":{"rendered":"Pour la compagnie a\u00e9rienne Ryanair, c\u2019est la taxe de trop. Et ce n\u2019est pas une bonne nouvelle pour&hellip;\n","protected":false},"author":2,"featured_media":284355,"comment_status":"","ping_status":"","sticky":false,"template":"","format":"standard","meta":{"footnotes":""},"categories":[6],"tags":[47,2389,3177,1261,7182,2649,8371,42344,35,14043,8763,14817,33,34,674,1011,27,775,399,2219,8683,640,2224,2549],"class_list":{"0":"post-284354","1":"post","2":"type-post","3":"status-publish","4":"format-standard","5":"has-post-thumbnail","7":"category-economie","8":"tag-actualite","9":"tag-alsace","10":"tag-aquitaine","11":"tag-argent","12":"tag-aviation","13":"tag-bas-rhin","14":"tag-bergerac","15":"tag-brive-la-gaillarde","16":"tag-business","17":"tag-carcassonne","18":"tag-compagnie-aerienne","19":"tag-dordogne","20":"tag-economie","21":"tag-economy","22":"tag-europe","23":"tag-fr","24":"tag-france","25":"tag-grand-est","26":"tag-investissement","27":"tag-nouvelle-aquitaine","28":"tag-ryanair","29":"tag-strasbourg","30":"tag-sud-ouest","31":"tag-taxe"},"share_on_mastodon":{"url":"https:\/\/pubeurope.com\/@fr\/114942345538345589","error":""},"_links":{"self":[{"href":"https:\/\/www.europesays.com\/fr\/wp-json\/wp\/v2\/posts\/284354","targetHints":{"allow":["GET"]}}],"collection":[{"href":"https:\/\/www.europesays.com\/fr\/wp-json\/wp\/v2\/posts"}],"about":[{"href":"https:\/\/www.europesays.com\/fr\/wp-json\/wp\/v2\/types\/post"}],"author":[{"embeddable":true,"href":"https:\/\/www.europesays.com\/fr\/wp-json\/wp\/v2\/users\/2"}],"replies":[{"embeddable":true,"href":"https:\/\/www.europesays.com\/fr\/wp-json\/wp\/v2\/comments?post=284354"}],"version-history":[{"count":0,"href":"https:\/\/www.europesays.com\/fr\/wp-json\/wp\/v2\/posts\/284354\/revisions"}],"wp:featuredmedia":[{"embeddable":true,"href":"https:\/\/www.europesays.com\/fr\/wp-json\/wp\/v2\/media\/284355"}],"wp:attachment":[{"href":"https:\/\/www.europesays.com\/fr\/wp-json\/wp\/v2\/media?parent=284354"}],"wp:term":[{"taxonomy":"category","embeddable":true,"href":"https:\/\/www.europesays.com\/fr\/wp-json\/wp\/v2\/categories?post=284354"},{"taxonomy":"post_tag","embeddable":true,"href":"https:\/\/www.europesays.com\/fr\/wp-json\/wp\/v2\/tags?post=284354"}],"curies":[{"name":"wp","href":"https:\/\/api.w.org\/{rel}","templated":true}]}}