{"id":284361,"date":"2025-07-30T13:12:12","date_gmt":"2025-07-30T13:12:12","guid":{"rendered":"https:\/\/www.europesays.com\/fr\/284361\/"},"modified":"2025-07-30T13:12:12","modified_gmt":"2025-07-30T13:12:12","slug":"le-chambon-feugerolles-prevus-pour-la-fin-de-lannee-les-travaux-des-berges-du-cotatay-et-de-londaine-avancent","status":"publish","type":"post","link":"https:\/\/www.europesays.com\/fr\/284361\/","title":{"rendered":"Le Chambon-Feugerolles. Pr\u00e9vus pour la fin de l&rsquo;ann\u00e9e, les travaux des berges du Cotatay et de l&rsquo;Ondaine avancent"},"content":{"rendered":"<p>Deux mois apr\u00e8s le d\u00e9but des travaux de requalification des berges de l\u2019Ondaine et du Cotatay, le chantier avance.<\/p>\n<p>Rue James-Jackson au Chambon-Feugerolles, les pelleteuses sont toujours \u00e0 l\u2019\u0153uvre en aval du Cotatay apr\u00e8s le pont, lui aussi refait dans le cadre de la revitalisation de l\u2019entr\u00e9e de la ville par La Ricamarie. Concernant les rivi\u00e8res, l\u2019objectif est triple\u00a0: restaurer des habitats favorables au d\u00e9veloppement de la faune et la flore sur 170 m\u00e8tres de berges et dans le lit de l\u2019Ondaine, faciliter la remont\u00e9e des poissons dans les deux cours d\u2019eau et am\u00e9liorer la gestion du risque inondation en rive droite de l\u2019affluent de la Loire.<\/p>\n<p>  Gros travaux d\u2019\u00e9largissement des berges<\/p>\n<p>Comme \u00e9voqu\u00e9 <a href=\"https:\/\/www.leprogres.fr\/environnement\/2025\/05\/19\/un-million-d-euros-pour-redorer-les-berges-de-l-ondaine-et-du-cotatay\" target=\"_blank\" rel=\"noopener\">en mai au d\u00e9marrage<\/a>, la passerelle enjambant la rivi\u00e8re a \u00e9t\u00e9 d\u00e9truite et le terrassement est en cours, changeant d\u00e9j\u00e0 le visage du site. D\u2019autres ouvrages de franchissement sont supprim\u00e9s, devant permettre d\u2019\u00e9largir les berges, \u201cretaluter\u201d en pente douce et planter de la v\u00e9g\u00e9tation adapt\u00e9e \u00e0 la rivi\u00e8re.<\/p>\n<p>Dans le Cotatay, avant le pont et avant qu\u2019il se jette dans l\u2019Ondaine, un barrage a \u00e9t\u00e9 dress\u00e9 avec du b\u00e9ton et des sacs pour faire passer le cours d\u2019eau dans un tuyau et la conduire directement dans l\u2019Ondaine en aval du chantier.<\/p>\n<p>\u00ab\u00a0En septembre, une p\u00eache \u00e9lectrique aura lieu afin de sauver les poissons avant de les rel\u00e2cher un peu plus loin\u00a0\u00bb, indique Julien Luya, vice-pr\u00e9sident de Saint-\u00c9tienne M\u00e9tropole en charge des rivi\u00e8res. \u00c0 l\u2019issue des travaux en fin d\u2019ann\u00e9e, ils devraient pouvoir remonter les cours d\u2019eau.<\/p>\n<p>Concernant le chantier \u00e0 Bargette, bien plus en aval, la commission d\u2019appels d\u2019offres d\u00e9voilera \u00e0 la fin du mois d\u2019ao\u00fbt les entreprises retenues.<\/p>\n","protected":false},"excerpt":{"rendered":"Deux mois apr\u00e8s le d\u00e9but des travaux de requalification des berges de l\u2019Ondaine et du Cotatay, le chantier&hellip;\n","protected":false},"author":2,"featured_media":284362,"comment_status":"","ping_status":"","sticky":false,"template":"","format":"standard","meta":{"footnotes":""},"categories":[9653],"tags":[1111,11,2430,12162,7539,1777,674,1011,27,12161,12,25,4001,104],"class_list":{"0":"post-284361","1":"post","2":"type-post","3":"status-publish","4":"format-standard","5":"has-post-thumbnail","7":"category-saint-etienne","8":"tag-actu","9":"tag-actualites","10":"tag-auvergne-rhone-alpes","11":"tag-chambon-feugerolles-ville","12":"tag-edition-loire-sud","13":"tag-eu","14":"tag-europe","15":"tag-fr","16":"tag-france","17":"tag-le-chambon-feugerolles","18":"tag-news","19":"tag-republique-francaise","20":"tag-saint-etienne","21":"tag-societe"},"share_on_mastodon":{"url":"https:\/\/pubeurope.com\/@fr\/114942361247744094","error":""},"_links":{"self":[{"href":"https:\/\/www.europesays.com\/fr\/wp-json\/wp\/v2\/posts\/284361","targetHints":{"allow":["GET"]}}],"collection":[{"href":"https:\/\/www.europesays.com\/fr\/wp-json\/wp\/v2\/posts"}],"about":[{"href":"https:\/\/www.europesays.com\/fr\/wp-json\/wp\/v2\/types\/post"}],"author":[{"embeddable":true,"href":"https:\/\/www.europesays.com\/fr\/wp-json\/wp\/v2\/users\/2"}],"replies":[{"embeddable":true,"href":"https:\/\/www.europesays.com\/fr\/wp-json\/wp\/v2\/comments?post=284361"}],"version-history":[{"count":0,"href":"https:\/\/www.europesays.com\/fr\/wp-json\/wp\/v2\/posts\/284361\/revisions"}],"wp:featuredmedia":[{"embeddable":true,"href":"https:\/\/www.europesays.com\/fr\/wp-json\/wp\/v2\/media\/284362"}],"wp:attachment":[{"href":"https:\/\/www.europesays.com\/fr\/wp-json\/wp\/v2\/media?parent=284361"}],"wp:term":[{"taxonomy":"category","embeddable":true,"href":"https:\/\/www.europesays.com\/fr\/wp-json\/wp\/v2\/categories?post=284361"},{"taxonomy":"post_tag","embeddable":true,"href":"https:\/\/www.europesays.com\/fr\/wp-json\/wp\/v2\/tags?post=284361"}],"curies":[{"name":"wp","href":"https:\/\/api.w.org\/{rel}","templated":true}]}}