{"id":284378,"date":"2025-07-30T13:24:12","date_gmt":"2025-07-30T13:24:12","guid":{"rendered":"https:\/\/www.europesays.com\/fr\/284378\/"},"modified":"2025-07-30T13:24:12","modified_gmt":"2025-07-30T13:24:12","slug":"leclairage-public-nocturne-a-nettement-diminue-entre-2014-et-2024-en-france","status":"publish","type":"post","link":"https:\/\/www.europesays.com\/fr\/284378\/","title":{"rendered":"L\u2019\u00e9clairage public nocturne a nettement diminu\u00e9 entre 2014 et 2024 en France"},"content":{"rendered":"<p>Le recours \u00e0 l\u2019extinction nocturne de l\u2019\u00e9clairage public a connu une nette progression en France entre 2014 et 2024, selon <a href=\"https:\/\/www.cerema.fr\/fr\/actualites\/extinction-eclairage-public-etude-pratiques-collectivites\" target=\"_blank\" rel=\"noopener\">les donn\u00e9es du Cerema<\/a> (Centre d\u2019\u00e9tudes et d\u2019expertise sur les risques, l\u2019environnement, la mobilit\u00e9 et l\u2019am\u00e9nagement), publi\u00e9es mercredi 30\u00a0juillet 2025.<\/p>\n<p>Sur les 19\u00a0262\u00a0communes analys\u00e9es par imagerie satellite, 62\u00a0% pratiquent une \u00ab\u00a0extinction totale en c\u0153ur de nuit\u00a0\u00bb. Et sur l\u2019ensemble de l\u2019Hexagone, soit environ 34\u00a0900\u00a0communes, cela concerne d\u00e9sormais 35\u00a0% d\u2019entre elles. Selon l\u2019\u00e9tude,  <strong>\u00ab\u00a030\u00a0% des extinctions totales ont \u00e9t\u00e9 mises en place au moment de la crise \u00e9nerg\u00e9tique de septembre \u00e0 d\u00e9cembre\u00a02022\u00a0\u00bb<\/strong> .<\/p>\n<p> <strong>Lire aussi\u00a0:<\/strong> <a href=\"https:\/\/saint-malo.maville.com\/actu\/actudet_-la-commune-renove-la-totalite-de-son-eclairage-public-_7-6916592_actu.Htm\" target=\"_blank\" rel=\"noopener\">La commune r\u00e9nove la totalit\u00e9 de son \u00e9clairage public<\/a> <\/p>\n<p><strong>\u00ab\u00a0Il y a eu un gros pic d\u2019extinction \u00e0 l\u2019hiver 2022 suite \u00e0 la guerre en Ukraine. Depuis, \u00e7a s\u2019est un petit peu tass\u00e9\u00a0\u00bb<\/strong>, observe Emma Bousquet Borrut, responsable d\u2019\u00e9tudes observation satellitaire au Cerema d\u2019Occitanie. <strong>\u00ab\u00a0Les mises en place d\u2019extinctions sont plut\u00f4t constantes, et s\u2019ajoutent dans le temps, ce qui explique pourquoi la France est de moins en moins \u00e9clair\u00e9e\u00a0\u00bb<\/strong>, ajoute-t-elle.<\/p>\n<p>Une part infime de la consommation \u00e9lectrique en 2024<\/p>\n<p><a href=\"https:\/\/rennes.maville.com\/actu\/actudet_-comment-la-ville-de-rennes-organise-l-eclairage-public-la-nuit-_52674-6540263_actu.Htm\" target=\"_blank\" rel=\"noopener\">Certaines r\u00e9gions, comme la Bretagne, ont un \u00e9clairage historiquement faible<\/a>. D\u2019autres, comme l\u2019Auvergne-Rh\u00f4ne-Alpes, l\u2019\u00cele-de-France, l\u2019Occitanie ou la r\u00e9gion Paca, concentrent la majorit\u00e9 des extinctions r\u00e9centes, dans un objectif clair de r\u00e9duction des co\u00fbts.<\/p>\n<p>L\u2019enqu\u00eate annuelle, men\u00e9e collectivement par l\u2019Association Fran\u00e7aise de l\u2019\u00c9clairage et le Cerema, souligne que l\u2019\u00e9clairage public ne repr\u00e9sente plus que 0,54\u00a0% de la consommation \u00e9lectrique de la France en 2024. Une baisse qui contribue \u00e0 la diminution globale de la consommation d\u2019\u00e9lectricit\u00e9 en France (-3,2\u00a0% en 2023) et \u00e0 <a href=\"https:\/\/angers.maville.com\/actu\/actudet_-eteindre-l-eclairage-public-la-nuit-un-enjeu-ecologique-et-economique-majeur-_9-5880824_actu.Htm\" target=\"_self\" rel=\"noopener\">la r\u00e9duction des \u00e9missions de carbone li\u00e9es \u00e0 l\u2019\u00e9clairage public<\/a>, pr\u00e9cise l\u2019enqu\u00eate.<\/p>\n<p>Une \u00e9conomie d\u2019\u00e9nergie qui r\u00e9sulterait \u00e0 la fois des <strong>\u00ab\u00a0r\u00e9novations d\u2019ampleur des parcs d\u2019\u00e9clairage\u00a0\u00bb<\/strong> et des <strong>\u00ab\u00a0extinctions nocturnes qui se sont d\u00e9multipli\u00e9es\u00a0\u00bb<\/strong>.<\/p>\n<p>Un d\u00e9bat sur l\u2019utilisation des LED<\/p>\n<p>L\u2019utilisation massive de LED, qui repr\u00e9sente aujourd\u2019hui 40\u00a0% du parc national, cens\u00e9e r\u00e9duire la consommation \u00e9nerg\u00e9tique, pose n\u00e9anmoins question. <strong>\u00ab\u00a0La lumi\u00e8re bleue des LED perturbe fortement la biodiversit\u00e9\u00a0\u00bb<\/strong>, souligne Emma Bousquet Borrut, \u00e9voquant l\u2019arriv\u00e9e plus r\u00e9cente de LED <strong>\u00ab\u00a0chaudes\u00a0\u00bb<\/strong>, moins nocives mais plus on\u00e9reuses. Malgr\u00e9 cette tendance \u00e0 l\u2019extinction, elle note cependant que  <strong>\u00ab\u00a0de plus en plus de communes r\u00e9fl\u00e9chissent \u00e0 rallumer\u00a0\u00bb<\/strong> .<\/p>\n<p><strong>\u00ab\u00a0Certains habitants associent le manque d\u2019\u00e9clairage \u00e0 l\u2019ins\u00e9curit\u00e9. Cependant, il n\u2019y a pas de consensus sur le lien entre ins\u00e9curit\u00e9 et \u00e9clairage, mais des \u00e9tudes sont en cours\u00a0\u00bb,<\/strong> pr\u00e9cise-t-elle.<\/p>\n<p><strong>Lire aussi\u00a0:<\/strong> <a href=\"https:\/\/rennes.maville.com\/actu\/actudet_-eclairage-restreint-la-nuit-a-rennes-niveau-securite-c-est-un-pas-en-arriere-_52674-6540305_actu.Htm\" target=\"_self\" rel=\"noopener\">\u00c9clairage restreint la nuit \u00e0 Rennes\u00a0: \u00ab\u00a0Niveau s\u00e9curit\u00e9, c\u2019est un pas en arri\u00e8re\u00a0\u00bb<\/a><\/p>\n<p>Cette tendance au rallumage <strong>\u00ab\u00a0est inqui\u00e9tante car le sujet de l\u2019\u00e9clairage doit traiter dans son ensemble l\u2019\u00e9nergie, la s\u00e9curit\u00e9, la biodiversit\u00e9, et la sant\u00e9 humaine\u00a0\u00bb<\/strong>.<\/p>\n<p>Enfin, le Cerema pr\u00e9cise que <strong>\u00ab\u00a0par satellite, on ne distingue pas l\u2019\u00e9clairage public de l\u2019\u00e9clairage priv\u00e9\u00a0; or les collectivit\u00e9s font beaucoup plus d\u2019efforts de sobri\u00e9t\u00e9 que les usines, commerces, ou restaurants, <a href=\"https:\/\/rennes.maville.com\/actu\/actudet_-bureaux-commerces-enseignes...-que-dit-la-loi-sur-l-eclairage-nocturne-on-vous-repond-_53546-6247954_actu.Htm\" target=\"_self\" rel=\"noopener\">qui sont souvent excessivement \u00e9clair\u00e9s<\/a>, parfois durant toute la nuit\u00a0\u00bb<\/strong>.<\/p>\n<p>\u00a0<\/p>\n","protected":false},"excerpt":{"rendered":"Le recours \u00e0 l\u2019extinction nocturne de l\u2019\u00e9clairage public a connu une nette progression en France entre 2014 et&hellip;\n","protected":false},"author":2,"featured_media":284379,"comment_status":"","ping_status":"","sticky":false,"template":"","format":"standard","meta":{"footnotes":""},"categories":[2821],"tags":[42347,6542,1111,11,829,42346,15925,1777,674,1011,27,42345,12,41109,3532,584,25],"class_list":{"0":"post-284378","1":"post","2":"type-post","3":"status-publish","4":"format-standard","5":"has-post-thumbnail","7":"category-rennes","8":"tag-42347","9":"tag-6542","10":"tag-actu","11":"tag-actualites","12":"tag-bretagne","13":"tag-diminue","14":"tag-eclairage","15":"tag-eu","16":"tag-europe","17":"tag-fr","18":"tag-france","19":"tag-nettement","20":"tag-news","21":"tag-nocturne","22":"tag-public","23":"tag-rennes","24":"tag-republique-francaise"},"share_on_mastodon":{"url":"https:\/\/pubeurope.com\/@fr\/114942408353952205","error":""},"_links":{"self":[{"href":"https:\/\/www.europesays.com\/fr\/wp-json\/wp\/v2\/posts\/284378","targetHints":{"allow":["GET"]}}],"collection":[{"href":"https:\/\/www.europesays.com\/fr\/wp-json\/wp\/v2\/posts"}],"about":[{"href":"https:\/\/www.europesays.com\/fr\/wp-json\/wp\/v2\/types\/post"}],"author":[{"embeddable":true,"href":"https:\/\/www.europesays.com\/fr\/wp-json\/wp\/v2\/users\/2"}],"replies":[{"embeddable":true,"href":"https:\/\/www.europesays.com\/fr\/wp-json\/wp\/v2\/comments?post=284378"}],"version-history":[{"count":0,"href":"https:\/\/www.europesays.com\/fr\/wp-json\/wp\/v2\/posts\/284378\/revisions"}],"wp:featuredmedia":[{"embeddable":true,"href":"https:\/\/www.europesays.com\/fr\/wp-json\/wp\/v2\/media\/284379"}],"wp:attachment":[{"href":"https:\/\/www.europesays.com\/fr\/wp-json\/wp\/v2\/media?parent=284378"}],"wp:term":[{"taxonomy":"category","embeddable":true,"href":"https:\/\/www.europesays.com\/fr\/wp-json\/wp\/v2\/categories?post=284378"},{"taxonomy":"post_tag","embeddable":true,"href":"https:\/\/www.europesays.com\/fr\/wp-json\/wp\/v2\/tags?post=284378"}],"curies":[{"name":"wp","href":"https:\/\/api.w.org\/{rel}","templated":true}]}}