{"id":284382,"date":"2025-07-30T13:26:08","date_gmt":"2025-07-30T13:26:08","guid":{"rendered":"https:\/\/www.europesays.com\/fr\/284382\/"},"modified":"2025-07-30T13:26:08","modified_gmt":"2025-07-30T13:26:08","slug":"le-tour-de-france-de-passage-a-strasbourg-voici-ce-quil-sest-passe-mercredi-sur-le-parvis-de-la-gare","status":"publish","type":"post","link":"https:\/\/www.europesays.com\/fr\/284382\/","title":{"rendered":"Le Tour de France de passage \u00e0 Strasbourg ? Voici ce qu&rsquo;il s&rsquo;est pass\u00e9 mercredi sur le parvis de la gare"},"content":{"rendered":"<p>            Par<br \/>\n        <strong><br \/>\n            <a href=\"https:\/\/actu.fr\/auteur\/ivan-capecchi\" title=\"Consulter tous les articles de Ivan CAPECCHI\" target=\"_blank\" rel=\"noopener\">Ivan CAPECCHI<\/a><br \/>\n        <\/strong><\/p>\n<p>        Publi\u00e9 le<\/p>\n<p>            30 juil. 2025 \u00e0 14h37<br \/>\n        ; mis \u00e0 jour le 30 juil. 2025 \u00e0 14h46    <\/p>\n<p>Une dr\u00f4le de sc\u00e8ne s\u2019est d\u00e9roul\u00e9e ce mercredi en milieu de journ\u00e9e sur le parvis de la <a href=\"https:\/\/actu.fr\/tag\/gare-de-strasbourg\" target=\"_blank\" rel=\"noopener\">gare de Strasbourg<\/a> : des personnes, avec des maillots \u00e0 l\u2019effigie du <a href=\"https:\/\/actu.fr\/tag\/tour-de-france-2025\" target=\"_blank\" rel=\"noopener\">Tour de France<\/a>, s\u2019affairaient \u00e0 pr\u00e9parer des v\u00e9los, tout \u00e7a \u00e0 c\u00f4t\u00e9 d\u2019un camion aux couleurs du <strong>maillot \u00e0 pois rouges<\/strong>.\u00a0<\/p>\n<p class=\" wall-content\">Alors quoi ? Le <strong>Tour de France hommes<\/strong>, qui s\u2019est officiellement termin\u00e9 dimanche avec la victoire de <strong>Tadej Pogacar<\/strong>, a-t-il d\u00e9cid\u00e9 de jouer les prolongations dans la capitale alsacienne ? Ou s\u2019agit-il d\u2019une \u00e9tape surprise du <a href=\"https:\/\/actu.fr\/bretagne\/la-gacilly_56061\/le-tour-de-france-femmes-2025-plus-suivi-que-roland-garros_62976166.html\" target=\"_blank\" rel=\"noopener\">Tour de France femmes<\/a>, qui s\u2019est \u00e9lanc\u00e9 le 26 juillet dernier ?<\/p>\n<p>Concours de circonstances<\/p>\n<p class=\" wall-content\">Rien de tout \u00e7a. En fait, des personnes, principalement des <strong>Am\u00e9ricains<\/strong>, \u00e9taient attendus \u00e0 Strasbourg pour d\u00e9marrer une <strong>croisi\u00e8re<\/strong> qui doit les emmener jusqu\u2019aux <strong>Pays-Bas<\/strong>. Les v\u00e9los \u00e9taient l\u00e0 comme <strong>moyen de locomotion<\/strong>, de la gare jusqu\u2019au bateau.<\/p>\n<p class=\" wall-content\">Le <strong>loueur de mat\u00e9riel<\/strong>, lui, vient directement du Tour de France, en tant que partenaire officiel de <strong>L\u2019Etape<\/strong>, la course amateur qui pr\u00e9c\u00e8de celle r\u00e9serv\u00e9e aux professionnels. N\u2019ayant m\u00eame pas eu le temps de faire un saut chez lui,<strong> il a pris ce qu\u2019il avait\/pouvait<\/strong> : des t-shirts \u00e0 l\u2019effigie du Tour et ce fameux camion aux couleurs du maillot \u00e0 pois rouges.<\/p>\n<p>Tour de France 2025 : un final \u00e0 Montmartre<\/p>\n<p class=\" wall-content\"><a href=\"https:\/\/actu.fr\/sports\/cyclisme\/tour-de-france-2025-l-etrange-victoire-de-tadej-pogacar-entre-lassitude-et-ultra-domination_62963099.html\" target=\"_blank\" rel=\"noopener\">Tadej Poga\u010dar<\/a> a remport\u00e9 le Tour de France 2025, signant un <strong>quatri\u00e8me sacre<\/strong> apr\u00e8s 21 \u00e9tapes et 3\u202f338 km.<\/p>\n<p class=\" wall-content\">Il a devanc\u00e9 <strong>Jonas Vingegaard<\/strong> et <strong>Florian Lipowitz<\/strong>, qui s\u2019est empar\u00e9 du <strong>maillot blanc<\/strong>. Tadej Poga\u010dar a aussi rafl\u00e9 le maillot \u00e0 pois.<\/p>\n<p class=\" wall-content\">La derni\u00e8re \u00e9tape, disput\u00e9e sous la pluie \u00e0 <strong>Montmartre<\/strong>, a \u00e9t\u00e9 gagn\u00e9e par <a href=\"https:\/\/actu.fr\/sports\/tour-de-france-2025-le-belge-wout-van-aert-remporte-la-21e-et-derniere-etape_62963506.html\" target=\"_blank\" rel=\"noopener\">Wout Van Aert<\/a>.<\/p>\n<p class=\" wall-content\">Suivez toute l\u2019actualit\u00e9 de vos villes et m\u00e9dias favoris en vous inscrivant \u00e0 <a href=\"https:\/\/moncompte.actu.fr\" title=\"D\u00e9couvez Mon Actu\" rel=\"nofollow noopener\" data-trk=\"{&quot;cta&quot;:{&quot;action&quot;:&quot;https:\\\/\\\/moncompte.actu.fr&quot;,&quot;category&quot;:&quot;mon compte&quot;,&quot;from&quot;:&quot;article footer&quot;,&quot;name&quot;:&quot;Mon actu&quot;,&quot;type&quot;:&quot;cta&quot;}}\" target=\"_blank\">Mon Actu<\/a>.<\/p>\n","protected":false},"excerpt":{"rendered":"Par Ivan CAPECCHI Publi\u00e9 le 30 juil. 2025 \u00e0 14h37 ; mis \u00e0 jour le 30 juil. 2025&hellip;\n","protected":false},"author":2,"featured_media":284383,"comment_status":"","ping_status":"","sticky":false,"template":"","format":"standard","meta":{"footnotes":""},"categories":[2820],"tags":[1111,11,1777,674,1011,27,20526,775,1757,12,25,640,2116],"class_list":{"0":"post-284382","1":"post","2":"type-post","3":"status-publish","4":"format-standard","5":"has-post-thumbnail","7":"category-strasbourg","8":"tag-actu","9":"tag-actualites","10":"tag-eu","11":"tag-europe","12":"tag-fr","13":"tag-france","14":"tag-gare-de-strasbourg","15":"tag-grand-est","16":"tag-insolite","17":"tag-news","18":"tag-republique-francaise","19":"tag-strasbourg","20":"tag-tour-de-france-2025"},"share_on_mastodon":{"url":"https:\/\/pubeurope.com\/@fr\/114942416227159424","error":""},"_links":{"self":[{"href":"https:\/\/www.europesays.com\/fr\/wp-json\/wp\/v2\/posts\/284382","targetHints":{"allow":["GET"]}}],"collection":[{"href":"https:\/\/www.europesays.com\/fr\/wp-json\/wp\/v2\/posts"}],"about":[{"href":"https:\/\/www.europesays.com\/fr\/wp-json\/wp\/v2\/types\/post"}],"author":[{"embeddable":true,"href":"https:\/\/www.europesays.com\/fr\/wp-json\/wp\/v2\/users\/2"}],"replies":[{"embeddable":true,"href":"https:\/\/www.europesays.com\/fr\/wp-json\/wp\/v2\/comments?post=284382"}],"version-history":[{"count":0,"href":"https:\/\/www.europesays.com\/fr\/wp-json\/wp\/v2\/posts\/284382\/revisions"}],"wp:featuredmedia":[{"embeddable":true,"href":"https:\/\/www.europesays.com\/fr\/wp-json\/wp\/v2\/media\/284383"}],"wp:attachment":[{"href":"https:\/\/www.europesays.com\/fr\/wp-json\/wp\/v2\/media?parent=284382"}],"wp:term":[{"taxonomy":"category","embeddable":true,"href":"https:\/\/www.europesays.com\/fr\/wp-json\/wp\/v2\/categories?post=284382"},{"taxonomy":"post_tag","embeddable":true,"href":"https:\/\/www.europesays.com\/fr\/wp-json\/wp\/v2\/tags?post=284382"}],"curies":[{"name":"wp","href":"https:\/\/api.w.org\/{rel}","templated":true}]}}