{"id":284384,"date":"2025-07-30T13:27:10","date_gmt":"2025-07-30T13:27:10","guid":{"rendered":"https:\/\/www.europesays.com\/fr\/284384\/"},"modified":"2025-07-30T13:27:10","modified_gmt":"2025-07-30T13:27:10","slug":"merci-brice-et-bonne-route","status":"publish","type":"post","link":"https:\/\/www.europesays.com\/fr\/284384\/","title":{"rendered":"Merci Brice et bonne route !"},"content":{"rendered":"<p class=\"text-align-justify chapo\"><strong>Arriv\u00e9 \u00e0 la SIG Strasbourg \u00e0 l\u2019\u00e9t\u00e9 2024 pour un contrat de trois saisons, Brice Dessert ne portera finalement plus les couleurs du club cette saison. Le joueur a en effet choisi d\u2019activer sa clause de sortie pour relever un nouveau d\u00e9fi de taille : il vient de s\u2019engager avec le Anadolu Efes, club mythique \u00e9voluant en EuroLeague.<\/strong><\/p>\n<p>Auteur d\u2019une premi\u00e8re bonne saison sous nos couleurs, Brice s\u2019\u00e9tait rapidement impos\u00e9 comme un \u00e9l\u00e9ment fort du collectif. Sa combativit\u00e9, sa progression constante et son impact sur le terrain lui avaient d\u2019ailleurs valu d\u2019\u00eatre \u00e9lu SIGman du mois de septembre et du mois d\u2019octobre par la SIGArmy, mais \u00e9galement MVP du championnat Betclic ELITE au mois d\u2019octobre.<br \/>\nS\u2019il nous quitte plus t\u00f4t que pr\u00e9vu, c\u2019est pour franchir un nouveau cap dans sa carri\u00e8re, dans l\u2019un des plus grands clubs europ\u00e9ens. Un d\u00e9part ambitieux, que nous comprenons et respectons.<br \/>\nToute la SIG Strasbourg remercie chaleureusement Brice pour son professionnalisme et son engagement. Nous lui souhaitons une tr\u00e8s belle continuation et beaucoup de r\u00e9ussite dans cette nouvelle aventure au plus haut niveau europ\u00e9en.<\/p>\n<p class=\"text-align-justify\">\u00a0<\/p>\n<p><strong>Bonne chance Brice, la SIGArmy continuera de te suivre\u00a0!<\/strong><\/p>\n<p class=\"text-align-center\">\u00a0<\/p>\n<\/p>\n<p class=\"text-align-center\">\u00a0<\/p>\n<p>\u00a0<\/p>\n","protected":false},"excerpt":{"rendered":"Arriv\u00e9 \u00e0 la SIG Strasbourg \u00e0 l\u2019\u00e9t\u00e9 2024 pour un contrat de trois saisons, Brice Dessert ne portera&hellip;\n","protected":false},"author":2,"featured_media":284385,"comment_status":"","ping_status":"","sticky":false,"template":"","format":"standard","meta":{"footnotes":""},"categories":[2820],"tags":[1111,11,3146,1777,674,1011,27,775,3145,12,25,3144,640],"class_list":{"0":"post-284384","1":"post","2":"type-post","3":"status-publish","4":"format-standard","5":"has-post-thumbnail","7":"category-strasbourg","8":"tag-actu","9":"tag-actualites","10":"tag-betclic-elite","11":"tag-eu","12":"tag-europe","13":"tag-fr","14":"tag-france","15":"tag-grand-est","16":"tag-lnb","17":"tag-news","18":"tag-republique-francaise","19":"tag-sig","20":"tag-strasbourg"},"share_on_mastodon":{"url":"https:\/\/pubeurope.com\/@fr\/114942420279777504","error":""},"_links":{"self":[{"href":"https:\/\/www.europesays.com\/fr\/wp-json\/wp\/v2\/posts\/284384","targetHints":{"allow":["GET"]}}],"collection":[{"href":"https:\/\/www.europesays.com\/fr\/wp-json\/wp\/v2\/posts"}],"about":[{"href":"https:\/\/www.europesays.com\/fr\/wp-json\/wp\/v2\/types\/post"}],"author":[{"embeddable":true,"href":"https:\/\/www.europesays.com\/fr\/wp-json\/wp\/v2\/users\/2"}],"replies":[{"embeddable":true,"href":"https:\/\/www.europesays.com\/fr\/wp-json\/wp\/v2\/comments?post=284384"}],"version-history":[{"count":0,"href":"https:\/\/www.europesays.com\/fr\/wp-json\/wp\/v2\/posts\/284384\/revisions"}],"wp:featuredmedia":[{"embeddable":true,"href":"https:\/\/www.europesays.com\/fr\/wp-json\/wp\/v2\/media\/284385"}],"wp:attachment":[{"href":"https:\/\/www.europesays.com\/fr\/wp-json\/wp\/v2\/media?parent=284384"}],"wp:term":[{"taxonomy":"category","embeddable":true,"href":"https:\/\/www.europesays.com\/fr\/wp-json\/wp\/v2\/categories?post=284384"},{"taxonomy":"post_tag","embeddable":true,"href":"https:\/\/www.europesays.com\/fr\/wp-json\/wp\/v2\/tags?post=284384"}],"curies":[{"name":"wp","href":"https:\/\/api.w.org\/{rel}","templated":true}]}}