{"id":284390,"date":"2025-07-30T13:30:35","date_gmt":"2025-07-30T13:30:35","guid":{"rendered":"https:\/\/www.europesays.com\/fr\/284390\/"},"modified":"2025-07-30T13:30:35","modified_gmt":"2025-07-30T13:30:35","slug":"dans-cette-ville-de-loire-atlantique-une-procedure-contre-linstallation-sauvage-des-gens-du","status":"publish","type":"post","link":"https:\/\/www.europesays.com\/fr\/284390\/","title":{"rendered":"Dans cette ville de Loire-Atlantique, une proc\u00e9dure contre l\u2019installation sauvage des gens du"},"content":{"rendered":"<p>Ce mardi 29\u00a0juillet 2025, le tribunal administratif de Nantes a examin\u00e9 la requ\u00eate en mesure utile de la Ville de Trignac contre les membres de la communaut\u00e9 des gens du voyage, install\u00e9s depuis quelques semaines pr\u00e8s du terrain de rugby de la commune, rue de la gare. C\u2019est la deuxi\u00e8me proc\u00e9dure de ce type ce mois-ci. Une formalit\u00e9, mais le maire de Trignac, Claude Aufort, y tient. \u00a0Laisser passer, c\u2019est laisser penser qu\u2019il y a la possibilit\u00e9 de s\u2019installer n\u2019importe o\u00f9\u00a0, r\u00e9agit-il. Cette fois, ce sont pr\u00e8s de huit caravanes et autant de v\u00e9hicules qui sont stationn\u00e9es sur la voie publique. Rien, compar\u00e9 aux centaines de logements mobiles qui ont pris place l\u00e9galement sur l\u2019aire d\u2019accueil de 15\u00a0hectares dite \u00a0de grand passage\u00a0 de Cert\u00e9. \u00a0Elles sont environ 350\u00a0l\u2019\u00e9t\u00e9, mais certaines personnes ne s\u2019entendent pas avec d\u2019autres, et donc refusent de s\u2019y installer. C\u2019est toujours un peu compliqu\u00e9\u00a0, ajoute l\u2019\u00e9dile. Des efforts sont faits pour tenter de satisfaire tout le monde, mais des tensions perdurent, incitant certains membres de la communaut\u00e9 \u00e0 occuper d\u2019autres terrains qui n\u2019ont pas vocation \u00e0 les accueillir. Le maire reste ferme\u00a0: c\u2019est non.<\/p>\n<p>\u00ab\u00a0C\u2019est toujours un peu compliqu\u00e9\u00a0\u00bb<\/p>\n<p>L\u2019audience a \u00e9t\u00e9 rapide, elle est la premi\u00e8re \u00e9tape de la proc\u00e9dure d\u2019expulsion. Le tribunal administratif va rendre une d\u00e9cision d\u2019ici quelques jours, \u00a0puis un commissaire de justice ou la police municipale va notifier aux occupants l\u2019ordonnance d\u2019expulsion, si elle est prononc\u00e9e\u00a0, d\u00e9taille ma\u00eetre J\u00e9r\u00f4me Maudet, avocat de la Ville de Trignac. En cas de refus des voyageurs de quitter les lieux, il peut \u00eatre demand\u00e9 le concours de la force publique par l\u2019huissier au pr\u00e9fet, qui aura deux mois pour r\u00e9pondre. \u00a0En g\u00e9n\u00e9ral, \u00e7a ne va pas jusque-l\u00e0\u00a0, t\u00e9moigne le conseil.<\/p>\n<p>Un nouveau sch\u00e9ma d\u00e9partemental<\/p>\n<p>En juin dernier, le d\u00e9partement de la Loire-Atlantique <a href=\"https:\/\/nantes.maville.com\/actu\/actudet_-les-gens-du-voyage-seront-mieux-accompagnes-_8-6869292_actu.Htm?utm_source=troove&amp;utm_medium=site\" target=\"_self\" rel=\"nofollow noopener\">a adopt\u00e9 un nouveau sch\u00e9ma 2025-2031 d\u2019accueil et d\u2019habitat des gens du voyage<\/a>. Il pr\u00e9voit notamment la cr\u00e9ation de trois nouvelles aires de grands passages pour l\u2019\u00e9t\u00e9. Celle de Trignac devra b\u00e9n\u00e9ficier de nouveaux am\u00e9nagements, pour en am\u00e9liorer l\u2019acc\u00e8s et l\u2019acc\u00e8s aux r\u00e9seaux. \u00a0\u00c7a avance\u00a0, se f\u00e9licite le maire de la commune, qui sait qu\u2019en septembre, les voyageurs de passage, bien ou mal install\u00e9s, auront repris la route.<\/p>\n<p>\u00a0<\/p>\n","protected":false},"excerpt":{"rendered":"Ce mardi 29\u00a0juillet 2025, le tribunal administratif de Nantes a examin\u00e9 la requ\u00eate en mesure utile de la&hellip;\n","protected":false},"author":2,"featured_media":284391,"comment_status":"","ping_status":"","sticky":false,"template":"","format":"standard","meta":{"footnotes":""},"categories":[2818],"tags":[1111,11,1777,674,1011,27,7397,8093,3047,766,12,2636,42348,25,31937,4824,586],"class_list":{"0":"post-284390","1":"post","2":"type-post","3":"status-publish","4":"format-standard","5":"has-post-thumbnail","7":"category-nantes","8":"tag-actu","9":"tag-actualites","10":"tag-eu","11":"tag-europe","12":"tag-fr","13":"tag-france","14":"tag-gens","15":"tag-installation","16":"tag-loire-atlantique","17":"tag-nantes","18":"tag-news","19":"tag-pays-de-la-loire","20":"tag-procedure","21":"tag-republique-francaise","22":"tag-sauvage","23":"tag-ville","24":"tag-voyage"},"share_on_mastodon":{"url":"https:\/\/pubeurope.com\/@fr\/114942431998149928","error":""},"_links":{"self":[{"href":"https:\/\/www.europesays.com\/fr\/wp-json\/wp\/v2\/posts\/284390","targetHints":{"allow":["GET"]}}],"collection":[{"href":"https:\/\/www.europesays.com\/fr\/wp-json\/wp\/v2\/posts"}],"about":[{"href":"https:\/\/www.europesays.com\/fr\/wp-json\/wp\/v2\/types\/post"}],"author":[{"embeddable":true,"href":"https:\/\/www.europesays.com\/fr\/wp-json\/wp\/v2\/users\/2"}],"replies":[{"embeddable":true,"href":"https:\/\/www.europesays.com\/fr\/wp-json\/wp\/v2\/comments?post=284390"}],"version-history":[{"count":0,"href":"https:\/\/www.europesays.com\/fr\/wp-json\/wp\/v2\/posts\/284390\/revisions"}],"wp:featuredmedia":[{"embeddable":true,"href":"https:\/\/www.europesays.com\/fr\/wp-json\/wp\/v2\/media\/284391"}],"wp:attachment":[{"href":"https:\/\/www.europesays.com\/fr\/wp-json\/wp\/v2\/media?parent=284390"}],"wp:term":[{"taxonomy":"category","embeddable":true,"href":"https:\/\/www.europesays.com\/fr\/wp-json\/wp\/v2\/categories?post=284390"},{"taxonomy":"post_tag","embeddable":true,"href":"https:\/\/www.europesays.com\/fr\/wp-json\/wp\/v2\/tags?post=284390"}],"curies":[{"name":"wp","href":"https:\/\/api.w.org\/{rel}","templated":true}]}}