{"id":284395,"date":"2025-07-30T13:33:09","date_gmt":"2025-07-30T13:33:09","guid":{"rendered":"https:\/\/www.europesays.com\/fr\/284395\/"},"modified":"2025-07-30T13:33:09","modified_gmt":"2025-07-30T13:33:09","slug":"a-bordeaux-la-ligne-a-du-tramway-va-etre-interrompue-toute-la-nuit","status":"publish","type":"post","link":"https:\/\/www.europesays.com\/fr\/284395\/","title":{"rendered":"\u00c0 Bordeaux, la ligne A du tramway va \u00eatre interrompue toute la nuit"},"content":{"rendered":"<p>            Par<br \/>\n        <strong><br \/>\n            <a href=\"https:\/\/actu.fr\/auteur\/redaction-bordeaux\" title=\"Consulter tous les articles de R\u00e9daction Bordeaux\" rel=\"nofollow noopener\" target=\"_blank\">R\u00e9daction Bordeaux<\/a><br \/>\n        <\/strong><\/p>\n<p>        Publi\u00e9 le<\/p>\n<p>            30 juil. 2025 \u00e0 14h57        <\/p>\n<p>En raison d\u2019essais techniques,<strong> l\u2019int\u00e9gralit\u00e9 de la ligne A<\/strong> du tramway sera progressivement interrompue, d\u00e8s 20\u2009h\u200930, la nuit du mercredi\u00a030 au jeudi 31\u00a0juillet indique Transports Bordeaux M\u00e9tropole sur <a href=\"https:\/\/www.infotbm.com\/fr\/perturbations\/ligne\/line:BMA:59\/8e73ce96-663b-11f0-a042-0a58a9feac02\" rel=\"nofollow noopener\" target=\"_blank\">son site<\/a>.<\/p>\n<p>    <a href=\"https:\/\/www.facebook.com\/plugins\/post.php?href=https%3A%2F%2Fwww.facebook.com%2FInfoTBM%2Fposts%2Fpfbid0WqvvG7jQmjznBMgdV6Pp4jgU8b6NMx5TgBZVjtEYy8keemPnbguLCRTn8J7tj5TJl&amp;show_text=true&amp;width=350\" title=\"Ouvrie le lien\" rel=\"nofollow noopener\" target=\"_blank\">Cliquez ici pour visualiser le contenu<\/a><\/p>\n<p>Des bus relais<\/p>\n<p class=\" wall-content\">Les usagers de <a href=\"https:\/\/actu.fr\/tag\/tbm\" rel=\"nofollow noopener\" target=\"_blank\">TBM<\/a> devront <strong>anticiper leurs d\u00e9placements<\/strong>, m\u00eame si des bus relais sont mis en place pour assurer la continuit\u00e9 du service. Ces bus circuleront notamment entre A\u00e9roport\/Haillan Rostand et Saint-Augustin, ainsi qu\u2019entre l\u2019h\u00f4pital Pellegrin et Stalingrad. <strong>Un itin\u00e9raire de substitution<\/strong> est \u00e9galement pr\u00e9vu entre Stalingrad et Buttini\u00e8re, puis entre Buttini\u00e8re et les deux terminus de la rive droite\u2009: Floirac Dravemont et La Gardette.<\/p>\n<p class=\" wall-content\">Pour rappel, le Tram A reste interrompu entre Stalingrad et Sainte-Catherine ainsi qu\u2019entre Le Haillan Rostand et M\u00e9rignac centre <a href=\"https:\/\/actu.fr\/nouvelle-aquitaine\/bordeaux_33063\/chantier-titanesque-sur-le-reseau-tbm-a-bordeaux-ce-que-les-usagers-du-tram-doivent-savoir_62473216.html\" rel=\"nofollow noopener\" target=\"_blank\">en raison des travaux d\u2019\u00e9t\u00e9<\/a> en cours.<\/p>\n<p class=\" wall-content\">Suivez toute l\u2019actualit\u00e9 de vos villes et m\u00e9dias favoris en vous inscrivant \u00e0 <a href=\"https:\/\/moncompte.actu.fr\" title=\"D\u00e9couvez Mon Actu\" rel=\"nofollow noopener\" data-trk=\"{&quot;cta&quot;:{&quot;action&quot;:&quot;https:\\\/\\\/moncompte.actu.fr&quot;,&quot;category&quot;:&quot;mon compte&quot;,&quot;from&quot;:&quot;article footer&quot;,&quot;name&quot;:&quot;Mon actu&quot;,&quot;type&quot;:&quot;cta&quot;}}\" target=\"_blank\">Mon Actu<\/a>.<\/p>\n","protected":false},"excerpt":{"rendered":"Par R\u00e9daction Bordeaux Publi\u00e9 le 30 juil. 2025 \u00e0 14h57 En raison d\u2019essais techniques, l\u2019int\u00e9gralit\u00e9 de la ligne&hellip;\n","protected":false},"author":2,"featured_media":284396,"comment_status":"","ping_status":"","sticky":false,"template":"","format":"standard","meta":{"footnotes":""},"categories":[2817],"tags":[1111,11,1997,1777,674,1011,27,12,2219,25,104,7952,2803],"class_list":{"0":"post-284395","1":"post","2":"type-post","3":"status-publish","4":"format-standard","5":"has-post-thumbnail","7":"category-bordeaux","8":"tag-actu","9":"tag-actualites","10":"tag-bordeaux","11":"tag-eu","12":"tag-europe","13":"tag-fr","14":"tag-france","15":"tag-news","16":"tag-nouvelle-aquitaine","17":"tag-republique-francaise","18":"tag-societe","19":"tag-tbm","20":"tag-transport"},"share_on_mastodon":{"url":"https:\/\/pubeurope.com\/@fr\/114942443814134300","error":""},"_links":{"self":[{"href":"https:\/\/www.europesays.com\/fr\/wp-json\/wp\/v2\/posts\/284395","targetHints":{"allow":["GET"]}}],"collection":[{"href":"https:\/\/www.europesays.com\/fr\/wp-json\/wp\/v2\/posts"}],"about":[{"href":"https:\/\/www.europesays.com\/fr\/wp-json\/wp\/v2\/types\/post"}],"author":[{"embeddable":true,"href":"https:\/\/www.europesays.com\/fr\/wp-json\/wp\/v2\/users\/2"}],"replies":[{"embeddable":true,"href":"https:\/\/www.europesays.com\/fr\/wp-json\/wp\/v2\/comments?post=284395"}],"version-history":[{"count":0,"href":"https:\/\/www.europesays.com\/fr\/wp-json\/wp\/v2\/posts\/284395\/revisions"}],"wp:featuredmedia":[{"embeddable":true,"href":"https:\/\/www.europesays.com\/fr\/wp-json\/wp\/v2\/media\/284396"}],"wp:attachment":[{"href":"https:\/\/www.europesays.com\/fr\/wp-json\/wp\/v2\/media?parent=284395"}],"wp:term":[{"taxonomy":"category","embeddable":true,"href":"https:\/\/www.europesays.com\/fr\/wp-json\/wp\/v2\/categories?post=284395"},{"taxonomy":"post_tag","embeddable":true,"href":"https:\/\/www.europesays.com\/fr\/wp-json\/wp\/v2\/tags?post=284395"}],"curies":[{"name":"wp","href":"https:\/\/api.w.org\/{rel}","templated":true}]}}