{"id":28440,"date":"2025-04-16T04:50:14","date_gmt":"2025-04-16T04:50:14","guid":{"rendered":"https:\/\/www.europesays.com\/fr\/28440\/"},"modified":"2025-04-16T04:50:14","modified_gmt":"2025-04-16T04:50:14","slug":"nice-les-orages-vont-frapper-les-alpes-maritimes-voici-les-secteurs-touches","status":"publish","type":"post","link":"https:\/\/www.europesays.com\/fr\/28440\/","title":{"rendered":"Nice. Les orages vont frapper les Alpes-Maritimes : voici les secteurs touch\u00e9s"},"content":{"rendered":"<p>            Par<br \/>\n        <strong><br \/>\n            <a href=\"https:\/\/actu.fr\/auteur\/ugo-maillard\" title=\"Consulter tous les articles de Ugo Maillard\" target=\"_blank\" rel=\"noopener\">Ugo Maillard<\/a><br \/>\n        <\/strong><\/p>\n<p>        Publi\u00e9 le<\/p>\n<p>            15 avr. 2025 \u00e0 9h38        <\/p>\n<p>Encore une journ\u00e9e mouvement\u00e9e dans le ciel de la C\u00f4te d\u2019Azur. M\u00e9t\u00e9o France place le d\u00e9partement des <a href=\"https:\/\/actu.fr\/provence-alpes-cote-d-azur\/alpes-maritimes_06\" target=\"_blank\" rel=\"noopener\">Alpes-Maritimes<\/a> en <strong>vigilance jaune<\/strong> pour un risque d\u2019orage, ce mardi 15\u00a0avril 2025.<\/p>\n<p class=\" wall-content\">La foudre devrait \u00eatre accompagn\u00e9e d\u2019<strong>averses<\/strong> sur le d\u00e9partement et en particulier \u00e0 <a href=\"https:\/\/actu.fr\/nice\/\" target=\"_blank\" rel=\"noopener\">Nice<\/a>, comme nous l\u2019annoncions sur <a href=\"https:\/\/actu.fr\/provence-alpes-cote-d-azur\/nice_06088\/meteo-a-nice-averses-et-rafales-de-vent-un-temps-chaotique-attendu_62506268.html\" target=\"_blank\" rel=\"noopener\">actu Nice<\/a>.<\/p>\n<p class=\" wall-content\">Voici les pr\u00e9visions pour les prochaines heures.<\/p>\n<p>Des orages attendus en soir\u00e9e<\/p>\n<p class=\" wall-content\">La vigilance jaune \u00e9mise par M\u00e9t\u00e9o France sera active <strong>\u00e0 partir de 21h<\/strong> dans les Alpes-Maritimes.<\/p>\n<p class=\" wall-content\">Selon les pr\u00e9visions du service officiel de la m\u00e9t\u00e9orologie et de la climatologie en France, l\u2019arri\u00e8re-pays ni\u00e7ois sera touch\u00e9 par les orages. La foudre est attendue sur les communes de Saint-Martin-du-Var, Roquebilli\u00e8re, Tende et Guillaumes.<\/p>\n<p>Vid\u00e9os : en ce moment sur Actu<br \/>\n    <a href=\"https:\/\/www.google.com\/maps\/embed?pb=!1m18!1m12!1m3!1d355802.54909107613!2d7.426895648597838!3d44.18318991499173!2m3!1f0!2f0!3f0!3m2!1i1024!2i768!4f13.1!3m3!1m2!1s0x12cda538edb2cbdd%3A0x40819a5fd979980!2s06450%20Roquebilli%C3%A8re!5e0!3m2!1sfr!2sfr!4v1744702312328!5m2!1sfr!2sfr\" title=\"Ouvrie le lien\" target=\"_blank\" rel=\"noopener\">Cliquez ici pour visualiser le contenu<\/a><\/p>\n<p class=\" wall-content\">La vigilance jaune \u00ab\u2009orages\u2009\u00bb devrait \u00eatre lev\u00e9e le mercredi 16\u00a0avril \u00e0 9h. \u00c0 noter que M\u00e9t\u00e9o France a \u00e9galement plac\u00e9 le d\u00e9partement des Alpes-Maritimes en vigilance jaune \u00ab\u2009avalanches\u2009\u00bb ce mardi 15\u00a0avril 2025.<\/p>\n<p>Une semaine pluvieuse<\/p>\n<p class=\" wall-content\">La seconde moiti\u00e9 de la semaine sera rythm\u00e9e par des averses sur le d\u00e9partement et \u00e0 Nice. Les Alpes-Maritimes sont plac\u00e9s en <strong>vigilance jaune \u00ab\u2009pluie-inondation\u2009\u00bb<\/strong> pour la journ\u00e9e de mercredi.<\/p>\n<p class=\" wall-content\">Une l\u00e9g\u00e8re accalmie est attendue vendredi avant le retour d\u2019un temps gris et pluvieux pour le week-end du 19 et 20\u00a0avril.<\/p>\n<p class=\" wall-content\">Suivez toute l\u2019actualit\u00e9 de vos villes et m\u00e9dias favoris en vous inscrivant \u00e0 <a href=\"https:\/\/moncompte.actu.fr\" title=\"D\u00e9couvez Mon Actu\" rel=\"nofollow noopener\" data-trk=\"{&quot;cta&quot;:{&quot;action&quot;:&quot;https:\\\/\\\/moncompte.actu.fr&quot;,&quot;category&quot;:&quot;mon compte&quot;,&quot;from&quot;:&quot;article footer&quot;,&quot;name&quot;:&quot;Mon actu&quot;,&quot;type&quot;:&quot;cta&quot;}}\" target=\"_blank\">Mon Actu<\/a>.<\/p>\n","protected":false},"excerpt":{"rendered":"Par Ugo Maillard Publi\u00e9 le 15 avr. 2025 \u00e0 9h38 Encore une journ\u00e9e mouvement\u00e9e dans le ciel de&hellip;\n","protected":false},"author":2,"featured_media":28441,"comment_status":"","ping_status":"","sticky":false,"template":"","format":"standard","meta":{"footnotes":""},"categories":[2819],"tags":[1111,11,1777,674,1011,27,2487,2357,12,2401,4594,882,25],"class_list":{"0":"post-28440","1":"post","2":"type-post","3":"status-publish","4":"format-standard","5":"has-post-thumbnail","7":"category-nice","8":"tag-actu","9":"tag-actualites","10":"tag-eu","11":"tag-europe","12":"tag-fr","13":"tag-france","14":"tag-meteo","15":"tag-meteo-france","16":"tag-news","17":"tag-nice","18":"tag-orages","19":"tag-provence-alpes-cote-dazur","20":"tag-republique-francaise"},"share_on_mastodon":{"url":"https:\/\/pubeurope.com\/@fr\/114345844785225006","error":""},"_links":{"self":[{"href":"https:\/\/www.europesays.com\/fr\/wp-json\/wp\/v2\/posts\/28440","targetHints":{"allow":["GET"]}}],"collection":[{"href":"https:\/\/www.europesays.com\/fr\/wp-json\/wp\/v2\/posts"}],"about":[{"href":"https:\/\/www.europesays.com\/fr\/wp-json\/wp\/v2\/types\/post"}],"author":[{"embeddable":true,"href":"https:\/\/www.europesays.com\/fr\/wp-json\/wp\/v2\/users\/2"}],"replies":[{"embeddable":true,"href":"https:\/\/www.europesays.com\/fr\/wp-json\/wp\/v2\/comments?post=28440"}],"version-history":[{"count":0,"href":"https:\/\/www.europesays.com\/fr\/wp-json\/wp\/v2\/posts\/28440\/revisions"}],"wp:featuredmedia":[{"embeddable":true,"href":"https:\/\/www.europesays.com\/fr\/wp-json\/wp\/v2\/media\/28441"}],"wp:attachment":[{"href":"https:\/\/www.europesays.com\/fr\/wp-json\/wp\/v2\/media?parent=28440"}],"wp:term":[{"taxonomy":"category","embeddable":true,"href":"https:\/\/www.europesays.com\/fr\/wp-json\/wp\/v2\/categories?post=28440"},{"taxonomy":"post_tag","embeddable":true,"href":"https:\/\/www.europesays.com\/fr\/wp-json\/wp\/v2\/tags?post=28440"}],"curies":[{"name":"wp","href":"https:\/\/api.w.org\/{rel}","templated":true}]}}