{"id":284407,"date":"2025-07-30T13:40:12","date_gmt":"2025-07-30T13:40:12","guid":{"rendered":"https:\/\/www.europesays.com\/fr\/284407\/"},"modified":"2025-07-30T13:40:12","modified_gmt":"2025-07-30T13:40:12","slug":"fermeture-immediate-dune-boulangerie-marie-blachere-pour-des-manquements-graves-aux-regles-dhygiene","status":"publish","type":"post","link":"https:\/\/www.europesays.com\/fr\/284407\/","title":{"rendered":"fermeture imm\u00e9diate d&rsquo;une boulangerie Marie Blach\u00e8re pour\u00a0\u00ab\u00a0des manquements graves\u00a0aux r\u00e8gles d\u2019hygi\u00e8ne\u00a0\u00bb"},"content":{"rendered":"<p itemprop=\"description\"><strong>Insectes, mauvaise conservation des aliments, toilettes insalubres&#8230;<\/strong><\/p>\n<p>Un contr\u00f4le inopin\u00e9 men\u00e9 le 29 juillet 2025 par deux agents de la Direction d\u00e9partementale de la Protection des populations (DDPP) du Rh\u00f4ne a mis au jour \u00ab\u00a0des manquements graves aux minima des r\u00e8gles d\u2019hygi\u00e8ne et de s\u00e9curit\u00e9 alimentaire\u00a0\u00bb dans la boulangerie Marie Blach\u00e8re situ\u00e9e\u00a0route d&rsquo;Heyrieux\u00a0\u00e0 Mions.<\/p>\n<p>Selon la pr\u00e9fecture, les agents ont relev\u00e9 une\u00a0pr\u00e9sence importante de nuisibles\u00a0(mouches, moucherons, mites alimentaires, insectes parasites), un\u00a0non-respect des temp\u00e9ratures de conservation, des\u00a0locaux mal prot\u00e9g\u00e9s\u00a0contre les sources de contamination ainsi que des\u00a0conditions de stockage d\u00e9grad\u00e9es. L\u2019insalubrit\u00e9 des toilettes du personnel\u00a0a \u00e9galement \u00e9t\u00e9 point\u00e9e.<\/p>\n<p>Ces manquements, qualifi\u00e9s de\u00a0graves\u00a0par les services de l\u2019\u00c9tat, repr\u00e9sentent \u00ab\u00a0une menace pour la sant\u00e9 des consommateurs en raison de la probabilit\u00e9 importante de contaminations et des risques d\u2019intoxication qui en r\u00e9sultent,\u00a0\u00bb pr\u00e9cise la pr\u00e9fecture.<\/p>\n<p>Face \u00e0 cette situation, la pr\u00e9f\u00e8te du Rh\u00f4ne a d\u00e9cid\u00e9 de\u00a0fermer administrativement l\u2019\u00e9tablissement jusqu\u2019\u00e0 nouvel ordre, le temps que les 32 mesures correctives exig\u00e9es soient mises en \u0153uvre.<\/p>\n<p>La r\u00e9ouverture ne pourra intervenir\u00a0qu\u2019apr\u00e8s v\u00e9rification par la DDPP, une fois les locaux remis aux normes.<\/p>\n<blockquote class=\"twitter-tweet\"><p>&#13;<\/p>\n<p dir=\"ltr\" lang=\"fr\">\u274c La pr\u00e9f\u00e8te du Rh\u00f4ne a proc\u00e9d\u00e9 \u00e0 la fermeture d&rsquo;urgence de la boulangerie Marie Blach\u00e8re (<a href=\"https:\/\/twitter.com\/hashtag\/MIONS?src=hash&amp;ref_src=twsrc%5Etfw\" rel=\"nofollow noopener\" target=\"_blank\">#MIONS<\/a>) pour des manquements graves aux minima des r\u00e8gles d\u2019hygi\u00e8ne et de s\u00e9curit\u00e9 alimentaire.<\/p>\n<p>\ud83d\udd34 Du fait de ces manquements, la poursuite de l\u2019activit\u00e9, dans les conditions constat\u00e9es,\u2026 <a href=\"https:\/\/t.co\/BrNj77V6FG\" rel=\"nofollow\">pic.twitter.com\/BrNj77V6FG<\/a><\/p>\n<p>&#13;<br \/>\n\u2014 Pr\u00e9f\u00e8te de r\u00e9gion Auvergne-Rh\u00f4ne-Alpes et du Rh\u00f4ne (@prefetrhone) <a href=\"https:\/\/twitter.com\/prefetrhone\/status\/1950478934690148642?ref_src=twsrc%5Etfw\" rel=\"nofollow noopener\" target=\"_blank\">July 30, 2025<\/a><\/p><\/blockquote>\n<p>\t\t  <script async src=\"https:\/\/platform.twitter.com\/widgets.js\" charset=\"utf-8\"><\/script><\/p>\n","protected":false},"excerpt":{"rendered":"Insectes, mauvaise conservation des aliments, toilettes insalubres&#8230; Un contr\u00f4le inopin\u00e9 men\u00e9 le 29 juillet 2025 par deux agents&hellip;\n","protected":false},"author":2,"featured_media":284408,"comment_status":"","ping_status":"","sticky":false,"template":"","format":"standard","meta":{"footnotes":""},"categories":[1889],"tags":[1111,11,2813,2190,2430,1109,251,1112,2811,1777,674,118,1011,27,1922,1110,1114,2428,2810,12,241,316,25,2812,517,800],"class_list":{"0":"post-284407","1":"post","2":"type-post","3":"status-publish","4":"format-standard","5":"has-post-thumbnail","7":"category-lyon","8":"tag-actu","9":"tag-actualites","10":"tag-article","11":"tag-asvel","12":"tag-auvergne-rhone-alpes","13":"tag-breves","14":"tag-culture","15":"tag-depeches","16":"tag-economique","17":"tag-eu","18":"tag-europe","19":"tag-faits-divers","20":"tag-fr","21":"tag-france","22":"tag-info","23":"tag-informations","24":"tag-infos","25":"tag-lyon","26":"tag-lyonmag","27":"tag-news","28":"tag-ol","29":"tag-politique","30":"tag-republique-francaise","31":"tag-sociale","32":"tag-sport","33":"tag-transports"},"share_on_mastodon":{"url":"https:\/\/pubeurope.com\/@fr\/114942471383251796","error":""},"_links":{"self":[{"href":"https:\/\/www.europesays.com\/fr\/wp-json\/wp\/v2\/posts\/284407","targetHints":{"allow":["GET"]}}],"collection":[{"href":"https:\/\/www.europesays.com\/fr\/wp-json\/wp\/v2\/posts"}],"about":[{"href":"https:\/\/www.europesays.com\/fr\/wp-json\/wp\/v2\/types\/post"}],"author":[{"embeddable":true,"href":"https:\/\/www.europesays.com\/fr\/wp-json\/wp\/v2\/users\/2"}],"replies":[{"embeddable":true,"href":"https:\/\/www.europesays.com\/fr\/wp-json\/wp\/v2\/comments?post=284407"}],"version-history":[{"count":0,"href":"https:\/\/www.europesays.com\/fr\/wp-json\/wp\/v2\/posts\/284407\/revisions"}],"wp:featuredmedia":[{"embeddable":true,"href":"https:\/\/www.europesays.com\/fr\/wp-json\/wp\/v2\/media\/284408"}],"wp:attachment":[{"href":"https:\/\/www.europesays.com\/fr\/wp-json\/wp\/v2\/media?parent=284407"}],"wp:term":[{"taxonomy":"category","embeddable":true,"href":"https:\/\/www.europesays.com\/fr\/wp-json\/wp\/v2\/categories?post=284407"},{"taxonomy":"post_tag","embeddable":true,"href":"https:\/\/www.europesays.com\/fr\/wp-json\/wp\/v2\/tags?post=284407"}],"curies":[{"name":"wp","href":"https:\/\/api.w.org\/{rel}","templated":true}]}}