{"id":284413,"date":"2025-07-30T13:44:12","date_gmt":"2025-07-30T13:44:12","guid":{"rendered":"https:\/\/www.europesays.com\/fr\/284413\/"},"modified":"2025-07-30T13:44:12","modified_gmt":"2025-07-30T13:44:12","slug":"marco-verratti-dement-avoir-ete-mis-a-la-porte-du-psg-par-luis-enrique","status":"publish","type":"post","link":"https:\/\/www.europesays.com\/fr\/284413\/","title":{"rendered":"Marco Verratti d\u00e9ment avoir \u00e9t\u00e9 mis \u00e0 la porte du PSG par Luis Enrique"},"content":{"rendered":"<p>L\u2019ancien milieu de terrain du club parisien, qui \u00e9volue d\u00e9sormais au Qatar, est revenu sur les conditions de son d\u00e9part de la capitale et avance sa v\u00e9rit\u00e9.<\/p>\n<p class=\"fig-paragraph\">Loin des yeux, pr\u00e8s du coeur. Deux ans apr\u00e8s son d\u00e9part du Paris SG,\u00a0<a href=\"http:\/\/www.lefigaro.fr\/sports\/football\/transferts\/le-psg-fixe-le-prix-de-kolo-muani-verratti-change-de-club-un-gardien-a-lens-les-5-infos-mercato-de-ce-mardi-20250708\" data-fig-type=\"NewsFlash\" data-gtm-custom-categorie=\"navigation\" data-gtm-custom-action=\"crossclick\" data-gtm-custom-label=\"Contextuel\" data-gtm-event=\"customEventSPE\" data-fig-domain=\"LEFIGARO\" target=\"_blank\" rel=\"noopener\">Marco Verratti\u00a0<\/a>est encore questionn\u00e9 sur l\u2019actualit\u00e9 du club parisien. S\u2019il continue sa carri\u00e8re au Qatar, apr\u00e8s \u00eatre pass\u00e9 notamment du club d\u2019Al-Arabi \u00e0 Al-Duhail, le milieu de terrain italien, \u00e2g\u00e9 de 32 ans, a tenu \u00e0 apporter sa v\u00e9rit\u00e9 quant \u00e0 la fin de son histoire avec le\u00a0<a href=\"http:\/\/www.lefigaro.fr\/sports\/football\/transferts\/le-psg-accelere-sur-zabarnyi-lyon-cible-un-nouveau-gardien-les-5-infos-mercato-de-ce-mardi-20250729\" data-fig-type=\"NewsFlash\" data-gtm-custom-categorie=\"navigation\" data-gtm-custom-action=\"crossclick\" data-gtm-custom-label=\"Contextuel\" data-gtm-event=\"customEventSPE\" data-fig-domain=\"LEFIGARO\" target=\"_blank\" rel=\"noopener\">PSG<\/a>\u00a0apr\u00e8s y avoir pass\u00e9 douze ans et remport\u00e9 trente titres.<\/p>\n<p class=\"fig-paragraph\">Dans un entretien ce mercredi \u00e0 la Gazzetta Dello Sport, \u00abPetit hibou\u00bb (son surnom au Paris SG) est revenu sur les conditions de son d\u00e9part \u00e0 l\u2019\u00e9t\u00e9 2023. Il d\u00e9ment notamment avoir \u00e9t\u00e9 pouss\u00e9 vers la sortie par\u00a0<a href=\"http:\/\/www.lefigaro.fr\/sports\/football\/ligue-1\/ligue-1-mercato-exceptionnel-verratti-groupe-exigeant-en-ligue-des-champions-les-mots-de-luis-enrique-avant-ol-psg-20230902\" data-fig-type=\"NewsFlash\" data-gtm-custom-categorie=\"navigation\" data-gtm-custom-action=\"crossclick\" data-gtm-custom-label=\"Contextuel\" data-gtm-event=\"customEventSPE\" data-fig-domain=\"LEFIGARO\" target=\"_blank\" rel=\"noopener\">Luis Enrique<\/a>, la version la plus entendue malgr\u00e9 tout. Ce dernier n\u2019appr\u00e9ciait pas notamment l\u2019attitude hors terrain du Transalpin et voulait surtout partir sur un nouveau cycle, choix qui lui a donn\u00e9 raison avec le titre de champion d\u2019Europe glan\u00e9 cette saison.<\/p>\n<p>                                    <a class=\"fig-a11y-skip a11y-hidden\" href=\"#fig-a11y-skip-main-inarticle\"><br \/>\n        Passer la publicit\u00e9<br \/>\n    <\/a><\/p>\n<p class=\"fig-paragraph\">\u00abFaux\u00bb, r\u00e9pond Marco Verratti. \u00abIls ont \u00e9crit que j\u2019avais quitt\u00e9 le PSG parce que Luis Enrique le voulait. Faux: je vous assure que ma conversation avec Nasser (Al Khela\u00effi, pr\u00e9sident parisien) remonte \u00e0 bien plus loin, o\u00f9 je lui ai dit que je partais parce que je voulais de nouveaux d\u00e9fis. Nous sommes rest\u00e9s en tr\u00e8s bons termes, c\u2019est quelqu\u2019un de formidable.\u00bb Sur le technicien espagnol, Verratti salue, comme tout le monde, son travail. \u00abIl a cr\u00e9\u00e9 un super groupe, ils pensent beaucoup au collectif, Luis Enrique \u00e9tait brillant. Ils gagneront pendant des ann\u00e9es.\u00bb<\/p>\n<p class=\"fig-paragraph\"><strong>\u00c0 VOIR AUSSI \u2013<\/strong> Le meilleur de Marco Verratti au PSG (2012-2023)<\/p>\n<p>Verratti vend les m\u00e9rites du Qatar<\/p>\n<p class=\"fig-paragraph\">Questionn\u00e9 sur son choix d\u2019\u00e9voluer au Qatar, \u00e0 un niveau incomparable avec ce qu\u2019il a connu en Europe avec la Ligue des champions notamment, Marco Verratti apporte sa v\u00e9rit\u00e9, lui qui \u00e9marge \u00e0 plus de 2 millions d\u2019euros mensuels\u00a0: \u00abDisons simplement que j\u2019avais besoin d\u2019un nouveau d\u00e9fi, d\u2019une nouvelle motivation. Je connaissais d\u00e9j\u00e0 Doha et j\u2019ai toujours aim\u00e9 cette ville: quand l\u2019occasion s\u2019est pr\u00e9sent\u00e9e, eh bien, c\u2019\u00e9tait le choix de vie. Et j\u2019en suis heureux. Comment est le championnat? Comp\u00e9titif. L\u2019ann\u00e9e derni\u00e8re, j\u2019\u00e9tais avec une autre \u00e9quipe. Al-Duhail a termin\u00e9 deuxi\u00e8me apr\u00e8s avoir longtemps men\u00e9: l\u2019objectif est de remporter la Doha Bank Stars League.\u00bb<\/p>\n<blockquote class=\"fig-quote&#10;    \">\n<p class=\"fig-quote__text\">\u00ab \u00c0 Paris, gagner \u00e9tait devenu une \u00e9vidence: ici, j\u2019ai retrouv\u00e9 quelque chose d\u2019enfantin, la joie de gagner, comme quand on \u00e9tait enfant\u00a0\u00bb<\/p>\n<p>            Marco Verratti\n    <\/p><\/blockquote>\n<p class=\"fig-paragraph\">Au regard de son talent et de son exp\u00e9rience, l\u2019impression de g\u00e2chis est r\u00e9elle au sujet de l\u2019ancien milieu de terrain parisien, qui s\u2019est \u00e9loign\u00e9 de l\u2019Europe et ne semble plus s\u00e9duire les grosses cylindr\u00e9es. \u00abIci, si un joueur est sur le banc, il n\u2019est pas grincheux et en col\u00e8re, avoue-t-il avec le d\u00e9sir de vendre le championnat du Qatar. Ici, tout le monde sourit, l\u2019envie d\u2019\u00eatre ensemble et de jouer est primordiale. \u00c0 Paris, gagner \u00e9tait devenu une \u00e9vidence: ici, j\u2019ai retrouv\u00e9 quelque chose d\u2019enfantin, la joie de gagner, comme quand on \u00e9tait enfant. Le bonheur. \u00c0 Paris, gagner \u00e9tait devenu monotone, r\u00e9p\u00e9titif.\u00bb Une belle pirouette qui ne convaincra pas grand monde.<\/p>\n","protected":false},"excerpt":{"rendered":"L\u2019ancien milieu de terrain du club parisien, qui \u00e9volue d\u00e9sormais au Qatar, est revenu sur les conditions de&hellip;\n","protected":false},"author":2,"featured_media":284414,"comment_status":"","ping_status":"","sticky":false,"template":"","format":"standard","meta":{"footnotes":""},"categories":[1888],"tags":[1111,1928,11,1927,1777,674,1011,27,42350,11486,12,1926,626,1925,93,25],"class_list":{"0":"post-284413","1":"post","2":"type-post","3":"status-publish","4":"format-standard","5":"has-post-thumbnail","7":"category-paris","8":"tag-actu","9":"tag-actu-paris","10":"tag-actualites","11":"tag-actualites-paris","12":"tag-eu","13":"tag-europe","14":"tag-fr","15":"tag-france","16":"tag-marco-verratti","17":"tag-nasser-al-khelaifi","18":"tag-news","19":"tag-news-paris","20":"tag-paris","21":"tag-paris-news","22":"tag-psg","23":"tag-republique-francaise"},"share_on_mastodon":{"url":"https:\/\/pubeurope.com\/@fr\/114942487053824584","error":""},"_links":{"self":[{"href":"https:\/\/www.europesays.com\/fr\/wp-json\/wp\/v2\/posts\/284413","targetHints":{"allow":["GET"]}}],"collection":[{"href":"https:\/\/www.europesays.com\/fr\/wp-json\/wp\/v2\/posts"}],"about":[{"href":"https:\/\/www.europesays.com\/fr\/wp-json\/wp\/v2\/types\/post"}],"author":[{"embeddable":true,"href":"https:\/\/www.europesays.com\/fr\/wp-json\/wp\/v2\/users\/2"}],"replies":[{"embeddable":true,"href":"https:\/\/www.europesays.com\/fr\/wp-json\/wp\/v2\/comments?post=284413"}],"version-history":[{"count":0,"href":"https:\/\/www.europesays.com\/fr\/wp-json\/wp\/v2\/posts\/284413\/revisions"}],"wp:featuredmedia":[{"embeddable":true,"href":"https:\/\/www.europesays.com\/fr\/wp-json\/wp\/v2\/media\/284414"}],"wp:attachment":[{"href":"https:\/\/www.europesays.com\/fr\/wp-json\/wp\/v2\/media?parent=284413"}],"wp:term":[{"taxonomy":"category","embeddable":true,"href":"https:\/\/www.europesays.com\/fr\/wp-json\/wp\/v2\/categories?post=284413"},{"taxonomy":"post_tag","embeddable":true,"href":"https:\/\/www.europesays.com\/fr\/wp-json\/wp\/v2\/tags?post=284413"}],"curies":[{"name":"wp","href":"https:\/\/api.w.org\/{rel}","templated":true}]}}