{"id":284415,"date":"2025-07-30T13:45:12","date_gmt":"2025-07-30T13:45:12","guid":{"rendered":"https:\/\/www.europesays.com\/fr\/284415\/"},"modified":"2025-07-30T13:45:12","modified_gmt":"2025-07-30T13:45:12","slug":"je-souhaite-que-le-psg-continue-au-parc","status":"publish","type":"post","link":"https:\/\/www.europesays.com\/fr\/284415\/","title":{"rendered":"Je souhaite que le PSG continue au Parc"},"content":{"rendered":"<p>En raison de son conflit avec la Mairie de Paris, le PSG<br \/>\nenvisage de quitter le Parc des Princes. David Belliard, candidat \u00e0<br \/>\nla Mairie de Paris, a des propositions pour que le PSG reste au<br \/>\nParc.<\/p>\n<p>Afin d\u2019encore grandir, le <strong>PSG<\/strong> veut devenir<br \/>\npropri\u00e9taire de son stade. Son choix num\u00e9ro 1 \u00e9tait de racheter le<br \/>\n<strong>Parc des Princes<\/strong>. Mais la <strong>Mairie de<br \/>\nParis<\/strong> et <strong>Anne Hidalgo<\/strong> ne voulaient pas<br \/>\nentendre parler de cette possibilit\u00e9. Dans une impasse, les<br \/>\ndirigeants parisiens ont donc commenc\u00e9 \u00e0 chercher des terrains<br \/>\nailleurs pour construire son futur stade. Il y a quelques semaines,<br \/>\nil a annonc\u00e9 qu\u2019il avait arr\u00eat\u00e9 son choix sur deux villes, <a href=\"https:\/\/canal-supporters.com\/le-psg-retient-massy-et-poissy-pour-son-futur-stade\/\" title=\"\" target=\"_blank\" rel=\"noopener\">Massy et Poissy.<\/a> En 2026, les<br \/>\n\u00e9lections municipales auront lieu. <strong><a href=\"https:\/\/canal-supporters.com\/psg-hidalgo-explique-son-refus-de-vendre-le-parc-des-princes\/\" title=\"\" target=\"_blank\" rel=\"noopener\">Anne Hidalgo<\/a><\/strong> a expliqu\u00e9 qu\u2019elle ne se<br \/>\nrepr\u00e9sentera pas. <strong>David Belliard<\/strong>, candidat<br \/>\n\u00e9cologiste \u00e0 la <strong>Mairie de Paris<\/strong>, estime que pour<br \/>\nle futur du Parc des Princes, il faudrait consulter les supporters<br \/>\nsur trois options.<\/p>\n<p>A voir aussi : <a href=\"https:\/\/canal-supporters.com\/ligue-des-champions-hidalgo-mbappe-nasser-al-khelaifi-se-confie\/\" title=\"\" target=\"_blank\" rel=\"noopener\">Ligue des champions, Hidalgo, Mbapp\u00e9\u2026 Nasser al-Khela\u00effi<br \/>\nse confie<\/a><\/p>\n<p><a href=\"https:\/\/x.com\/CanalSupporters\" target=\"_blank\" rel=\"noopener\" title=\"\">canalsupporters.com<\/a><\/p>\n<p>\u00ab\u00a0On ne<br \/>\ndemande jamais leur avis aux supporters\u00a0\u00bb<\/p>\n<p>\u00ab\u00a0Je pense que <strong>Paris<\/strong> doit revenir aux<br \/>\nParisiens et aux Parisiennes, et en particulier aux supporters. On<br \/>\nne demande jamais leur avis aux supporters. C\u2019est quand m\u00eame eux<br \/>\nqui font la vie du club. Et donc, moi, ce que je souhaite, c\u2019est<br \/>\nqu\u2019on leur demande leurs avis pour savoir quel est l\u2019avenir du<br \/>\n<strong>Parc des Princes<\/strong>, lance le politicien dans<br \/>\nune interview accord\u00e9e \u00e0 <a href=\"https:\/\/x.com\/SudRadio\/status\/1950452029278552454\" target=\"_blank\" rel=\"noopener\" title=\"\">Sud Radio<\/a>. Moi, je propose de faire<br \/>\ntrois options. On vend, c\u2019est l\u2019option manifestement du club<br \/>\naujourd\u2019hui, au prix du march\u00e9 et pas \u00e0 vil prix comme cela a \u00e9t\u00e9<br \/>\npropos\u00e9 il y a quelques mois. Deuxi\u00e8me, on reste en l\u2019\u00e9tat, donc en<br \/>\nlocation, ou on co-g\u00e8re. C\u2019est-\u00e0-dire que l\u2019on met le club, les<br \/>\nsupporters, la ville de <strong>Paris<\/strong> et on co-g\u00e8re<br \/>\nl\u2019avenir du <strong>Parc des Princes<\/strong>. C\u2019est \u00e7a qu\u2019il faut<br \/>\nouvrir aujourd\u2019hui. Je vois bien que l\u2019on est en face d\u2019une<br \/>\nimpasse. Moi, ce que je souhaite, c\u2019est que le <strong>PSG<\/strong><br \/>\ncontinue de jouer \u00e0 <strong>Paris<\/strong>. Et ce que je souhaite<br \/>\naussi, c\u2019est que le <strong>Parc des Princes<\/strong> reste la<br \/>\npropri\u00e9t\u00e9 des Parisiens et des Parisiennes parce que c\u2019est un<br \/>\npatrimoine extr\u00eamement important. Si le <strong>PSG<\/strong><br \/>\npart, le <strong>Paris FC<\/strong> pourrait s\u2019y installer ?<br \/>\nPour l\u2019instant, mon option n\u2019est pas que le<br \/>\n<strong>PSG<\/strong> parte. Mon option n\u2019est pas de dire que le<br \/>\n<strong>PSG<\/strong> doit partir de <strong>Paris<\/strong>. Mon<br \/>\navis, et ce sur quoi je souhaite travailler, c\u2019est que le<br \/>\n<strong>PSG<\/strong> continue \u00e0 jouer \u00e0 <strong>Paris<\/strong> et<br \/>\nque le <strong>Parc des Princes<\/strong> continue \u00e0 rester la<br \/>\npropri\u00e9t\u00e9 des Parisiens et des Parisiennes.\u00a0\u00bb\u00a0<\/p><\/p>\n","protected":false},"excerpt":{"rendered":"En raison de son conflit avec la Mairie de Paris, le PSG envisage de quitter le Parc des&hellip;\n","protected":false},"author":2,"featured_media":284416,"comment_status":"","ping_status":"","sticky":false,"template":"","format":"standard","meta":{"footnotes":""},"categories":[1888],"tags":[1111,1928,11,1927,81,42351,787,42352,1777,674,1011,27,42353,2381,12,1926,153,2334,626,1925,91,92,93,25,2858,96],"class_list":{"0":"post-284415","1":"post","2":"type-post","3":"status-publish","4":"format-standard","5":"has-post-thumbnail","7":"category-paris","8":"tag-actu","9":"tag-actu-paris","10":"tag-actualites","11":"tag-actualites-paris","12":"tag-canal-supporters","13":"tag-candidat-a-la-mairie-de-paris","14":"tag-cs","15":"tag-david-baillard","16":"tag-eu","17":"tag-europe","18":"tag-fr","19":"tag-france","20":"tag-futur-stade","21":"tag-mairie-de-paris","22":"tag-news","23":"tag-news-paris","24":"tag-parc","25":"tag-parc-des-princes","26":"tag-paris","27":"tag-paris-news","28":"tag-paris-saint-germain","29":"tag-paris-sg","30":"tag-psg","31":"tag-republique-francaise","32":"tag-stade","33":"tag-une"},"share_on_mastodon":{"url":"https:\/\/pubeurope.com\/@fr\/114942490963623946","error":""},"_links":{"self":[{"href":"https:\/\/www.europesays.com\/fr\/wp-json\/wp\/v2\/posts\/284415","targetHints":{"allow":["GET"]}}],"collection":[{"href":"https:\/\/www.europesays.com\/fr\/wp-json\/wp\/v2\/posts"}],"about":[{"href":"https:\/\/www.europesays.com\/fr\/wp-json\/wp\/v2\/types\/post"}],"author":[{"embeddable":true,"href":"https:\/\/www.europesays.com\/fr\/wp-json\/wp\/v2\/users\/2"}],"replies":[{"embeddable":true,"href":"https:\/\/www.europesays.com\/fr\/wp-json\/wp\/v2\/comments?post=284415"}],"version-history":[{"count":0,"href":"https:\/\/www.europesays.com\/fr\/wp-json\/wp\/v2\/posts\/284415\/revisions"}],"wp:featuredmedia":[{"embeddable":true,"href":"https:\/\/www.europesays.com\/fr\/wp-json\/wp\/v2\/media\/284416"}],"wp:attachment":[{"href":"https:\/\/www.europesays.com\/fr\/wp-json\/wp\/v2\/media?parent=284415"}],"wp:term":[{"taxonomy":"category","embeddable":true,"href":"https:\/\/www.europesays.com\/fr\/wp-json\/wp\/v2\/categories?post=284415"},{"taxonomy":"post_tag","embeddable":true,"href":"https:\/\/www.europesays.com\/fr\/wp-json\/wp\/v2\/tags?post=284415"}],"curies":[{"name":"wp","href":"https:\/\/api.w.org\/{rel}","templated":true}]}}