{"id":284417,"date":"2025-07-30T13:46:11","date_gmt":"2025-07-30T13:46:11","guid":{"rendered":"https:\/\/www.europesays.com\/fr\/284417\/"},"modified":"2025-07-30T13:46:11","modified_gmt":"2025-07-30T13:46:11","slug":"paris-condamne-avec-fermete-les-propos-du-ministre-espagnol-des-transports","status":"publish","type":"post","link":"https:\/\/www.europesays.com\/fr\/284417\/","title":{"rendered":"Paris condamne \u00ab\u00a0avec fermet\u00e9\u00a0\u00bb les propos du ministre espagnol des Transports"},"content":{"rendered":"<p>Les <a target=\"_self\" href=\"https:\/\/www.lanouvellerepublique.fr\/a-la-une\/ados-juifs-francais-debarques-d-un-avion-en-espagne-vueling-accuse-de-discrimination-1753449879\" rel=\"noopener\">adolescents juifs d\u00e9barqu\u00e9s de l\u2019avion<\/a>, des \u00ab\u00a0gamins isra\u00e9liens\u00a0\u00bb. Ces propos d\u2019Oscar Puente, ministre espagnol des Transports, passent mal. \u00ab\u00a0Les ministres condamnent avec fermet\u00e9 la d\u00e9claration du ministre des Transports espagnol assimilant des enfants fran\u00e7ais de confession juive \u00e0 des citoyens isra\u00e9liens, comme si cela justifiait d\u2019une quelconque mani\u00e8re le traitement auquel ils ont \u00e9t\u00e9 expos\u00e9s\u00a0\u00bb, ont r\u00e9pondu ce mercredi 30\u00a0juillet 2025 Benjamin Haddad, ministre charg\u00e9 de l\u2019Europe, et Aurore Berg\u00e9, ministre de la lutte contre les discriminations.<\/p>\n<p>Selon plusieurs m\u00e9dias, Oscar Puente, ministre des Transports du gouvernement de gauche de Pedro Sanchez, avait publi\u00e9 vendredi sur X un post critiquant la droite et l\u2019accusant de ne pas d\u00e9fendre la compagnie a\u00e9rienne espagnole pour \u00ab\u00a0faire \u00e9quipe avec les gamins isra\u00e9liens\u00a0\u00bb. Il a supprim\u00e9 son post samedi, a pr\u00e9cis\u00e9 le journal <a target=\"_blank\" href=\"https:\/\/www.larazon.es\/espana\/oscar-puente-llama-ninatos-israelies-jovenes-expulsados-avion-vueling-memorial-holocausto-acusa-antisemitismo-b50m_2025072668850383ffbf4a1a67457504.html\" rel=\"noopener\">La Razon<\/a>.<\/p>\n<p>Les ministres d\u00e9noncent par ailleurs l\u2019action des forces de l\u2019ordre espagnoles, les accusant de brutalit\u00e9 contre une accompagnatrice des enfants. \u00ab\u00a0Aucun acte ne justifie le d\u00e9barquement et l\u2019usage excessif et brutal de la force de la Guardia Civil \u00e0 l\u2019encontre de la jeune femme, qui vient d\u2019\u00eatre notifi\u00e9e de 15 jours d\u2019ITT\u00a0\u00bb, d\u00e9noncent-ils.<\/p>\n<p>Enqu\u00eate interne \u00e0 Vueling<\/p>\n<p><a target=\"_self\" href=\"https:\/\/www.lanouvellerepublique.fr\/a-la-une\/adolescents-juifs-debarques-par-vueling-paris-demande-des-explications-a-la-compagnie-espagnole-1753540284\" rel=\"noopener\">L\u2019incident s\u2019est produit mercredi 23\u00a0juillet, dans l\u2019apr\u00e8s-midi<\/a>, lorsque ces jeunes \u00e2g\u00e9s de 12 \u00e0 15\u00a0ans et de confession juive, qui se trouvaient en Espagne depuis deux semaines, s\u2019appr\u00eataient \u00e0 d\u00e9coller de l\u2019a\u00e9roport de Valence (sud-est) \u00e0 destination de Paris-Orly. <a target=\"_blank\" href=\"https:\/\/x.com\/vueling\/status\/1949873681162752002\">Dans des communiqu\u00e9s<\/a> jeudi puis vendredi, la compagnie espagnole, qui a ouvert une enqu\u00eate interne, a imput\u00e9 cet incident aux adolescents, accus\u00e9s d\u2019avoir eu un \u00ab\u00a0comportement inappropri\u00e9\u00a0\u00bb et \u00ab\u00a0une attitude fortement conflictuelle, mettant en p\u00e9ril le bon d\u00e9roulement du vol\u00a0\u00bb.<\/p>\n<p>Vueling a pr\u00e9cis\u00e9 que \u00ab\u00a0le groupe d\u2019adolescents manipulait les \u00e9quipements de s\u00e9curit\u00e9 des passagers, ce qui repr\u00e9sentait un risque \u00e9lev\u00e9 pour l\u2019avion, les passagers et l\u2019\u00e9quipage\u00a0\u00bb. Ils ont notamment tent\u00e9, selon la compagnie, \u00ab\u00a0de prendre les gilets de sauvetage, de manipuler les masques \u00e0 oxyg\u00e8ne situ\u00e9s au plafond et de retirer le cylindre d\u2019oxyg\u00e8ne haute pression\u00a0\u00bb, ainsi que de perturber la d\u00e9monstration de s\u00e9curit\u00e9.<\/p>\n<p>Ce \u00ab\u00a0comportement inappropri\u00e9\u00a0\u00bb a continu\u00e9 \u00ab\u00a0malgr\u00e9 les avertissements de plus en plus fermes de l\u2019\u00e9quipage\u00a0\u00bb, si bien que finalement, \u00ab\u00a0le commandant s\u2019est vu contraint de demander l\u2019intervention de la Garde civile\u00a0\u00bb, a expliqu\u00e9 Vueling. \u00ab\u00a0Nous r\u00e9it\u00e9rons que le d\u00e9barquement des passagers s\u2019est fait exclusivement pour des raisons de s\u00e9curit\u00e9\u00a0\u00bb, a-t-elle soulign\u00e9.<\/p>\n<p>La colonie porte plainte<\/p>\n<p>L\u2019organisateur de la colonie a au contraire affirm\u00e9 que les adolescents avaient \u00e9t\u00e9 d\u00e9barqu\u00e9s \u00ab\u00a0sans motif valable\u00a0\u00bb. L\u2019association Club Kineret, organisatrice de la colonie de vacances, <a target=\"_self\" href=\"https:\/\/www.lanouvellerepublique.fr\/a-la-une\/une-colonie-de-vacances-depose-plainte-contre-une-compagnie-aerienne-espagnole-pour-discrimination-1753379824\" rel=\"noopener\">a annonc\u00e9 son intention de porter plainte contre le transporteur<\/a> \u00ab\u00a0pour violence physique, psychologique et discrimination sur le fondement de la religion\u00a0\u00bb.<\/p>\n<p>Les ministres fran\u00e7ais, qui ont parl\u00e9 mercredi avec l\u2019accompagnatrice, \u00ab\u00a0constatent que son t\u00e9moignage est confirm\u00e9 par d\u2019autres passagers pr\u00e9sents \u00e0 bord\u00a0\u00bb, affirment-ils. La compagnie dit \u00e9galement de son c\u00f4t\u00e9 disposer de t\u00e9moignages de passagers allant dans le sens de sa version.<\/p>\n","protected":false},"excerpt":{"rendered":"Les adolescents juifs d\u00e9barqu\u00e9s de l\u2019avion, des \u00ab\u00a0gamins isra\u00e9liens\u00a0\u00bb. Ces propos d\u2019Oscar Puente, ministre espagnol des Transports, passent&hellip;\n","protected":false},"author":2,"featured_media":284418,"comment_status":"","ping_status":"","sticky":false,"template":"","format":"standard","meta":{"footnotes":""},"categories":[1888],"tags":[328,11,37,123,1777,674,274,1011,27,329,74,12,626,11725,25,800],"class_list":{"0":"post-284417","1":"post","2":"type-post","3":"status-publish","4":"format-standard","5":"has-post-thumbnail","7":"category-paris","8":"tag-a-la-une","9":"tag-actualites","10":"tag-avion","11":"tag-espagne","12":"tag-eu","13":"tag-europe","14":"tag-faits-divers-justice","15":"tag-fr","16":"tag-france","17":"tag-france-monde","18":"tag-monde","19":"tag-news","20":"tag-paris","21":"tag-religions","22":"tag-republique-francaise","23":"tag-transports"},"share_on_mastodon":{"url":"https:\/\/pubeurope.com\/@fr\/114942494995796831","error":""},"_links":{"self":[{"href":"https:\/\/www.europesays.com\/fr\/wp-json\/wp\/v2\/posts\/284417","targetHints":{"allow":["GET"]}}],"collection":[{"href":"https:\/\/www.europesays.com\/fr\/wp-json\/wp\/v2\/posts"}],"about":[{"href":"https:\/\/www.europesays.com\/fr\/wp-json\/wp\/v2\/types\/post"}],"author":[{"embeddable":true,"href":"https:\/\/www.europesays.com\/fr\/wp-json\/wp\/v2\/users\/2"}],"replies":[{"embeddable":true,"href":"https:\/\/www.europesays.com\/fr\/wp-json\/wp\/v2\/comments?post=284417"}],"version-history":[{"count":0,"href":"https:\/\/www.europesays.com\/fr\/wp-json\/wp\/v2\/posts\/284417\/revisions"}],"wp:featuredmedia":[{"embeddable":true,"href":"https:\/\/www.europesays.com\/fr\/wp-json\/wp\/v2\/media\/284418"}],"wp:attachment":[{"href":"https:\/\/www.europesays.com\/fr\/wp-json\/wp\/v2\/media?parent=284417"}],"wp:term":[{"taxonomy":"category","embeddable":true,"href":"https:\/\/www.europesays.com\/fr\/wp-json\/wp\/v2\/categories?post=284417"},{"taxonomy":"post_tag","embeddable":true,"href":"https:\/\/www.europesays.com\/fr\/wp-json\/wp\/v2\/tags?post=284417"}],"curies":[{"name":"wp","href":"https:\/\/api.w.org\/{rel}","templated":true}]}}