{"id":284419,"date":"2025-07-30T13:47:10","date_gmt":"2025-07-30T13:47:10","guid":{"rendered":"https:\/\/www.europesays.com\/fr\/284419\/"},"modified":"2025-07-30T13:47:10","modified_gmt":"2025-07-30T13:47:10","slug":"basket-la-nba-sera-de-retour-a-paris-en-2027-et-2028","status":"publish","type":"post","link":"https:\/\/www.europesays.com\/fr\/284419\/","title":{"rendered":"Basket : la NBA sera de retour \u00e0 Paris en 2027 et 2028"},"content":{"rendered":"<p class=\"paragraph text_align_left lp-f-body-02\">Les amateurs du meilleur championnat de basket du monde sont heureux. Apr\u00e8s l\u2019immense succ\u00e8s des trois derni\u00e8res ann\u00e9es, ils pourront \u00e0 nouveau savourer \u00e0 Paris les exploits des joueurs de NBA. Pas en 2026, mais les deux ann\u00e9es suivantes.<\/p>\n<p class=\"paragraph text_align_left lp-f-body-02\">La NBA a annonc\u00e9 sur les r\u00e9seaux sociaux le programme \u00e0 venir. Deux franchises (Memphis et Orlando) seront oppos\u00e9es en janvier 2026 \u00e0 Berlin (le 15) et Londres (le 18). L<a href=\"https:\/\/www.leparisien.fr\/sports\/basket\/nba-aucune-garantie-davoir-un-match-a-paris-en-2026-22-01-2025-5AAVWAT3FZGHJDCTPAIM2JYWE4.php\" target=\"_blank\" rel=\"noreferrer noopener\">\u2019Accor Arena de Paris<\/a> sera \u00e0 nouveau sollicit\u00e9e en 2027 (comme Manchester) et 2028 (encore Berlin). <\/p>\n<p class=\"paragraph text_align_left lp-f-body-02\">\u00ab L\u2019annonce des matchs de saison r\u00e9guli\u00e8re des trois prochaines saisons en Europe refl\u00e8te l\u2019incroyable dynamisme et l\u2019engouement pour la NBA en France, en Allemagne, au Royaume-Uni et dans toute la r\u00e9gion, a expliqu\u00e9 George Aivazoglou, directeur g\u00e9n\u00e9ral de la NBA pour l\u2019Europe et le Moyen-Orient. Nous sommes impatients d\u2019accueillir les Grizzlies et le Magic \u00e0 Berlin et \u00e0 Londres, et de faire participer les fans, les joueurs et les communaut\u00e9s locales \u00e0 travers les matchs et les \u00e9v\u00e9nements qui les entourent. \u00bb<\/p>\n<p class=\"paragraph text_align_left lp-f-body-02\">La derni\u00e8re confrontation entre les Spurs de V<a href=\"https:\/\/www.leparisien.fr\/sports\/basket\/nba-cinq-minutes-pour-comprendre-lincroyable-histoire-du-maillot-de-victor-wembanyama-vendu-aux-encheres-02-03-2025-NY3AOSOD2JAGHHIE7YCFM3G6TM.php\" target=\"_blank\" rel=\"noreferrer noopener\">ictor Wembanyama <\/a>et les Indiana Pacers en janvier dernier avait \u00e9t\u00e9 <a href=\"https:\/\/www.leparisien.fr\/sports\/basket\/nba-paris-games-les-pacers-punissent-les-spurs-de-wembanyama-et-gachent-la-fete-25-01-2025-WV7PKQYL6BGXROUMCITHF3CDVU.php\" target=\"_blank\" rel=\"noreferrer noopener\">un immense succ\u00e8s populaire<\/a>, le temple des spectacles de Bercy \u00e9tant archi-comble pour chacune des deux confrontations entre les deux franchises. <\/p>\n","protected":false},"excerpt":{"rendered":"Les amateurs du meilleur championnat de basket du monde sont heureux. Apr\u00e8s l\u2019immense succ\u00e8s des trois derni\u00e8res ann\u00e9es,&hellip;\n","protected":false},"author":2,"featured_media":284420,"comment_status":"","ping_status":"","sticky":false,"template":"","format":"standard","meta":{"footnotes":""},"categories":[1888],"tags":[11,1465,1777,674,1011,27,12,626,25,60],"class_list":{"0":"post-284419","1":"post","2":"type-post","3":"status-publish","4":"format-standard","5":"has-post-thumbnail","7":"category-paris","8":"tag-actualites","9":"tag-basket","10":"tag-eu","11":"tag-europe","12":"tag-fr","13":"tag-france","14":"tag-news","15":"tag-paris","16":"tag-republique-francaise","17":"tag-sports"},"share_on_mastodon":{"url":"https:\/\/pubeurope.com\/@fr\/114942498808715945","error":""},"_links":{"self":[{"href":"https:\/\/www.europesays.com\/fr\/wp-json\/wp\/v2\/posts\/284419","targetHints":{"allow":["GET"]}}],"collection":[{"href":"https:\/\/www.europesays.com\/fr\/wp-json\/wp\/v2\/posts"}],"about":[{"href":"https:\/\/www.europesays.com\/fr\/wp-json\/wp\/v2\/types\/post"}],"author":[{"embeddable":true,"href":"https:\/\/www.europesays.com\/fr\/wp-json\/wp\/v2\/users\/2"}],"replies":[{"embeddable":true,"href":"https:\/\/www.europesays.com\/fr\/wp-json\/wp\/v2\/comments?post=284419"}],"version-history":[{"count":0,"href":"https:\/\/www.europesays.com\/fr\/wp-json\/wp\/v2\/posts\/284419\/revisions"}],"wp:featuredmedia":[{"embeddable":true,"href":"https:\/\/www.europesays.com\/fr\/wp-json\/wp\/v2\/media\/284420"}],"wp:attachment":[{"href":"https:\/\/www.europesays.com\/fr\/wp-json\/wp\/v2\/media?parent=284419"}],"wp:term":[{"taxonomy":"category","embeddable":true,"href":"https:\/\/www.europesays.com\/fr\/wp-json\/wp\/v2\/categories?post=284419"},{"taxonomy":"post_tag","embeddable":true,"href":"https:\/\/www.europesays.com\/fr\/wp-json\/wp\/v2\/tags?post=284419"}],"curies":[{"name":"wp","href":"https:\/\/api.w.org\/{rel}","templated":true}]}}