{"id":284427,"date":"2025-07-30T13:51:12","date_gmt":"2025-07-30T13:51:12","guid":{"rendered":"https:\/\/www.europesays.com\/fr\/284427\/"},"modified":"2025-07-30T13:51:12","modified_gmt":"2025-07-30T13:51:12","slug":"un-an-apres-les-emeutes-de-southport-hantent-toujours-le-royaume-uni","status":"publish","type":"post","link":"https:\/\/www.europesays.com\/fr\/284427\/","title":{"rendered":"Un an apr\u00e8s, les \u00e9meutes de Southport hantent toujours le Royaume-Uni"},"content":{"rendered":"<p>Un an apr\u00e8s Southport<\/p>\n<p>Il y a un an, l\u2019attaque sanglante perp\u00e9tr\u00e9e par Axel Rudakubana, 17 ans, dans un studio de danse de Southport a secou\u00e9 le Royaume-Uni. Le choc provoqu\u00e9 par le meurtre de trois enfants s\u2019est mu\u00e9 en \u00e9meutes, rumeurs haineuses et tensions communautaires, r\u00e9v\u00e9lant un pays fractur\u00e9 par le ressentiment, le sentiment d\u2019abandon et la col\u00e8re face \u00e0 une justice per\u00e7ue comme \u00e0 deux vitesses. Une ann\u00e9e plus tard, les plaies sont loin d\u2019\u00eatre referm\u00e9es.<\/p>\n","protected":false},"excerpt":{"rendered":"Un an apr\u00e8s Southport Il y a un an, l\u2019attaque sanglante perp\u00e9tr\u00e9e par Axel Rudakubana, 17 ans, dans&hellip;\n","protected":false},"author":2,"featured_media":284428,"comment_status":"","ping_status":"","sticky":false,"template":"","format":"standard","meta":{"footnotes":""},"categories":[1588],"tags":[11,2950,10643,1777,674,1061,1251,12,473,1853,42355,1851,1850,1852,2949],"class_list":{"0":"post-284427","1":"post","2":"type-post","3":"status-publish","4":"format-standard","5":"has-post-thumbnail","7":"category-royaume-uni","8":"tag-actualites","9":"tag-delinquance","10":"tag-emeutes","11":"tag-eu","12":"tag-europe","13":"tag-immigration","14":"tag-migrants","15":"tag-news","16":"tag-royaume-uni","17":"tag-royaume-uni-de-grande-bretagne-et-dirlande-du-nord","18":"tag-southport","19":"tag-uk","20":"tag-united-kingdom","21":"tag-united-kingdom-of-great-britain-and-northern-ireland","22":"tag-violences"},"share_on_mastodon":{"url":"https:\/\/pubeurope.com\/@fr\/114942514587910404","error":""},"_links":{"self":[{"href":"https:\/\/www.europesays.com\/fr\/wp-json\/wp\/v2\/posts\/284427","targetHints":{"allow":["GET"]}}],"collection":[{"href":"https:\/\/www.europesays.com\/fr\/wp-json\/wp\/v2\/posts"}],"about":[{"href":"https:\/\/www.europesays.com\/fr\/wp-json\/wp\/v2\/types\/post"}],"author":[{"embeddable":true,"href":"https:\/\/www.europesays.com\/fr\/wp-json\/wp\/v2\/users\/2"}],"replies":[{"embeddable":true,"href":"https:\/\/www.europesays.com\/fr\/wp-json\/wp\/v2\/comments?post=284427"}],"version-history":[{"count":0,"href":"https:\/\/www.europesays.com\/fr\/wp-json\/wp\/v2\/posts\/284427\/revisions"}],"wp:featuredmedia":[{"embeddable":true,"href":"https:\/\/www.europesays.com\/fr\/wp-json\/wp\/v2\/media\/284428"}],"wp:attachment":[{"href":"https:\/\/www.europesays.com\/fr\/wp-json\/wp\/v2\/media?parent=284427"}],"wp:term":[{"taxonomy":"category","embeddable":true,"href":"https:\/\/www.europesays.com\/fr\/wp-json\/wp\/v2\/categories?post=284427"},{"taxonomy":"post_tag","embeddable":true,"href":"https:\/\/www.europesays.com\/fr\/wp-json\/wp\/v2\/tags?post=284427"}],"curies":[{"name":"wp","href":"https:\/\/api.w.org\/{rel}","templated":true}]}}