{"id":284453,"date":"2025-07-30T14:08:13","date_gmt":"2025-07-30T14:08:13","guid":{"rendered":"https:\/\/www.europesays.com\/fr\/284453\/"},"modified":"2025-07-30T14:08:13","modified_gmt":"2025-07-30T14:08:13","slug":"les-150-oeuvres-de-paul-et-marguerite-attirent-un-large-public","status":"publish","type":"post","link":"https:\/\/www.europesays.com\/fr\/284453\/","title":{"rendered":"les 150 \u0153uvres de Paul et Marguerite attirent un large public"},"content":{"rendered":"<p class=\"article__intro\">Le mus\u00e9e S\u00e9rusier \u00e0 Ch\u00e2teauneuf-du-Faou fait le plein. Depuis son ouverture, le 21 juin, 5000 visiteurs se sont d\u00e9plac\u00e9s pour d\u00e9couvrir les \u0153uvres de l&rsquo;artiste Paul et de sa femme Marguerite, habitants de la commune. Les nombreux tableaux acquis par la ville au cours des derni\u00e8res d\u00e9cennies ont enfin trouv\u00e9 leur \u00e9crin.<\/p>\n<p>\n      L\u2019actu des r\u00e9gions\n    <\/p>\n<p>\n      Chaque jour, un tour d\u2019horizon des principales infos de toutes les r\u00e9gions.\n    <\/p>\n<p>    France T\u00e9l\u00e9visions utilise votre adresse e-mail afin de vous envoyer la newsletter \u00ab\u00a0L\u2019actu des r\u00e9gions\u00a0\u00bb. Vous pouvez vous d\u00e9sinscrire \u00e0 tout moment via le lien en bas de cette newsletter. <a target=\"_blank\" href=\"https:\/\/www.francetelevisions.fr\/groupe\/confidentialite\/politique-de-confidentialite\/politique-de-confidentialite-de-france-televisions-6503\" rel=\"nofollow noopener\">Notre politique de confidentialit\u00e9<\/a><\/p>\n<p>Les montagnes noires et la vall\u00e9e de l\u2019Aulne furent \u00e0 S\u00e9rusier ce qu\u2019\u00e9tait le massif Sainte Victoire \u00e0 C\u00e9zanne. Une source d\u2019inspiration, dop\u00e9e par une palette infinie de couleurs.<\/p>\n<p>L\u2019histoire d\u00e9marre devant l\u2019ancienne maison de Paul et Marguerite S\u00e9rusier \u00e0 Ch\u00e2teauneuf-du-Faou. Le couple la fit construire en 1906 et y v\u00e9cu 30 ans.<\/p>\n<p><strong>\u00c0 LIRE<\/strong>. <a href=\"https:\/\/france3-regions.franceinfo.fr\/bretagne\/finistere\/auto-portrait-barbe-rutilante-paul-serusier-revient-chateauneuf-du-faou-1250531.html\" rel=\"nofollow noopener\" target=\"_blank\">\u00ab\u00a0L&rsquo;autoportrait \u00e0 la barbe rutilante\u00a0\u00bb de Paul S\u00e9rusier revient \u00e0 Ch\u00e2teauneuf-du-Faou<\/a><\/p>\n<p>Entre ville et campagne, le circuit propos\u00e9 par le mus\u00e9e de Ch\u00e2teauneuf-du-Faou d\u00e9voile les lieux qui ont marqu\u00e9 la peinture des S\u00e9rusier.\u00a0 \u00a0<\/p>\n<p>\u00ab\u00a0On est all\u00e9s voir le belv\u00e9d\u00e8re, des vues sur la vall\u00e9e tr\u00e8s belles, et tr\u00e8s inspirantes pour un peintre\u00a0\u00bb constate un visiteur. \u00ab\u00a0C&rsquo;est vraiment int\u00e9ressant de voir les lieux qu&rsquo;il a fr\u00e9quent\u00e9s et de le retrouver ensuite dans ses tableaux du mus\u00e9e\u00a0\u00bb estime, quant \u00e0 elle, une autre promeneuse.<\/p>\n<p>Ces paysages couch\u00e9s sur les toiles sont accroch\u00e9s dans le mus\u00e9e flambant neuf qui rend hommage au ma\u00eetre des Nabis, Paul et \u00e0 sa femme Marguerite, longtemps rest\u00e9e dans son ombre.<\/p>\n<p>\u00ab\u00a0Moi, je ne connaissais m\u00eame pas son existence. On parle toujours de Paul S\u00e9rusier, jamais de Marguerite\u00a0\u00bb, constate une visiteuse. \u00ab\u00a0On parlait de Paul et Marguerite S\u00e9rusier, mais on ne voyait que les \u0153uvres de Paul\u00a0\u00bb\u00a0ajoute son mari.<\/p>\n<p>    dur\u00e9e de la vid\u00e9o : 00h02mn06s<\/p>\n<p>        <img decoding=\"async\" width=\"640\" height=\"426\" class=\"article-image not-lazy\" src=\"https:\/\/www.europesays.com\/fr\/wp-content\/uploads\/2025\/07\/e03508ed-43bb-4c6b-8fe7-040a771f8daa.jpg\" alt=\"\" fetchpriority=\"high\"\/><\/p>\n<p>\n          Depuis l&rsquo;ouverture du mus\u00e9e S\u00e9rusier, le 21 juin, 5000 visiteurs se sont d\u00e9plac\u00e9s pour d\u00e9couvrir les \u0153uvres des artistes Paul et Marguerite.<\/p>\n<p>        \u2022<\/p>\n<p>              \u00a9FTR\n      <\/p>\n<p>150 tableaux et dessins, propri\u00e9t\u00e9s \u00e0 80% de la municipalit\u00e9 de Ch\u00e2teauneuf qui investit depuis presque 50 ans. Un pari r\u00e9ussi. Le petit mus\u00e9e ne d\u00e9semplit pas depuis son ouverture.<\/p>\n<p>\u00ab\u00a0Les jauges sont toujours pleines, on est toujours oblig\u00e9s de refuser des gens et passer \u00e0 l&rsquo;heure suivante, comme dimanche o\u00f9 des personnes sont venues \u00e0 17h et n&rsquo;ont pas pu entrer dans le mus\u00e9e\u00a0\u00bb confirme Jason Boeuf, gardien du mus\u00e9e.<\/p>\n<p>Bien s\u00fbr, on ne verra pas ici le Talisman, joyau du mus\u00e9e d&rsquo;Orsay, peint sous la dict\u00e9e de Gauguin. Mais le public est conquis.\u00a0\u00ab\u00a0C&rsquo;est un vrai petit mus\u00e9e. Les \u0153uvres sont vraiment belles et il y a de tr\u00e8s jolis pr\u00eats en plus\u00a0\u00bb\u00a0se r\u00e9jouit une dame. \u00ab\u00a0S\u00e9rusier est moins connu que Gauguin, mais, finalement, je pense que Gauguin s&rsquo;inspirait de S\u00e9rusier par moment\u00a0\u00bb analyse tout sourire cette autre visiteuse.<\/p>\n<p><strong>\u00c0 LIRE<\/strong>. <a href=\"https:\/\/france3-regions.franceinfo.fr\/bretagne\/2013\/05\/04\/vente-aux-encheres-brest-le-serusier-ira-orsay-l-etat-preempte-246021.html\" rel=\"nofollow noopener\" target=\"_blank\">Vente aux ench\u00e8res \u00e0 Brest : le S\u00e9rusier ira \u00e0 Orsay, l&rsquo;Etat a pr\u00e9empt\u00e9<\/a><\/p>\n<p>Pi\u00e8ce ma\u00eetresse de la collection, l\u2019autoportrait \u00e0 la barbe rutilante, dernier tableau achet\u00e9 aux ench\u00e8res par la commune, est enfin expos\u00e9 au pays, 100 ans apr\u00e8s sa cr\u00e9ation.<\/p>\n<p><strong>Reportage de Claire Louet et Gwena\u00ebl Bron<\/strong><\/p>\n","protected":false},"excerpt":{"rendered":"Le mus\u00e9e S\u00e9rusier \u00e0 Ch\u00e2teauneuf-du-Faou fait le plein. Depuis son ouverture, le 21 juin, 5000 visiteurs se sont&hellip;\n","protected":false},"author":2,"featured_media":284454,"comment_status":"","ping_status":"","sticky":false,"template":"","format":"standard","meta":{"footnotes":""},"categories":[1358],"tags":[1348,1384,1385,1386,58,59,1011,27],"class_list":{"0":"post-284453","1":"post","2":"type-post","3":"status-publish","4":"format-standard","5":"has-post-thumbnail","7":"category-arts-et-design","8":"tag-arts","9":"tag-arts-and-design","10":"tag-arts-et-design","11":"tag-design","12":"tag-divertissement","13":"tag-entertainment","14":"tag-fr","15":"tag-france"},"share_on_mastodon":{"url":"https:\/\/pubeurope.com\/@fr\/114942581446096131","error":""},"_links":{"self":[{"href":"https:\/\/www.europesays.com\/fr\/wp-json\/wp\/v2\/posts\/284453","targetHints":{"allow":["GET"]}}],"collection":[{"href":"https:\/\/www.europesays.com\/fr\/wp-json\/wp\/v2\/posts"}],"about":[{"href":"https:\/\/www.europesays.com\/fr\/wp-json\/wp\/v2\/types\/post"}],"author":[{"embeddable":true,"href":"https:\/\/www.europesays.com\/fr\/wp-json\/wp\/v2\/users\/2"}],"replies":[{"embeddable":true,"href":"https:\/\/www.europesays.com\/fr\/wp-json\/wp\/v2\/comments?post=284453"}],"version-history":[{"count":0,"href":"https:\/\/www.europesays.com\/fr\/wp-json\/wp\/v2\/posts\/284453\/revisions"}],"wp:featuredmedia":[{"embeddable":true,"href":"https:\/\/www.europesays.com\/fr\/wp-json\/wp\/v2\/media\/284454"}],"wp:attachment":[{"href":"https:\/\/www.europesays.com\/fr\/wp-json\/wp\/v2\/media?parent=284453"}],"wp:term":[{"taxonomy":"category","embeddable":true,"href":"https:\/\/www.europesays.com\/fr\/wp-json\/wp\/v2\/categories?post=284453"},{"taxonomy":"post_tag","embeddable":true,"href":"https:\/\/www.europesays.com\/fr\/wp-json\/wp\/v2\/tags?post=284453"}],"curies":[{"name":"wp","href":"https:\/\/api.w.org\/{rel}","templated":true}]}}