{"id":284455,"date":"2025-07-30T14:09:17","date_gmt":"2025-07-30T14:09:17","guid":{"rendered":"https:\/\/www.europesays.com\/fr\/284455\/"},"modified":"2025-07-30T14:09:17","modified_gmt":"2025-07-30T14:09:17","slug":"un-second-livre-en-preparation-par-georges-lachenaud","status":"publish","type":"post","link":"https:\/\/www.europesays.com\/fr\/284455\/","title":{"rendered":"Un second livre en pr\u00e9paration par Georges Lachenaud"},"content":{"rendered":"<p>Georges Lachenaud a \u00e9crit un livre en 2021, \u00ab\u00a0De l\u2019Indochine au P\u00e9rigord\u00a0\u00bb, publi\u00e9 aux \u00c9ditions du Panth\u00e9on. Pour l\u2019heure, l\u2019auteur pr\u00e9pare un second ouvrage sur l\u2019Indochine, port\u00e9 sur la p\u00e9riode 1945-1946.<\/p>\n<p>Du Vietnam \u00e0 la Dordogne<\/p>\n<p>Georges Lachenaud est n\u00e9 au Vietnam en 1951. Il avait 3\u00a0ans, en 1954, \u00e0 la fin de la guerre d\u2019Indochine. En 1956, soit deux ans apr\u00e8s la d\u00e9faite fran\u00e7aise de Di\u00ean Bi\u00ean Phu et les accords de Gen\u00e8ve, toute sa famille a d\u00fb fuir Hano\u00ef [Vietnam], sous la pression du Vi\u00eat-minh, une organisation politique et paramilitaire vietnamienne<strong> <\/strong>qui combattait la pr\u00e9sence fran\u00e7aise.<\/p>\n<p>\u00c0\u00a05\u00a0ans, accompagn\u00e9 de ses cinq fr\u00e8res et s\u0153urs et de ses deux parents, Georges Lachenaud arrive en Dordogne. Il \u00e9tait \u00e9l\u00e8ve \u00e0 l\u2019\u00e9cole primaire \u00e0 Jumilhac-le-Grand, puis au lyc\u00e9e Darnet \u00e0 Saint-Yrieix-la-Perche (Haute-Vienne), avant de rejoindre l\u2019universit\u00e9 de Limoges, puis l\u2019\u00c9cole nationale de l\u2019aviation civile (Enac) \u00e0 Toulouse. L\u00e0-bas, il a obtenu un dipl\u00f4me d\u2019ing\u00e9nieur de l\u2019aviation civile en 1975. Il a d\u2019abord fait carri\u00e8re au sein de la compagnie a\u00e9rienne UTA avant de rejoindre Air France comme directeur des relations a\u00e9roportuaires et des achats de carburant. Aujourd\u2019hui, il est pr\u00e9sident de la soci\u00e9t\u00e9 de conseil LGL Partners.<\/p>\n<p>Une p\u00e9riode m\u00e9connue<\/p>\n<p>La motivation de l\u2019auteur pour son second livre se trouve dans le fait que peu de gens savent qu\u2019un accord de paix a \u00e9t\u00e9 sign\u00e9 le 6\u00a0mars 1946, entre Jean Sainteny (alors, commissaire de la R\u00e9publique pour le Tonkin et l\u2019Annam) et H\u00f4 Chi Minh (chef du gouvernement de la r\u00e9publique d\u00e9mocratique du Vietnam), qui malheureusement n\u2019a pas \u00e9t\u00e9 confirm\u00e9 par la suite du fait de l\u2019intransigeance du haut-commissaire pour l\u2019Indochine, l\u2019amiral Thierry d\u2019Argenlieu, homme lige du g\u00e9n\u00e9ral de Gaulle.<\/p>\n<p>Apr\u00e8s l\u2019\u00e9chec de la conf\u00e9rence de Fontainebleau en juillet 1946, le bombardement de Ha\u00efphong par les Fran\u00e7ais a eu lieu en novembre 1946, puis l\u2019insurrection de Vi\u00eat-minh le 21\u00a0d\u00e9cembre de la m\u00eame ann\u00e9e et le d\u00e9but de la guerre d\u2019Indochine.<\/p>\n","protected":false},"excerpt":{"rendered":"Georges Lachenaud a \u00e9crit un livre en 2021, \u00ab\u00a0De l\u2019Indochine au P\u00e9rigord\u00a0\u00bb, publi\u00e9 aux \u00c9ditions du Panth\u00e9on. Pour&hellip;\n","protected":false},"author":2,"featured_media":284456,"comment_status":"","ping_status":"","sticky":false,"template":"","format":"standard","meta":{"footnotes":""},"categories":[1357],"tags":[1379,58,59,1011,27,1380],"class_list":{"0":"post-284455","1":"post","2":"type-post","3":"status-publish","4":"format-standard","5":"has-post-thumbnail","7":"category-livres","8":"tag-books","9":"tag-divertissement","10":"tag-entertainment","11":"tag-fr","12":"tag-france","13":"tag-livres"},"share_on_mastodon":{"url":"https:\/\/pubeurope.com\/@fr\/114942585547207308","error":""},"_links":{"self":[{"href":"https:\/\/www.europesays.com\/fr\/wp-json\/wp\/v2\/posts\/284455","targetHints":{"allow":["GET"]}}],"collection":[{"href":"https:\/\/www.europesays.com\/fr\/wp-json\/wp\/v2\/posts"}],"about":[{"href":"https:\/\/www.europesays.com\/fr\/wp-json\/wp\/v2\/types\/post"}],"author":[{"embeddable":true,"href":"https:\/\/www.europesays.com\/fr\/wp-json\/wp\/v2\/users\/2"}],"replies":[{"embeddable":true,"href":"https:\/\/www.europesays.com\/fr\/wp-json\/wp\/v2\/comments?post=284455"}],"version-history":[{"count":0,"href":"https:\/\/www.europesays.com\/fr\/wp-json\/wp\/v2\/posts\/284455\/revisions"}],"wp:featuredmedia":[{"embeddable":true,"href":"https:\/\/www.europesays.com\/fr\/wp-json\/wp\/v2\/media\/284456"}],"wp:attachment":[{"href":"https:\/\/www.europesays.com\/fr\/wp-json\/wp\/v2\/media?parent=284455"}],"wp:term":[{"taxonomy":"category","embeddable":true,"href":"https:\/\/www.europesays.com\/fr\/wp-json\/wp\/v2\/categories?post=284455"},{"taxonomy":"post_tag","embeddable":true,"href":"https:\/\/www.europesays.com\/fr\/wp-json\/wp\/v2\/tags?post=284455"}],"curies":[{"name":"wp","href":"https:\/\/api.w.org\/{rel}","templated":true}]}}