{"id":284460,"date":"2025-07-30T14:12:44","date_gmt":"2025-07-30T14:12:44","guid":{"rendered":"https:\/\/www.europesays.com\/fr\/284460\/"},"modified":"2025-07-30T14:12:44","modified_gmt":"2025-07-30T14:12:44","slug":"les-salaries-des-cinemas-studio-a-tours-se-mettent-en-scene-pour-teaser-la-7e-soiree-de-lhorreur","status":"publish","type":"post","link":"https:\/\/www.europesays.com\/fr\/284460\/","title":{"rendered":"Les salari\u00e9s des cin\u00e9mas Studio \u00e0 Tours se mettent en sc\u00e8ne pour teaser la 7e Soir\u00e9e de l\u2019horreur"},"content":{"rendered":"<p>Aux beaux jours, sur les \u00e9crans des Studio, il revient\u00a0! Le petit film pour donner envie aux spectateurs du cin\u00e9ma art et essai de la rue des Ursulines d\u2019assister \u00e0 sa veill\u00e9e horrifique s\u2019immisce dans les bandes-annonces et donnent les chocottes \u00e0 plus d\u2019un cin\u00e9phile. Le teaser de la 7e\u00a0\u00e9dition de la Soir\u00e9e de l\u2019horreur, qui aura lieu vendredi 22\u00a0ao\u00fbt 2025, est donc sorti en salles et sur les r\u00e9seaux sociaux des Studio. Et \u00e7a cartonne. Car ce petit film d\u2019un peu plus d\u2019une minute est fait maison. <\/p>\n<p>Chaque ann\u00e9e depuis 2017, date de la premi\u00e8re Soir\u00e9e de l\u2019horreur, les salari\u00e9s et quelques b\u00e9n\u00e9voles se mettent dans la peau de personnages sanguinolents ou carr\u00e9ment terrifiants et se font leur propre film de genre. \u00ab\u00a0On essaie de varier les plaisirs, explique Manon Lory, salari\u00e9e des Studio charg\u00e9e des jeunes publics. Une ann\u00e9e sur deux, on essaie d\u2019\u00eatre vraiment effrayants\u00a0; l\u2019ann\u00e9e d\u2019apr\u00e8s plus soft. En 2024 par exemple, l\u2019ambiance des tueurs masqu\u00e9s dans une ferme isol\u00e9e \u00e9tait vraiment flippante&#8230;. <\/p>\n<p>    Cet article a \u00e9t\u00e9 tronqu\u00e9. Abonnez-vous pour lire l&rsquo;article complet sur notre site.<\/p>\n<p>\u00a0\u00bb<\/p>\n<p style=\"margin: 0 !important; padding: 0 !important; font-size: 12px !important;\">Cet article a \u00e9t\u00e9 tronqu\u00e9. Abonnez-vous pour lire l&rsquo;article complet.<\/p>\n<p>    <a href=\"https:\/\/www.lanouvellerepublique.fr\/abonnements\" style=\"display: inline-block; margin-top: 5px !important; padding: 6px 12px !important; background: #cb1c27; color: white; text-decoration: none; border-radius: 4px; font-size: 12px !important;\" target=\"_blank\" rel=\"noopener\"><br \/>\n      S&rsquo;abonner<br \/>\n    <\/a><\/p>\n","protected":false},"excerpt":{"rendered":"Aux beaux jours, sur les \u00e9crans des Studio, il revient\u00a0! Le petit film pour donner envie aux spectateurs&hellip;\n","protected":false},"author":2,"featured_media":284461,"comment_status":"","ping_status":"","sticky":false,"template":"","format":"standard","meta":{"footnotes":""},"categories":[1354],"tags":[1392,650,58,59,1346,1011,27,1393,1360,1390],"class_list":{"0":"post-284460","1":"post","2":"type-post","3":"status-publish","4":"format-standard","5":"has-post-thumbnail","7":"category-films","8":"tag-a-la-une-local","9":"tag-cinema","10":"tag-divertissement","11":"tag-entertainment","12":"tag-films","13":"tag-fr","14":"tag-france","15":"tag-loisirs","16":"tag-movies","17":"tag-tours"},"share_on_mastodon":{"url":"https:\/\/pubeurope.com\/@fr\/114942597174824305","error":""},"_links":{"self":[{"href":"https:\/\/www.europesays.com\/fr\/wp-json\/wp\/v2\/posts\/284460","targetHints":{"allow":["GET"]}}],"collection":[{"href":"https:\/\/www.europesays.com\/fr\/wp-json\/wp\/v2\/posts"}],"about":[{"href":"https:\/\/www.europesays.com\/fr\/wp-json\/wp\/v2\/types\/post"}],"author":[{"embeddable":true,"href":"https:\/\/www.europesays.com\/fr\/wp-json\/wp\/v2\/users\/2"}],"replies":[{"embeddable":true,"href":"https:\/\/www.europesays.com\/fr\/wp-json\/wp\/v2\/comments?post=284460"}],"version-history":[{"count":0,"href":"https:\/\/www.europesays.com\/fr\/wp-json\/wp\/v2\/posts\/284460\/revisions"}],"wp:featuredmedia":[{"embeddable":true,"href":"https:\/\/www.europesays.com\/fr\/wp-json\/wp\/v2\/media\/284461"}],"wp:attachment":[{"href":"https:\/\/www.europesays.com\/fr\/wp-json\/wp\/v2\/media?parent=284460"}],"wp:term":[{"taxonomy":"category","embeddable":true,"href":"https:\/\/www.europesays.com\/fr\/wp-json\/wp\/v2\/categories?post=284460"},{"taxonomy":"post_tag","embeddable":true,"href":"https:\/\/www.europesays.com\/fr\/wp-json\/wp\/v2\/tags?post=284460"}],"curies":[{"name":"wp","href":"https:\/\/api.w.org\/{rel}","templated":true}]}}