{"id":284491,"date":"2025-07-30T14:32:40","date_gmt":"2025-07-30T14:32:40","guid":{"rendered":"https:\/\/www.europesays.com\/fr\/284491\/"},"modified":"2025-07-30T14:32:40","modified_gmt":"2025-07-30T14:32:40","slug":"concert-inauguration-de-lorgue-de-choeur-restaure-a-rouen-places-billets-reservations","status":"publish","type":"post","link":"https:\/\/www.europesays.com\/fr\/284491\/","title":{"rendered":"Concert Inauguration de l&rsquo;orgue de choeur restaur\u00e9 \u00e0 Rouen, : places, billets, r\u00e9servations"},"content":{"rendered":"<p>\u2019\u00e9glise Saint-Vivien est r\u00e9put\u00e9e pour son grand orgue de tribune, reconstruit en 1898 dans des boiseries historiques remontant \u00e0 1515, remani\u00e9es en 1661 et agrandies en 1712. Ce fleuron du patrimoine rouennais n\u00e9cessite de tr\u00e8s importants travaux, pour le moment hors de port\u00e9e.<\/p>\n<p><a data-lightbox=\"article\" data-title=\"Inauguration de l&#039;orgue de choeur restaur\u00e9 \u00a9 FM\" class=\"image detail   position-relative d-block\" href=\"https:\/\/www.jds.fr\/medias\/image\/0-55400700-1753778086-684905-920-0-F.webp\" title=\"Inauguration de l&#039;orgue de choeur restaur\u00e9 \u00a9 FM\" rel=\"nofollow noopener\" target=\"_blank\"><br \/>\n<img decoding=\"async\" loading=\"lazy\" src=\"https:\/\/www.europesays.com\/fr\/wp-content\/uploads\/2025\/07\/0-55400700-1753778086-684905-1200-0.webp.webp\"   width=\"685\" alt=\"Inauguration de l'orgue de choeur restaur\u00e9\" class=\"border\"\/><br \/>\n\u00a9 FM<br \/>\nInauguration de l&rsquo;orgue de choeur restaur\u00e9<br \/>\n<\/a><\/p>\n<p>L\u2019orgue de ch\u0153ur a pu b\u00e9n\u00e9ficier en 2023-2024 d\u2019une restauration compl\u00e8te financ\u00e9e par la Ville de Rouen et confi\u00e9e \u00e0 la Manufacture Quentin REQUIER (Pas-de-Calais). Cet instrument charmant \u2013 l\u2019un des plus modestes de la Ville \u2013 avait \u00e9t\u00e9 construit en 1858 par un facteur d\u2019orgues et de pianos rouennais, Antoine BLANCHARD. Les travaux de 2024 ont notamment permis de reconstituer son diapason grave originel (392 Hz). L\u2019instrument dispose d\u2019un syst\u00e8me transpositeur, d\u2019un petit p\u00e9dalier en tirasse et de sept jeux manuels.<\/p>\n<p>Au cours de la m\u00eame soir\u00e9e sera pr\u00e9sent\u00e9e la console restaur\u00e9e de l\u2019orgue de ch\u0153ur de l\u2019\u00e9glise Saint-Paul, premi\u00e8re \u00e9tape du sauvetage patrimonial d\u2019un instrument historique de grande valeur.<\/p>\n<p>Son auteur en 1864 \u00e9tait Narcisse MARTIN, ancien chef d\u2019atelier des maisons parisiennes Ducroquet et Merklin.<\/p>\n<p>D\u00e9mont\u00e9 et mis \u00e0 l\u2019abri \u00e0 partir de 2016, l\u2019orgue de Saint-Paul est aujourd\u2019hui sauv\u00e9 des saccages et des infiltrations d\u2019eau qui le mena\u00e7aient. L\u2019\u00e9tat de ruine de la console a justifi\u00e9 une restauration pr\u00e9ventive, car un point de non-retour \u00e9tait imminent. Les travaux ont \u00e9t\u00e9 confi\u00e9s par la Ville de Rouen au facteur Gwennin L\u2019HARIDON (Morbihan).<\/p>\n<p>Fran\u00e7ois M\u00e9nissier a re\u00e7u pour l\u2019orgue l\u2019enseignement de Fran\u00e7oise Billiot, Bernard Lagac\u00e9, Norbert P\u00e9try, Andr\u00e9 Stricker et Louis Thiry. Il fut l\u2019heureux titulaire du grand orgue Silbermann de l\u2019\u00e9glise Saint-Thomas de Strasbourg pendant de nombreuses ann\u00e9es, avant d\u2019\u00eatre nomm\u00e9 comme professeur d\u2019orgue au Conservatoire \u00e0 Rayonnement R\u00e9gional de Rouen en 2000 et titulaire du grand orgue Clicquot de l\u2019\u00e9glise Saint-Nicolas-des-Champs \u00e0 Paris en 2005. Fran\u00e7ois M\u00e9nissier est \u00e9galement organiste du temple Saint-\u00c9loi \u00e0 Rouen et conservateur de l\u2019orgue Renaissance de Mont-Saint-Aignan (Seine-Maritime).<\/p>\n<p>Il s&rsquo;est produit dans la plupart des pays d&rsquo;Europe ou au Japon, en soliste ou comme partenaire, entre autres, de Fran\u00e7oise Masset (soprano), Vincent Li\u00e8vre-Picard (t\u00e9nor), Luc Marchal (hautbois baroque), Volny Hostiou (serpent), l\u2019Ensemble Gilles Binchois, le Ch\u0153ur de Chambre de Namur, l\u2019Ensemble Les Meslanges, l\u2019Ensemble A Sei Voci.<\/p>\n<p>Fran\u00e7ois M\u00e9nissier a depuis toujours accompagn\u00e9 son activit\u00e9 de musicien d\u2019un vif int\u00e9r\u00eat pour la conservation des instruments anciens et pour l\u2019histoire de la facture d\u2019orgues. Auteur de recherches sur la lign\u00e9e des facteurs d\u2019orgues Verschneider (XVIIIe et XIXe si\u00e8cles), de l\u2019Inventaire des Orgues de Moselle (1988-1999) et des Monographies des Orgues de Rouen initi\u00e9es en 2010, il est membre de la Commission nationale du patrimoine et de l&rsquo;architecture au Minist\u00e8re de la culture, et conseiller pour les orgues de la Ville de Rouen. Il a pr\u00e9sid\u00e9 l&rsquo;Association Aristide Cavaill\u00e9-Coll de 2017 \u00e0 2021.<\/p>\n<p>Discographie\u00a0: Bach, Boehm, Bo\u00ebly, Brahms (Diapason d\u2019Or 2004), Mendelssohn, Rheinberger, Titelouze.<\/p>\n<p class=\"font-size-30 fw-bold lh-1 mt-0 mb-4\">Je trouve les meilleures sorties dans ma ville<\/p>\n","protected":false},"excerpt":{"rendered":"\u2019\u00e9glise Saint-Vivien est r\u00e9put\u00e9e pour son grand orgue de tribune, reconstruit en 1898 dans des boiseries historiques remontant&hellip;\n","protected":false},"author":2,"featured_media":284492,"comment_status":"","ping_status":"","sticky":false,"template":"","format":"standard","meta":{"footnotes":""},"categories":[9587],"tags":[1111,11,1777,674,1011,27,12,5161,25,9590],"class_list":{"0":"post-284491","1":"post","2":"type-post","3":"status-publish","4":"format-standard","5":"has-post-thumbnail","7":"category-rouen","8":"tag-actu","9":"tag-actualites","10":"tag-eu","11":"tag-europe","12":"tag-fr","13":"tag-france","14":"tag-news","15":"tag-normandie","16":"tag-republique-francaise","17":"tag-rouen"},"share_on_mastodon":{"url":"https:\/\/pubeurope.com\/@fr\/114942675990196088","error":""},"_links":{"self":[{"href":"https:\/\/www.europesays.com\/fr\/wp-json\/wp\/v2\/posts\/284491","targetHints":{"allow":["GET"]}}],"collection":[{"href":"https:\/\/www.europesays.com\/fr\/wp-json\/wp\/v2\/posts"}],"about":[{"href":"https:\/\/www.europesays.com\/fr\/wp-json\/wp\/v2\/types\/post"}],"author":[{"embeddable":true,"href":"https:\/\/www.europesays.com\/fr\/wp-json\/wp\/v2\/users\/2"}],"replies":[{"embeddable":true,"href":"https:\/\/www.europesays.com\/fr\/wp-json\/wp\/v2\/comments?post=284491"}],"version-history":[{"count":0,"href":"https:\/\/www.europesays.com\/fr\/wp-json\/wp\/v2\/posts\/284491\/revisions"}],"wp:featuredmedia":[{"embeddable":true,"href":"https:\/\/www.europesays.com\/fr\/wp-json\/wp\/v2\/media\/284492"}],"wp:attachment":[{"href":"https:\/\/www.europesays.com\/fr\/wp-json\/wp\/v2\/media?parent=284491"}],"wp:term":[{"taxonomy":"category","embeddable":true,"href":"https:\/\/www.europesays.com\/fr\/wp-json\/wp\/v2\/categories?post=284491"},{"taxonomy":"post_tag","embeddable":true,"href":"https:\/\/www.europesays.com\/fr\/wp-json\/wp\/v2\/tags?post=284491"}],"curies":[{"name":"wp","href":"https:\/\/api.w.org\/{rel}","templated":true}]}}