{"id":284493,"date":"2025-07-30T14:33:09","date_gmt":"2025-07-30T14:33:09","guid":{"rendered":"https:\/\/www.europesays.com\/fr\/284493\/"},"modified":"2025-07-30T14:33:09","modified_gmt":"2025-07-30T14:33:09","slug":"cette-solution-contre-les-abus-fait-ses-preuves-selon-la-mairie","status":"publish","type":"post","link":"https:\/\/www.europesays.com\/fr\/284493\/","title":{"rendered":"cette solution contre les abus fait ses preuves, selon la mairie"},"content":{"rendered":"<p>            Par<br \/>\n        <strong><br \/>\n            <a href=\"https:\/\/actu.fr\/auteur\/lisa-rodrigues\" title=\"Consulter tous les articles de Lisa Rodrigues\" rel=\"nofollow noopener\" target=\"_blank\">Lisa Rodrigues<\/a><br \/>\n        <\/strong><\/p>\n<p>        Publi\u00e9 le<\/p>\n<p>            30 juil. 2025 \u00e0 16h17        <\/p>\n<p>En juillet 2024, la Ville de <a href=\"https:\/\/actu.fr\/auvergne-rhone-alpes\/grenoble_38185\" rel=\"nofollow noopener\" target=\"_blank\">Grenoble<\/a> a lanc\u00e9 une exp\u00e9rimentation pour lutter contre l\u2019habitat indigne, <a href=\"https:\/\/actu.fr\/auvergne-rhone-alpes\/grenoble_38185\/grenoble-un-permis-pour-louer-un-appartement-mis-en-place-ce-qui-va-changer_60620742.html\" rel=\"nofollow noopener\" target=\"_blank\">le permis de louer<\/a>, ou autorisation pr\u00e9alable de mise en location (APML).<\/p>\n<p class=\" wall-content\">En place dans deux quartiers \u2013 sur les <strong>quais Saint-Laurent<\/strong> et dans le secteur <strong>Gabriel-P\u00e9ri<\/strong> -, ils obligent les propri\u00e9taires \u00e0 d\u00e9montrer que leur bien ne porte pas atteinte \u00e0 salubrit\u00e9 publique ou \u00e0 la s\u00e9curit\u00e9 des occupants, avant de pouvoir les mettre en location.<\/p>\n<p class=\" wall-content\">Un an apr\u00e8s, le dispositif est un <strong>succ\u00e8s<\/strong>, se f\u00e9licite la Ville dans un communiqu\u00e9.<\/p>\n<p>345 dossiers examin\u00e9s en un an<\/p>\n<p class=\" wall-content\">Sur ces derniers mois, \u00ab\u00a0le service sant\u00e9 environnementale de la Ville a trait\u00e9 345 demandes, chiffre la mairie. 231 ont donn\u00e9 lieu \u00e0 un accord de location, 84 \u00e0 un accord sous r\u00e9serve, <br \/>et 30 ont \u00e9t\u00e9 refus\u00e9es.\u00a0\u00bb\u00a0<\/p>\n<p class=\" wall-content\">Parmi les biens \u00e9cart\u00e9s \u2013 souvent \u00e0 cause de \u00ab\u00a0d\u00e9fauts \u00e9lectriques, vestiges de peinture au plomb ou d\u2019une surface de logement insuffisante\u00a0\u00bb -, <strong>70 ont ensuite \u00e9t\u00e9 mis en conformit\u00e9<\/strong> par les propri\u00e9taires, qui ont pu d\u00e9poser une autre demande de permis de louer.\u00a0<\/p>\n<blockquote class=\"ac-article-quote wall-content\">\n<p>Le service sant\u00e9 environnementale a constat\u00e9 une am\u00e9lioration globale du parc priv\u00e9 avec des mises en conformit\u00e9 massives des logements.<\/p>\n<p>    <strong>Ville de Grenoble<\/strong>\n            <\/p><\/blockquote>\n<p class=\" wall-content\">\u00c9galement, \u00ab\u00a0le dispositif a \u00e9t\u00e9 bien compris et int\u00e9gr\u00e9 par les professionnels de l\u2019immobilier\u00a0\u00bb, souligne la mairie.<\/p>\n<p class=\" wall-content\">La majorit\u00e9 des logements concern\u00e9s par ces permis de louer restent des <strong>petites surfaces<\/strong> (studios ou T2) et sont surtout situ\u00e9s dans le quartier Gabriel-P\u00e9ri.<\/p>\n<p>\u00ab\u00a0Une garantie suppl\u00e9mentaire\u00a0\u00bb<\/p>\n<p class=\" wall-content\">Pour rappel, \u00ab\u00a0le permis doit \u00eatre obtenu avant la signature du bail de location\u00a0\u00bb et joint \u00e0 ce dernier. Il repr\u00e9sente ainsi \u00ab\u00a0une garantie suppl\u00e9mentaire de la conformit\u00e9 du logement pour les locataires\u00a0\u00bb.<\/p>\n<p class=\" wall-content\">Ce permis de louer est un dispositif de plus en plus adopt\u00e9 par les municipalit\u00e9s, y compris en Is\u00e8re comme \u00e0 <a href=\"https:\/\/actu.fr\/auvergne-rhone-alpes\/voiron_38563\" rel=\"nofollow noopener\" target=\"_blank\">Voiron<\/a>, La Tour-du-Pin, <a href=\"https:\/\/actu.fr\/auvergne-rhone-alpes\/vienne_38544\" rel=\"nofollow noopener\" target=\"_blank\">Vienne<\/a> ou Saint-Marcellin. \u00c0 Grenoble, l\u2019absence de permis ou une mise en location malgr\u00e9 un refus est passible d\u2019une amende pouvant aller <strong>jusqu\u2019\u00e0 15 000 euros<\/strong>.<\/p>\n<p class=\" wall-content\">En 2022, on estimait le nombre de logements potentiellement indignes dans la capitale des Alpes \u00e0 1 823, soit 2,6% du parc locatif priv\u00e9.<\/p>\n<p class=\" wall-content\">Suivez toute l\u2019actualit\u00e9 de vos villes et m\u00e9dias favoris en vous inscrivant \u00e0 <a href=\"https:\/\/moncompte.actu.fr\" title=\"D\u00e9couvez Mon Actu\" rel=\"nofollow noopener\" data-trk=\"{&quot;cta&quot;:{&quot;action&quot;:&quot;https:\\\/\\\/moncompte.actu.fr&quot;,&quot;category&quot;:&quot;mon compte&quot;,&quot;from&quot;:&quot;article footer&quot;,&quot;name&quot;:&quot;Mon actu&quot;,&quot;type&quot;:&quot;cta&quot;}}\" target=\"_blank\">Mon Actu<\/a>.<\/p>\n","protected":false},"excerpt":{"rendered":"Par Lisa Rodrigues Publi\u00e9 le 30 juil. 2025 \u00e0 16h17 En juillet 2024, la Ville de Grenoble a&hellip;\n","protected":false},"author":2,"featured_media":284494,"comment_status":"","ping_status":"","sticky":false,"template":"","format":"standard","meta":{"footnotes":""},"categories":[9566],"tags":[1111,11,2430,1777,674,1011,27,2731,1116,1908,12,25,104],"class_list":{"0":"post-284493","1":"post","2":"type-post","3":"status-publish","4":"format-standard","5":"has-post-thumbnail","7":"category-grenoble","8":"tag-actu","9":"tag-actualites","10":"tag-auvergne-rhone-alpes","11":"tag-eu","12":"tag-europe","13":"tag-fr","14":"tag-france","15":"tag-grenoble","16":"tag-immobilier","17":"tag-logement","18":"tag-news","19":"tag-republique-francaise","20":"tag-societe"},"share_on_mastodon":{"url":"https:\/\/pubeurope.com\/@fr\/114942679704081222","error":""},"_links":{"self":[{"href":"https:\/\/www.europesays.com\/fr\/wp-json\/wp\/v2\/posts\/284493","targetHints":{"allow":["GET"]}}],"collection":[{"href":"https:\/\/www.europesays.com\/fr\/wp-json\/wp\/v2\/posts"}],"about":[{"href":"https:\/\/www.europesays.com\/fr\/wp-json\/wp\/v2\/types\/post"}],"author":[{"embeddable":true,"href":"https:\/\/www.europesays.com\/fr\/wp-json\/wp\/v2\/users\/2"}],"replies":[{"embeddable":true,"href":"https:\/\/www.europesays.com\/fr\/wp-json\/wp\/v2\/comments?post=284493"}],"version-history":[{"count":0,"href":"https:\/\/www.europesays.com\/fr\/wp-json\/wp\/v2\/posts\/284493\/revisions"}],"wp:featuredmedia":[{"embeddable":true,"href":"https:\/\/www.europesays.com\/fr\/wp-json\/wp\/v2\/media\/284494"}],"wp:attachment":[{"href":"https:\/\/www.europesays.com\/fr\/wp-json\/wp\/v2\/media?parent=284493"}],"wp:term":[{"taxonomy":"category","embeddable":true,"href":"https:\/\/www.europesays.com\/fr\/wp-json\/wp\/v2\/categories?post=284493"},{"taxonomy":"post_tag","embeddable":true,"href":"https:\/\/www.europesays.com\/fr\/wp-json\/wp\/v2\/tags?post=284493"}],"curies":[{"name":"wp","href":"https:\/\/api.w.org\/{rel}","templated":true}]}}