{"id":284507,"date":"2025-07-30T14:41:10","date_gmt":"2025-07-30T14:41:10","guid":{"rendered":"https:\/\/www.europesays.com\/fr\/284507\/"},"modified":"2025-07-30T14:41:10","modified_gmt":"2025-07-30T14:41:10","slug":"disparu-il-y-a-8-ans-pres-de-nantes-le-chat-eclair-menait-en-fait-une-vie-de-pacha","status":"publish","type":"post","link":"https:\/\/www.europesays.com\/fr\/284507\/","title":{"rendered":"Disparu il y a 8 ans pr\u00e8s de Nantes, le chat \u00c9clair menait en fait une vie de \u00ab\u00a0pacha\u00a0\u00bb"},"content":{"rendered":"<p>            Par<br \/>\n        <strong><br \/>\n            <a href=\"https:\/\/actu.fr\/auteur\/clemence-pays02-actu-fr\" title=\"Consulter tous les articles de Cl\u00e9mence Pays\" rel=\"nofollow noopener\" target=\"_blank\">Cl\u00e9mence Pays<\/a><br \/>\n        <\/strong><\/p>\n<p>        Publi\u00e9 le<\/p>\n<p>            30 juil. 2025 \u00e0 15h40        <\/p>\n<p>\u00ab\u2009C\u2019est formidable, \u00e7a ne pouvait pas se terminer mieux que \u00e7a\u2009\u00bb, se r\u00e9jouit <strong>Isabelle.<\/strong> Fin juillet\u00a02025, <a href=\"https:\/\/actu.fr\/pays-de-la-loire\/sainte-luce-sur-loire_44172\/qui-s-en-est-occupe-ce-chat-disparu-pendant-8-ans-ressurgit-dans-sa-famille-pres-de-nantes_62946936.html\" rel=\"nofollow noopener\" target=\"_blank\">cette Luc\u00e9enne lan\u00e7ait un avis de recherche un peu particulier<\/a>. Apr\u00e8s huit ans d\u2019absence, son <strong>chat \u00c9clair<\/strong> a refait surface. En bonne sant\u00e9 et tr\u00e8s affectueux, le f\u00e9lin a retrouv\u00e9 la chaleur du foyer dans lequel il avait grandi de ses 2 mois \u00e0 6 ans. Mais une question demeurait\u2009: <strong>que lui est-il arriv\u00e9 entre\u00a02017 et\u00a02025\u2009?<\/strong><\/p>\n<p class=\" wall-content\">Persuad\u00e9e que quelqu\u2019un avait pris soin de son chat, Isabelle a tenu \u00e0 <strong>rassurer les potentiels nouveaux propri\u00e9taires<\/strong> d\u2019\u00c9clair et a donc d\u00e9cid\u00e9 de contacter plusieurs m\u00e9dias pour raconter son histoire.<\/p>\n<p class=\" wall-content\">Une solution qui s\u2019est av\u00e9r\u00e9e efficace puisque l\u2019information est remont\u00e9e jusqu\u2019aux oreilles de <strong>Greg,<\/strong> lui aussi install\u00e9 \u00e0 Sainte-Luce-sur-Loire et <strong>propri\u00e9taire d\u2019un chat disparu.<\/strong> \u00ab\u2009J\u2019ai un copain qui a vu l\u2019article et me l\u2019a montr\u00e9. J\u2019ai d\u00e9cid\u00e9 de contacter Isabelle pour la rencontrer et m\u2019assurer que c\u2019\u00e9tait bien <strong>Gazoline,<\/strong> mon chat.\u2009\u00bb<\/p>\n<p class=\" wall-content\">Sur place, le verdict est sans appel. <strong>\u00c9clair et Gazoline ne sont qu\u2019un seul et m\u00eame chat.<\/strong><\/p>\n<p>Une adresse et deux maisons vides<\/p>\n<p class=\" wall-content\">Huit ann\u00e9es auparavant, Greg a pourtant bien tent\u00e9 de <strong>retrouver les propri\u00e9taires d\u2019\u00c9clair.<\/strong> En vain.<\/p>\n<p class=\" wall-content\">Ce motard Harley-iste \u00e9tait alors d\u00e9j\u00e0 propri\u00e9taire d\u2019un chat. Dans son logement situ\u00e9 en rez-de-chauss\u00e9e donnant sur un jardin, la <strong>nourriture \u00e9tait facilement accessible<\/strong> pour le matou qui pouvait aller et venir comme bon lui semblait. Puis un jour, \u00c9clair est apparu.<\/p>\n<blockquote class=\"ac-article-quote wall-content\">\n<p>Il est venu dans le jardin, le jour m\u00eame o\u00f9 je venais de perdre mon chat. Il y avait encore des croquettes, il est venu les manger.<\/p>\n<p>    <strong>Greg<\/strong><br \/>\n        Propri\u00e9taire d&rsquo;\u00c9clair\/Gazoline    <\/p><\/blockquote>\n<p class=\" wall-content\">Le chat roux revient plus tard et ne quittera plus Greg, qui<strong> le baptise Gazoline.<\/strong> Le Luc\u00e9en d\u00e9cide de se rendre chez le v\u00e9t\u00e9rinaire qui d\u00e9couvre <strong>la puce avec l\u2019adresse d\u2019Isabelle.<\/strong><\/p>\n<p class=\" wall-content\">Greg gagne alors le lieu indiqu\u00e9. \u00ab\u2009Il y avait deux maisons closes. Dans l\u2019une d\u2019elles, une femme venait de d\u00e9c\u00e9der, la voisine m\u2019a dit que \u00e7a devait \u00eatre son chat et que les enfants ne voulaient sans doute pas le garder\u2009\u00bb, retrace Greg.<\/p>\n<p class=\" wall-content\">La seconde \u00e9tait bien celle d\u2019Isabelle, qui avait <strong>d\u00e9m\u00e9nag\u00e9<\/strong> et n\u2019occupait plus la maison.<\/p>\n<p>\u00ab\u2009Il a \u00e9t\u00e9 choy\u00e9\u2009\u00bb<\/p>\n<p class=\" wall-content\">R\u00e9solu \u00e0 ne pas laisser cette boule de poils abandonn\u00e9e, Greg le garde chez lui. \u00ab\u2009J\u2019ai tout am\u00e9nag\u00e9 pour lui, il pouvait rentrer et sortir comme il voulait. <strong>Il n\u2019\u00e9tait pas malheureux, c\u2019est un pacha. <\/strong>Il tra\u00eene m\u00eame avec d\u2019autres chats\u2009\u00bb, assure Greg.<\/p>\n<p class=\" wall-content\">Mais, le 6\u00a0juillet 2025, Gazoline ne rentre pas chez lui. \u00ab\u2009Il est tr\u00e8s affectueux et <strong>a suivi des gens,<\/strong> qui lui ont donn\u00e9 des croquettes.\u2009\u00bb Cette famille a ensuite conduit Gazoline chez le v\u00e9t\u00e9rinaire qui a lu la puce et contact\u00e9 Isabelle. \u00ab\u2009Il a \u00e9t\u00e9 choy\u00e9, \u00e7a se voit. C\u2019est un vrai pacha\u2009\u00bb, d\u00e9crit la Luc\u00e9enne.<\/p>\n<p class=\" wall-content\">Quelques semaines plus tard donc, Greg prend connaissance de l\u2019avis de recherche lanc\u00e9 par Isabelle dans la presse et la contacte. Cette <strong>rencontre entre les deux foyers<\/strong> d\u2019\u00c9clair\/Gazoline s\u2019est \u00ab\u2009tr\u00e8s bien pass\u00e9e\u2009\u00bb, confirment Greg et Isabelle.<\/p>\n<blockquote class=\"ac-article-quote wall-content\">\n<p>C&rsquo;\u00e9tait une tr\u00e8s belle rencontre. On a pris le temps de beaucoup \u00e9changer, se raconter des anecdotes avec \u00c9clair.<\/p>\n<p>    <strong>Isabelle<\/strong><br \/>\n        Propri\u00e9taire d&rsquo;\u00c9clair\/Gazoline    <\/p><\/blockquote>\n<p class=\" wall-content\">Au bout d\u2019une heure trente de conversation, la question se pose\u2009: <strong>qui va garder le f\u00e9lin\u2009?<\/strong> \u00ab\u2009La d\u00e9cision n\u2019est pas encore prise\u2009\u00bb, explique Isabelle, mais une solution semble se dessiner.<\/p>\n<p>Une garde altern\u00e9e\u2009?<\/p>\n<p class=\" wall-content\">Isabelle et sa famille vont bient\u00f4t partir en vacances, durant cette p\u00e9riode \u00c9clair va donc reprendre ses quartiers chez Greg. <strong>\u00ab\u2009On r\u00e9fl\u00e9chit \u00e0 le lui laisser\u2009\u00bb,<\/strong> confie Isabelle.<\/p>\n<blockquote class=\"ac-article-quote wall-content\">\n<p>On se remet dans notre position, il y a 8 ans. On \u00e9tait dans le manque et l&rsquo;absence d&rsquo;\u00c9clair. Aujourd&rsquo;hui, on fait preuve d&#8217;empathie pour comprendre qu&rsquo;actuellement, c&rsquo;est tr\u00e8s dur pour Greg. Il est tr\u00e8s \u00e9mu de \u00e7a.<\/p>\n<p>    <strong>Isabelle<\/strong><br \/>\n        Propri\u00e9taire d&rsquo;\u00c9clair\/Gazoline    <\/p><\/blockquote>\n<p class=\" wall-content\">D\u2019autant qu\u2019apr\u00e8s cette rencontre, Isabelle note un <strong>changement de comportement<\/strong> chez son chat. \u00ab\u2009Il n\u2019est plus pareil depuis. Il attend \u00e0 la porte\u2026\u2009\u00bb<\/p>\n<p class=\" wall-content\">La Luc\u00e9enne r\u00e9fl\u00e9chit donc \u00e0 ce qui est<strong> le mieux pour son animal<\/strong> de compagnie. \u00ab\u2009Les enfants vont partir pour leurs \u00e9tudes et on est souvent absent, donc il faudra trouver une solution de garde\u2026\u2009\u00bb Pas vraiment l\u2019id\u00e9al donc.<\/p>\n<p class=\" wall-content\">\u00ab\u2009Je suis pr\u00eat \u00e0 le r\u00e9cup\u00e9rer, confirme Greg. Nous, \u00e7a va nous convenir, mais lui, est-ce que \u00e7a va lui aller\u2009?\u2009\u00bb La bonne nouvelle, c\u2019est que Greg et Isabelle <strong>vivent \u00e0 1 kilom\u00e8tre<\/strong> l\u2019un de l\u2019autre.<\/p>\n<p class=\" wall-content\">\u00ab\u2009Si je garde Gazoline, Isabelle et sa famille pourront lui <strong>rendre visite<\/strong> sans probl\u00e8me\u2009\u00bb, affirme Greg. \u00ab\u2009On aura plaisir \u00e0 revoir \u00c9clair et Greg\u2009\u00bb, conclut Isabelle.<\/p>\n<p class=\" wall-content\">Suivez toute l\u2019actualit\u00e9 de vos villes et m\u00e9dias favoris en vous inscrivant \u00e0 <a href=\"https:\/\/moncompte.actu.fr\" title=\"D\u00e9couvez Mon Actu\" rel=\"nofollow noopener\" data-trk=\"{&quot;cta&quot;:{&quot;action&quot;:&quot;https:\\\/\\\/moncompte.actu.fr&quot;,&quot;category&quot;:&quot;mon compte&quot;,&quot;from&quot;:&quot;article footer&quot;,&quot;name&quot;:&quot;Mon actu&quot;,&quot;type&quot;:&quot;cta&quot;}}\" target=\"_blank\">Mon Actu<\/a>.<\/p>\n","protected":false},"excerpt":{"rendered":"Par Cl\u00e9mence Pays Publi\u00e9 le 30 juil. 2025 \u00e0 15h40 \u00ab\u2009C\u2019est formidable, \u00e7a ne pouvait pas se terminer&hellip;\n","protected":false},"author":2,"featured_media":284508,"comment_status":"","ping_status":"","sticky":false,"template":"","format":"standard","meta":{"footnotes":""},"categories":[2818],"tags":[1111,11,1867,7654,1777,674,1011,27,766,12,2636,25,104,240],"class_list":{"0":"post-284507","1":"post","2":"type-post","3":"status-publish","4":"format-standard","5":"has-post-thumbnail","7":"category-nantes","8":"tag-actu","9":"tag-actualites","10":"tag-animaux","11":"tag-chat","12":"tag-eu","13":"tag-europe","14":"tag-fr","15":"tag-france","16":"tag-nantes","17":"tag-news","18":"tag-pays-de-la-loire","19":"tag-republique-francaise","20":"tag-societe","21":"tag-temoignage"},"share_on_mastodon":{"url":"https:\/\/pubeurope.com\/@fr\/114942711222160740","error":""},"_links":{"self":[{"href":"https:\/\/www.europesays.com\/fr\/wp-json\/wp\/v2\/posts\/284507","targetHints":{"allow":["GET"]}}],"collection":[{"href":"https:\/\/www.europesays.com\/fr\/wp-json\/wp\/v2\/posts"}],"about":[{"href":"https:\/\/www.europesays.com\/fr\/wp-json\/wp\/v2\/types\/post"}],"author":[{"embeddable":true,"href":"https:\/\/www.europesays.com\/fr\/wp-json\/wp\/v2\/users\/2"}],"replies":[{"embeddable":true,"href":"https:\/\/www.europesays.com\/fr\/wp-json\/wp\/v2\/comments?post=284507"}],"version-history":[{"count":0,"href":"https:\/\/www.europesays.com\/fr\/wp-json\/wp\/v2\/posts\/284507\/revisions"}],"wp:featuredmedia":[{"embeddable":true,"href":"https:\/\/www.europesays.com\/fr\/wp-json\/wp\/v2\/media\/284508"}],"wp:attachment":[{"href":"https:\/\/www.europesays.com\/fr\/wp-json\/wp\/v2\/media?parent=284507"}],"wp:term":[{"taxonomy":"category","embeddable":true,"href":"https:\/\/www.europesays.com\/fr\/wp-json\/wp\/v2\/categories?post=284507"},{"taxonomy":"post_tag","embeddable":true,"href":"https:\/\/www.europesays.com\/fr\/wp-json\/wp\/v2\/tags?post=284507"}],"curies":[{"name":"wp","href":"https:\/\/api.w.org\/{rel}","templated":true}]}}