{"id":284513,"date":"2025-07-30T14:44:13","date_gmt":"2025-07-30T14:44:13","guid":{"rendered":"https:\/\/www.europesays.com\/fr\/284513\/"},"modified":"2025-07-30T14:44:13","modified_gmt":"2025-07-30T14:44:13","slug":"bordeaux-colomiers-le-11-des-girondins-de-la-premiere-mi-temps","status":"publish","type":"post","link":"https:\/\/www.europesays.com\/fr\/284513\/","title":{"rendered":"Bordeaux-Colomiers : le 11 des Girondins de la premi\u00e8re mi-temps"},"content":{"rendered":"<p><img decoding=\"async\" src=\"https:\/\/www.europesays.com\/fr\/wp-content\/uploads\/2025\/07\/671_863837160a59bd9ed8da66ea9f54a1da.png\" alt=\"Bordeaux-Colomiers : le 11 des Girondins de la premi\u00e8re mi-temps\" class=\"img-responsive mt-3\"\/><\/p>\n<p class=\"text-center mb-3\" style=\"font-size: 14px\">\u00a9 Iconsport<\/p>\n<p>L&rsquo;\u00e9quipe \u00e9voluera avec trois d\u00e9fenseurs centraux, deux milieux, des pistons, et 3 attaquants : 343.<\/p>\n<p>Le 11 bordelais : Hoekstra &#8211; Grillot &#8211; Vandenabeele &#8211; Droehnl\u00e9 &#8211; Jousselin &#8211; Trichard &#8211; Diop &#8211; Odru &#8211; Openda &#8211; Villette &#8211; Etonde<\/p>\n<p>Le coup d&rsquo;envoi est \u00e0 17h.<\/p>\n<p>La rencontre n&rsquo;est pas diffus\u00e9e en vid\u00e9o.<\/p>\n<p>\u00c0 lire &gt;&gt; <strong><a href=\"https:\/\/www.webgirondins.com\/actualite-girondins-girondins-on-ne-va-pas-tergiverser-il-faut-gagner-les-matchs-a-domicile-pour-monter-129886\" target=\"_blank\" rel=\"noopener\">On ne va pas tergiverser, il faut gagner les matchs \u00e0 domicile pour monter\u00a0\u00bb<\/a><\/strong><\/p>\n<p>Notre podcast court mercato et gardien de but :<\/p>\n<p>\u00a0<\/p>\n<p>\u00a0<\/p>\n","protected":false},"excerpt":{"rendered":"\u00a9 Iconsport L&rsquo;\u00e9quipe \u00e9voluera avec trois d\u00e9fenseurs centraux, deux milieux, des pistons, et 3 attaquants : 343. Le&hellip;\n","protected":false},"author":2,"featured_media":284514,"comment_status":"","ping_status":"","sticky":false,"template":"","format":"standard","meta":{"footnotes":""},"categories":[2817],"tags":[1111,11,1997,3211,6692,41590,3474,3985,1777,674,2823,1011,27,1987,6776,6691,3212,10433,3289,955,6774,12,2219,3051,29390,25,5426],"class_list":{"0":"post-284513","1":"post","2":"type-post","3":"status-publish","4":"format-standard","5":"has-post-thumbnail","7":"category-bordeaux","8":"tag-actu","9":"tag-actualites","10":"tag-bordeaux","11":"tag-bruno","12":"tag-clos","13":"tag-colomiers","14":"tag-decouvrez","15":"tag-depart","16":"tag-eu","17":"tag-europe","18":"tag-face","19":"tag-fr","20":"tag-france","21":"tag-girondins","22":"tag-haillan","23":"tag-huis","24":"tag-irles","25":"tag-jouent","26":"tag-leur","27":"tag-match","28":"tag-mercredi","29":"tag-news","30":"tag-nouvelle-aquitaine","31":"tag-premiere","32":"tag-preparation","33":"tag-republique-francaise","34":"tag-temps"},"share_on_mastodon":{"url":"https:\/\/pubeurope.com\/@fr\/114942723198773538","error":""},"_links":{"self":[{"href":"https:\/\/www.europesays.com\/fr\/wp-json\/wp\/v2\/posts\/284513","targetHints":{"allow":["GET"]}}],"collection":[{"href":"https:\/\/www.europesays.com\/fr\/wp-json\/wp\/v2\/posts"}],"about":[{"href":"https:\/\/www.europesays.com\/fr\/wp-json\/wp\/v2\/types\/post"}],"author":[{"embeddable":true,"href":"https:\/\/www.europesays.com\/fr\/wp-json\/wp\/v2\/users\/2"}],"replies":[{"embeddable":true,"href":"https:\/\/www.europesays.com\/fr\/wp-json\/wp\/v2\/comments?post=284513"}],"version-history":[{"count":0,"href":"https:\/\/www.europesays.com\/fr\/wp-json\/wp\/v2\/posts\/284513\/revisions"}],"wp:featuredmedia":[{"embeddable":true,"href":"https:\/\/www.europesays.com\/fr\/wp-json\/wp\/v2\/media\/284514"}],"wp:attachment":[{"href":"https:\/\/www.europesays.com\/fr\/wp-json\/wp\/v2\/media?parent=284513"}],"wp:term":[{"taxonomy":"category","embeddable":true,"href":"https:\/\/www.europesays.com\/fr\/wp-json\/wp\/v2\/categories?post=284513"},{"taxonomy":"post_tag","embeddable":true,"href":"https:\/\/www.europesays.com\/fr\/wp-json\/wp\/v2\/tags?post=284513"}],"curies":[{"name":"wp","href":"https:\/\/api.w.org\/{rel}","templated":true}]}}